{"id":4300,"date":"2016-09-12T13:21:29","date_gmt":"2016-09-12T13:21:29","guid":{"rendered":"http:\/\/www.pr-nord.de\/newsroom\/?p=4300"},"modified":"2020-05-28T09:43:43","modified_gmt":"2020-05-28T07:43:43","slug":"web-shop-fuer-garagentore","status":"publish","type":"post","link":"https:\/\/www.pr-neu.de\/newsroom\/web-shop-fuer-garagentore\/","title":{"rendered":"Web-Shop f\u00fcr Garagentore"},"content":{"rendered":"<table border=\"0\" width=\"520\" cellspacing=\"0\" cellpadding=\"0\">\n<tbody>\n<tr>\n<td><u>Teckentrup st\u00e4rkt E-Commerce: Hand in Hand mit dem Handel<\/u><\/p>\n<p><strong>Web-Shop f\u00fcr Garagentore<\/strong><\/p>\n<p><strong>Zweistufiger Vertrieb \u2013 internetgest\u00fctzt. Auf diese Formel l\u00e4sst sich die neue Absatzstrategie f\u00fcr Garagentore von Teckentrup (Verl) bringen. Mit dem vom Tor-Hersteller entwickelten Web-Shop treten Fachh\u00e4ndler als Anbieter auf. R\u00fcckgrat ist ein v\u00f6llig neu entwickelter, intuitiv bedienbarer Konfigurator, \u00fcber den Bauherren via Internet ihr Tor frei gestalten k\u00f6nnen. Der Start ist f\u00fcr Anfang 2017 anvisiert.<\/strong><\/p>\n<p>\u201eE-Commerce hat l\u00e4ngst alle Branchen erfasst. Das Web-Shop-Konzept erm\u00f6glicht es Bauherren nun, ein Garagentor am heimischen PC zu konfigurieren und bei unseren Partnern zu bestellen\u201c; betont Gesch\u00e4ftsf\u00fchrer Kai Teckentrup. Wie bisher stellen sich User online \u201eihr\u201c CarTeck-Tor zusammen \u2013 Gr\u00f6\u00dfe, Farbe und Sonderw\u00fcnsche wie Glaseinl\u00e4sse oder Lichtschranken lassen sich mit einer einfachen Eingabe oder per Click definieren. Eine Routine im Hintergrund sorgt daf\u00fcr, dass die Auswahl widerspruchsfrei bleibt.<\/p>\n<p>Das Programm ermittelt einen Angebotspreis und der Bauherr kann das Tor direkt aus dem Programm bestellen. Die Order erreicht den Partner vor Ort, der auf Wunsch die Liefer- und Einbaudetails mit dem Bauherren abstimmt. Selbstverst\u00e4ndlich kann der Bauherr jederzeit vor dem Kauf des Produktes die Ausstellung des Fachh\u00e4ndlers besuchen. F\u00fcr den Interessenten ist das Tool so einfach und bequem wie m\u00f6glich gehalten: Der Kontakt zum H\u00e4ndler ist jederzeit m\u00f6glich, die Konfiguration muss daf\u00fcr nicht beendet werden. Sobald er den Kontakt gesucht hat, steht ihm ein \u201eRundum-Sorglos-Paket\u201c zur Verf\u00fcgung, bis hin zum Aufma\u00df.<\/p>\n<p>Kai Teckentrup ist sicher, dass die Verbindung von moderner Akquise mit dem zweistufigen Vertrieb enorme Wachstumschancen bietet: \u201eSchon l\u00e4ngst stellen sich Verbraucher ein Auto online zusammen und wenden sich dann an den \u00f6rtlichen H\u00e4ndler. Das erwarten sie mehr und mehr f\u00fcr jedes Produkt. Wir bieten jetzt genau diese L\u00f6sung f\u00fcr Garagentore.\u201c<\/p>\n<p>Auf der BAU 2017 in M\u00fcnchen wird der Web-Shop erstmals der Fach\u00f6ffentlichkeit vorgestellt. Interessierte Betriebe k\u00f6nnen sich hier weitergehend informieren.<\/p>\n<hr noshade=\"noshade\" size=\"1\" \/>\n<table border=\"0\" width=\"520\" cellspacing=\"0\" cellpadding=\"0\">\n<tbody>\n<tr>\n<td valign=\"top\" width=\"380\"><a href=\"http:\/\/www.pr-neu.de\/newsroom\/wordpress\/wp-content\/uploads\/2016\/09\/16-10-Teckentrup_G.jpg\"><img loading=\"lazy\" decoding=\"async\" class=\"aligncenter size-medium wp-image-12536\" src=\"http:\/\/www.pr-neu.de\/newsroom\/wordpress\/wp-content\/uploads\/2016\/09\/16-10-Teckentrup_G-300x200.jpg\" alt=\"\" width=\"300\" height=\"200\" srcset=\"https:\/\/www.pr-neu.de\/newsroom\/wordpress\/wp-content\/uploads\/2016\/09\/16-10-Teckentrup_G-300x200.jpg 300w, https:\/\/www.pr-neu.de\/newsroom\/wordpress\/wp-content\/uploads\/2016\/09\/16-10-Teckentrup_G-1024x683.jpg 1024w, https:\/\/www.pr-neu.de\/newsroom\/wordpress\/wp-content\/uploads\/2016\/09\/16-10-Teckentrup_G-768x512.jpg 768w, https:\/\/www.pr-neu.de\/newsroom\/wordpress\/wp-content\/uploads\/2016\/09\/16-10-Teckentrup_G-1536x1024.jpg 1536w, https:\/\/www.pr-neu.de\/newsroom\/wordpress\/wp-content\/uploads\/2016\/09\/16-10-Teckentrup_G-110x73.jpg 110w, https:\/\/www.pr-neu.de\/newsroom\/wordpress\/wp-content\/uploads\/2016\/09\/16-10-Teckentrup_G-420x280.jpg 420w, https:\/\/www.pr-neu.de\/newsroom\/wordpress\/wp-content\/uploads\/2016\/09\/16-10-Teckentrup_G-645x430.jpg 645w, https:\/\/www.pr-neu.de\/newsroom\/wordpress\/wp-content\/uploads\/2016\/09\/16-10-Teckentrup_G.jpg 1795w\" sizes=\"auto, (max-width: 300px) 100vw, 300px\" \/><\/a><\/td>\n<td>\n<p align=\"left\">Kai Teckentrup: \u201eWir sehen E-Commerce als wichtige Unterst\u00fctzung des station\u00e4ren Handels.\u201c<\/p>\n<p>Bild: Teckentrup<\/td>\n<\/tr>\n<\/tbody>\n<\/table>\n<hr noshade=\"noshade\" size=\"1\" \/>\n<p>Abdruck honorarfrei, Belegexemplar erbeten<\/p>\n<table>\n<tbody>\n<tr>\n<td valign=\"top\" width=\"260\" height=\"25\"><\/td>\n<td colspan=\"3\" valign=\"top\" width=\"260\" height=\"21\"><\/td>\n<\/tr>\n<\/tbody>\n<\/table>\n<\/td>\n<\/tr>\n<\/tbody>\n<\/table>\n<table border=\"0\" width=\"500\">\n<tbody>\n<tr>\n<td><\/td>\n<\/tr>\n<\/tbody>\n<\/table>\n","protected":false},"excerpt":{"rendered":"<p>Teckentrup st\u00e4rkt E-Commerce: Hand in Hand mit dem Handel Web-Shop f\u00fcr Garagentore Zweistufiger Vertrieb \u2013 internetgest\u00fctzt. Auf diese Formel l\u00e4sst sich die neue Absatzstrategie f\u00fcr Garagentore von Teckentrup (Verl) bringen. Mit dem vom Tor-Hersteller entwickelten Web-Shop treten Fachh\u00e4ndler als Anbieter auf. R\u00fcckgrat ist ein v\u00f6llig neu entwickelter, intuitiv bedienbarer Konfigurator, \u00fcber den Bauherren via Internet [&hellip;]<\/p>\n","protected":false},"author":6,"featured_media":0,"comment_status":"closed","ping_status":"open","sticky":false,"template":"","format":"standard","meta":{"footnotes":""},"categories":[3,18],"tags":[],"class_list":["post-4300","post","type-post","status-publish","format-standard","hentry","category-kundenmeldungen","category-teckentrup"],"_links":{"self":[{"href":"https:\/\/www.pr-neu.de\/newsroom\/wp-json\/wp\/v2\/posts\/4300","targetHints":{"allow":["GET"]}}],"collection":[{"href":"https:\/\/www.pr-neu.de\/newsroom\/wp-json\/wp\/v2\/posts"}],"about":[{"href":"https:\/\/www.pr-neu.de\/newsroom\/wp-json\/wp\/v2\/types\/post"}],"author":[{"embeddable":true,"href":"https:\/\/www.pr-neu.de\/newsroom\/wp-json\/wp\/v2\/users\/6"}],"replies":[{"embeddable":true,"href":"https:\/\/www.pr-neu.de\/newsroom\/wp-json\/wp\/v2\/comments?post=4300"}],"version-history":[{"count":4,"href":"https:\/\/www.pr-neu.de\/newsroom\/wp-json\/wp\/v2\/posts\/4300\/revisions"}],"predecessor-version":[{"id":12537,"href":"https:\/\/www.pr-neu.de\/newsroom\/wp-json\/wp\/v2\/posts\/4300\/revisions\/12537"}],"wp:attachment":[{"href":"https:\/\/www.pr-neu.de\/newsroom\/wp-json\/wp\/v2\/media?parent=4300"}],"wp:term":[{"taxonomy":"category","embeddable":true,"href":"https:\/\/www.pr-neu.de\/newsroom\/wp-json\/wp\/v2\/categories?post=4300"},{"taxonomy":"post_tag","embeddable":true,"href":"https:\/\/www.pr-neu.de\/newsroom\/wp-json\/wp\/v2\/tags?post=4300"}],"curies":[{"name":"wp","href":"https:\/\/api.w.org\/{rel}","templated":true}]}}