{"id":4285,"date":"2016-09-08T09:27:41","date_gmt":"2016-09-08T09:27:41","guid":{"rendered":"http:\/\/www.pr-nord.de\/newsroom\/?p=4285"},"modified":"2020-05-28T10:02:17","modified_gmt":"2020-05-28T08:02:17","slug":"winy-maas-mvrdv-und-die-neugier-in-der-architektur","status":"publish","type":"post","link":"https:\/\/www.pr-neu.de\/newsroom\/winy-maas-mvrdv-und-die-neugier-in-der-architektur\/","title":{"rendered":"Winy Maas (MVRDV) und die Neugier in der Architektur"},"content":{"rendered":"<table border=\"0\" width=\"520\" cellspacing=\"0\" cellpadding=\"0\">\n<tbody>\n<tr>\n<td><strong>Winy Maas (MVRDV) und die Neugier in der Architektur <\/strong><\/p>\n<p>Architektur, die Funktionalit\u00e4t und \u00c4sthetik in einen pragmatisch-emotionalen Einklang bringt, pr\u00e4gt das Schaffen des niederl\u00e4ndischen Architekturb\u00fcros MVRDV. Eindrucksvolle Beispiele sind unter anderem \u201eThe Couch\u201c in Amsterdam, der Chongwenmen M-Cube in Peking oder die DNB Bank in Oslo. Winy Maas, das \u201eM\u201c von MVRDV (Maas, van Rijs, de Vries), sieht Neugier als einen der Schl\u00fcssel seiner Kreativit\u00e4t an. Er leitet neben seiner Arbeit als Architekt die Denkfabrik \u201eThe Why Factory\u201c an der TU Delft, die nach dem \u201eWarum?\u201c in der Architektur sucht und mit der Neugier spielt. Diese inspiriert die Kreativit\u00e4t, wie sie prototypisch bei der \u201eMarkthal Rotterdam\u201c deutlich wird. Glas pr\u00e4gt die Front, an den Seiten umgibt sie ein \u201eMantel\u201c aus Wohnh\u00e4usern. Innen setzt ein \u00fcberdimensionales Kunstwerk den Raum in Szene, die vielen Fenstern gew\u00e4hren den Anwohnern direkte Einblicke in die Markthalle \u2013 so hat der gewaltige Hallenbogen sozusagen eine innere und eine \u00e4u\u00dfere Fassade. Es wird ein Spiel der Enth\u00fcllung des Verborgenen, das die Avantgardisten um Winy Maas erschaffen, mit ungewohnten Blickbeziehungen, die das Innere des Geb\u00e4udes mit dem \u00c4u\u00dferen verbinden. Im ausf\u00fchrlichen Interview mit dem \u201eFassaden-Blog\u201c spricht Maas \u00fcber diese Schaffensprozesse bis hin zur Verbindung von Kultur und Architektur.<\/p>\n<p>Der Blog berichtet \u00fcber au\u00dfergew\u00f6hnliche Bauwerke und stellt f\u00fchrende Architekten in Interviews vor.<\/p>\n<hr noshade=\"noshade\" size=\"1\" \/>\n<p><em>Die Bilder d\u00fcrfen nur Online und nur mit vollst\u00e4ndiger Quellenangabe ver\u00f6ffentlicht werden.<\/em><\/p>\n<table border=\"0\" width=\"520\" cellspacing=\"0\" cellpadding=\"0\">\n<tbody>\n<tr>\n<td valign=\"top\" width=\"370\" height=\"25\"><a href=\"http:\/\/www.pr-neu.de\/newsroom\/wordpress\/wp-content\/uploads\/2016\/09\/16-05_MVRDV-Markthal_K.jpg\"><img loading=\"lazy\" decoding=\"async\" class=\"size-medium wp-image-12547\" src=\"http:\/\/www.pr-neu.de\/newsroom\/wordpress\/wp-content\/uploads\/2016\/09\/16-05_MVRDV-Markthal_K-300x200.jpg\" alt=\"\" width=\"300\" height=\"200\" srcset=\"https:\/\/www.pr-neu.de\/newsroom\/wordpress\/wp-content\/uploads\/2016\/09\/16-05_MVRDV-Markthal_K-300x200.jpg 300w, https:\/\/www.pr-neu.de\/newsroom\/wordpress\/wp-content\/uploads\/2016\/09\/16-05_MVRDV-Markthal_K-110x73.jpg 110w, https:\/\/www.pr-neu.de\/newsroom\/wordpress\/wp-content\/uploads\/2016\/09\/16-05_MVRDV-Markthal_K.jpg 360w\" sizes=\"auto, (max-width: 300px) 100vw, 300px\" \/><\/a><\/p>\n<p>&nbsp;<\/td>\n<td colspan=\"3\" valign=\"top\" height=\"21\">Markthal Rotterdam<\/p>\n<p>(Courtesy of MVRDV. Foto \u00a9 Daria Scagliola\/Stijn Brakkee)<\/td>\n<\/tr>\n<tr>\n<td valign=\"top\" width=\"370\" height=\"25\"><a href=\"http:\/\/www.pr-neu.de\/newsroom\/wordpress\/wp-content\/uploads\/2016\/09\/16-05_MVRDV_Winy_Maas_K.jpg\"><img loading=\"lazy\" decoding=\"async\" class=\"size-medium wp-image-12548\" src=\"http:\/\/www.pr-neu.de\/newsroom\/wordpress\/wp-content\/uploads\/2016\/09\/16-05_MVRDV_Winy_Maas_K-213x300.jpg\" alt=\"\" width=\"213\" height=\"300\" srcset=\"https:\/\/www.pr-neu.de\/newsroom\/wordpress\/wp-content\/uploads\/2016\/09\/16-05_MVRDV_Winy_Maas_K-213x300.jpg 213w, https:\/\/www.pr-neu.de\/newsroom\/wordpress\/wp-content\/uploads\/2016\/09\/16-05_MVRDV_Winy_Maas_K-78x110.jpg 78w, https:\/\/www.pr-neu.de\/newsroom\/wordpress\/wp-content\/uploads\/2016\/09\/16-05_MVRDV_Winy_Maas_K.jpg 255w\" sizes=\"auto, (max-width: 213px) 100vw, 213px\" \/><\/a><\/p>\n<p>&nbsp;<\/td>\n<td colspan=\"3\" valign=\"top\" height=\"21\">Winy Maas<\/p>\n<p>(Courtesy of MVRDV. Foto \u00a9 Christiaan Krouwels)<\/td>\n<\/tr>\n<\/tbody>\n<\/table>\n<hr noshade=\"noshade\" size=\"1\" \/>\n<p><em><br \/>\nDie Bilder d\u00fcrfen nur Online und nur mit vollst\u00e4ndiger Quellenangabe ver\u00f6ffentlicht werden.<\/em><\/td>\n<\/tr>\n<\/tbody>\n<\/table>\n","protected":false},"excerpt":{"rendered":"<p>Winy Maas (MVRDV) und die Neugier in der Architektur Architektur, die Funktionalit\u00e4t und \u00c4sthetik in einen pragmatisch-emotionalen Einklang bringt, pr\u00e4gt das Schaffen des niederl\u00e4ndischen Architekturb\u00fcros MVRDV. Eindrucksvolle Beispiele sind unter anderem \u201eThe Couch\u201c in Amsterdam, der Chongwenmen M-Cube in Peking oder die DNB Bank in Oslo. Winy Maas, das \u201eM\u201c von MVRDV (Maas, van Rijs, [&hellip;]<\/p>\n","protected":false},"author":6,"featured_media":0,"comment_status":"closed","ping_status":"open","sticky":false,"template":"","format":"standard","meta":{"footnotes":""},"categories":[3,15],"tags":[],"class_list":["post-4285","post","type-post","status-publish","format-standard","hentry","category-kundenmeldungen","category-sto"],"_links":{"self":[{"href":"https:\/\/www.pr-neu.de\/newsroom\/wp-json\/wp\/v2\/posts\/4285","targetHints":{"allow":["GET"]}}],"collection":[{"href":"https:\/\/www.pr-neu.de\/newsroom\/wp-json\/wp\/v2\/posts"}],"about":[{"href":"https:\/\/www.pr-neu.de\/newsroom\/wp-json\/wp\/v2\/types\/post"}],"author":[{"embeddable":true,"href":"https:\/\/www.pr-neu.de\/newsroom\/wp-json\/wp\/v2\/users\/6"}],"replies":[{"embeddable":true,"href":"https:\/\/www.pr-neu.de\/newsroom\/wp-json\/wp\/v2\/comments?post=4285"}],"version-history":[{"count":4,"href":"https:\/\/www.pr-neu.de\/newsroom\/wp-json\/wp\/v2\/posts\/4285\/revisions"}],"predecessor-version":[{"id":12549,"href":"https:\/\/www.pr-neu.de\/newsroom\/wp-json\/wp\/v2\/posts\/4285\/revisions\/12549"}],"wp:attachment":[{"href":"https:\/\/www.pr-neu.de\/newsroom\/wp-json\/wp\/v2\/media?parent=4285"}],"wp:term":[{"taxonomy":"category","embeddable":true,"href":"https:\/\/www.pr-neu.de\/newsroom\/wp-json\/wp\/v2\/categories?post=4285"},{"taxonomy":"post_tag","embeddable":true,"href":"https:\/\/www.pr-neu.de\/newsroom\/wp-json\/wp\/v2\/tags?post=4285"}],"curies":[{"name":"wp","href":"https:\/\/api.w.org\/{rel}","templated":true}]}}