{"id":428,"date":"2011-01-17T12:04:07","date_gmt":"2011-01-17T11:04:07","guid":{"rendered":"http:\/\/www.pr-nord.de\/newsroom\/?p=428"},"modified":"2020-05-28T16:25:24","modified_gmt":"2020-05-28T14:25:24","slug":"turen-fur-jedes-schutzbedurfnis","status":"publish","type":"post","link":"https:\/\/www.pr-neu.de\/newsroom\/turen-fur-jedes-schutzbedurfnis\/","title":{"rendered":"T\u00fcren f\u00fcr jedes Schutzbed\u00fcrfnis"},"content":{"rendered":"<p>Schalldicht bis 57 Dezibel, Einbruchwiderstand bis WK 4, kugelsicher auch bei einer Magnum oder wasserdicht bis 1,50 Meter Wasserh\u00f6he: Auf der BAU zeigte Teckentrup (Verl) eine erweiterte und optimierte T\u00fcren-Palette: Ganz neu sind eine beschusshemmende T\u00fcr und eine Hochwasserschutzt\u00fcr, viele Funktionst\u00fcren wurden im Detail verbessert.<\/p>\n","protected":false},"excerpt":{"rendered":"<p>Schalldicht bis 57 Dezibel, Einbruchwiderstand bis WK 4, kugelsicher auch bei einer Magnum oder wasserdicht bis 1,50 Meter Wasserh\u00f6he: Auf der BAU zeigte Teckentrup (Verl) eine erweiterte und optimierte T\u00fcren-Palette: Ganz neu sind eine beschusshemmende T\u00fcr und eine Hochwasserschutzt\u00fcr, viele Funktionst\u00fcren wurden im Detail verbessert.<\/p>\n","protected":false},"author":6,"featured_media":0,"comment_status":"closed","ping_status":"open","sticky":false,"template":"","format":"standard","meta":{"footnotes":""},"categories":[3,6,18],"tags":[73,150,264,565,577,589],"class_list":["post-428","post","type-post","status-publish","format-standard","hentry","category-kundenmeldungen","category-messen","category-teckentrup","tag-bau","tag-einbruchsschutz","tag-hochwasserschutz","tag-teckentrup","tag-tor","tag-tur"],"_links":{"self":[{"href":"https:\/\/www.pr-neu.de\/newsroom\/wp-json\/wp\/v2\/posts\/428","targetHints":{"allow":["GET"]}}],"collection":[{"href":"https:\/\/www.pr-neu.de\/newsroom\/wp-json\/wp\/v2\/posts"}],"about":[{"href":"https:\/\/www.pr-neu.de\/newsroom\/wp-json\/wp\/v2\/types\/post"}],"author":[{"embeddable":true,"href":"https:\/\/www.pr-neu.de\/newsroom\/wp-json\/wp\/v2\/users\/6"}],"replies":[{"embeddable":true,"href":"https:\/\/www.pr-neu.de\/newsroom\/wp-json\/wp\/v2\/comments?post=428"}],"version-history":[{"count":4,"href":"https:\/\/www.pr-neu.de\/newsroom\/wp-json\/wp\/v2\/posts\/428\/revisions"}],"predecessor-version":[{"id":13078,"href":"https:\/\/www.pr-neu.de\/newsroom\/wp-json\/wp\/v2\/posts\/428\/revisions\/13078"}],"wp:attachment":[{"href":"https:\/\/www.pr-neu.de\/newsroom\/wp-json\/wp\/v2\/media?parent=428"}],"wp:term":[{"taxonomy":"category","embeddable":true,"href":"https:\/\/www.pr-neu.de\/newsroom\/wp-json\/wp\/v2\/categories?post=428"},{"taxonomy":"post_tag","embeddable":true,"href":"https:\/\/www.pr-neu.de\/newsroom\/wp-json\/wp\/v2\/tags?post=428"}],"curies":[{"name":"wp","href":"https:\/\/api.w.org\/{rel}","templated":true}]}}