{"id":4241,"date":"2016-08-04T07:02:58","date_gmt":"2016-08-04T07:02:58","guid":{"rendered":"http:\/\/www.pr-nord.de\/newsroom\/?p=4241"},"modified":"2020-05-28T10:03:11","modified_gmt":"2020-05-28T08:03:11","slug":"econtrol-praesentiert-neues-steuerungskonzept-auf-der-glasstec","status":"publish","type":"post","link":"https:\/\/www.pr-neu.de\/newsroom\/econtrol-praesentiert-neues-steuerungskonzept-auf-der-glasstec\/","title":{"rendered":"EControl pr\u00e4sentiert neues Steuerungskonzept auf der Glasstec"},"content":{"rendered":"<p><span style=\"text-decoration: underline;\">EControl: Fassaden per Smartphone dimmen<\/span><\/p>\n<p><strong>Ein umfangreiches, multimediales Konzept zur Steuerung von elektrochrom-dimmbaren Gl\u00e4sern stellt EControl-Glas (Plauen) auf der diesj\u00e4hrigen \u201eGlasstec\u201c in D\u00fcsseldorf vor. Au\u00dferdem zeigt der Glas-Spezialist vom 20. bis 23. September die neueste Produktgeneration der innovativen Scheiben an ihrem Stand (Halle 11\/Stand H50). <\/strong><\/p>\n<p>Das neue Steuerungskonzept f\u00fcr das dimmbare ECONTROL -Glas erm\u00f6glicht es, Glasfassaden einfach via PC, Tablet oder Smartphone zu steuern. Die Fassade wird grafisch mit Elementen und Ansichten abgebildet, l\u00e4sst sich segmentiert bedienen und zeigt den momentanen Schaltzustand an. F\u00fcr die kundenfreundliche Serviceabwicklung und schnelle Analysen bietet ECONTROL zudem eine Fernzugriff-L\u00f6sung an. Auf der Glasstec (Halle 11\/Stand H50) zeigt der Plauener Glas-Spezialist neben Technologie, Funktionalit\u00e4t und Steuerung des neuen Moduls auch die neuste Generation seiner dimmbaren Glas-Produkte.<\/p>\n<p><strong>Schutz vor sommerlicher W\u00e4rme und Reduktion der Blendung <\/strong><\/p>\n<p>Filigrane Glasfassaden stehen f\u00fcr Offenheit und \u00c4sthetik mit hohem architektonischem Anspruch. Damit die Sonne die R\u00e4ume nicht zu stark aufheizt und direktes Licht nicht das Arbeiten erschwert, kamen bislang meist Jalousien oder Markisen zum Einsatz. EControl-Glas bietet die bessere Alternative: F\u00fcr architektonisch anspruchsvolle Geb\u00e4ude erm\u00f6glicht die elektrisch dimmbare Verglasung ein ansprechendes Fassaden-Design in vollst\u00e4ndiger Glas-Optik. Die Verschattung erfolgt im Glas, das sowohl als Zweifach- und als Dreifach-Isolierglas erh\u00e4ltlich ist, und macht so mechanische Sonnenschutz-Systeme \u00fcberfl\u00fcssig. Dimmbares Glas schafft lichtdurchflutete R\u00e4ume und erf\u00fcllt idealerweise die Anforderung an den sommerlichen W\u00e4rmeschutz: Bis zu 90 Prozent der W\u00e4rme bleiben drau\u00dfen.<\/p>\n<hr noshade=\"noshade\" size=\"1\" \/>\n<table style=\"height: 350px;\" border=\"0\" width=\"621\" cellspacing=\"0\" cellpadding=\"0\">\n<tbody>\n<tr>\n<td valign=\"top\" width=\"290\" height=\"200\"><a href=\"http:\/\/www.pr-neu.de\/newsroom\/wordpress\/wp-content\/uploads\/2016\/08\/16-07_mensa_innen_G.jpg\"><img loading=\"lazy\" decoding=\"async\" class=\"size-medium wp-image-7758\" src=\"http:\/\/www.pr-neu.de\/newsroom\/wordpress\/wp-content\/uploads\/2016\/08\/16-07_mensa_innen_G-222x300.jpg\" alt=\"\" width=\"222\" height=\"300\" srcset=\"https:\/\/www.pr-neu.de\/newsroom\/wordpress\/wp-content\/uploads\/2016\/08\/16-07_mensa_innen_G-222x300.jpg 222w, https:\/\/www.pr-neu.de\/newsroom\/wordpress\/wp-content\/uploads\/2016\/08\/16-07_mensa_innen_G-768x1036.jpg 768w, https:\/\/www.pr-neu.de\/newsroom\/wordpress\/wp-content\/uploads\/2016\/08\/16-07_mensa_innen_G-759x1024.jpg 759w, https:\/\/www.pr-neu.de\/newsroom\/wordpress\/wp-content\/uploads\/2016\/08\/16-07_mensa_innen_G-82x110.jpg 82w, https:\/\/www.pr-neu.de\/newsroom\/wordpress\/wp-content\/uploads\/2016\/08\/16-07_mensa_innen_G-311x420.jpg 311w, https:\/\/www.pr-neu.de\/newsroom\/wordpress\/wp-content\/uploads\/2016\/08\/16-07_mensa_innen_G-319x430.jpg 319w\" sizes=\"auto, (max-width: 222px) 100vw, 222px\" \/><\/a><\/td>\n<td colspan=\"3\" height=\"200\">EControl pr\u00e4sentiert auf der Glasstec sein dimmbares Glas-Sortiment samt neuem Steuerungskonzept. In der Deutsch-Spanische Grundschule in Hamburg wurde ECONTROL-Glas in der Mensa verbaut. F\u00fcr einen jederzeit freien Blick nach drau\u00dfen \u2013 und als Schutz vor aufheizenden Sonnenstrahlen, Winterk\u00e4lte sowie hart geschossenen Fu\u00dfb\u00e4llen.<\/p>\n<p>Foto: EControl-Glas<\/td>\n<\/tr>\n<\/tbody>\n<\/table>\n<hr noshade=\"noshade\" size=\"1\" \/>\n<p>Abdruck honorarfrei, Belegexemplar erbeten<\/p>\n<p><strong>R\u00fcckfragen beantwortet gern<\/strong><\/p>\n<table width=\"532\">\n<tbody>\n<tr>\n<td valign=\"top\" width=\"260\" height=\"25\"><strong>EControl-Glas<\/strong> GmbH &amp; Co. KG<br \/>\nNadine Witt<br \/>\nTel.: +49(0)3741\/14820-116<br \/>\nFax: +49(0)3741\/14820-150<br \/>\nE-Mail: <a href=\"&#x6d;&#97;i&#x6c;&#116;&#111;&#x3a;&#x70;&#114;e&#x73;&#115;e&#x40;&#x65;&#99;o&#x6e;&#116;r&#x6f;&#x6c;&#45;g&#x6c;&#97;s&#x2e;&#x64;&#101;\">&#x70;&#x72;&#101;&#115;&#115;e&#x40;&#x65;&#x63;&#111;&#110;tr&#x6f;&#x6c;&#x2d;&#103;&#108;a&#x73;&#x2e;&#x64;&#101;<\/a><\/td>\n<td colspan=\"3\" valign=\"top\" width=\"260\" height=\"21\"><\/td>\n<\/tr>\n<\/tbody>\n<\/table>\n","protected":false},"excerpt":{"rendered":"<p>EControl: Fassaden per Smartphone dimmen Ein umfangreiches, multimediales Konzept zur Steuerung von elektrochrom-dimmbaren Gl\u00e4sern stellt EControl-Glas (Plauen) auf der diesj\u00e4hrigen \u201eGlasstec\u201c in D\u00fcsseldorf vor. Au\u00dferdem zeigt der Glas-Spezialist vom 20. bis 23. September die neueste Produktgeneration der innovativen Scheiben an ihrem Stand (Halle 11\/Stand H50). Das neue Steuerungskonzept f\u00fcr das dimmbare ECONTROL -Glas erm\u00f6glicht es, [&hellip;]<\/p>\n","protected":false},"author":6,"featured_media":7758,"comment_status":"closed","ping_status":"open","sticky":false,"template":"","format":"standard","meta":{"footnotes":""},"categories":[25,3],"tags":[],"class_list":["post-4241","post","type-post","status-publish","format-standard","has-post-thumbnail","hentry","category-econtrol","category-kundenmeldungen"],"_links":{"self":[{"href":"https:\/\/www.pr-neu.de\/newsroom\/wp-json\/wp\/v2\/posts\/4241","targetHints":{"allow":["GET"]}}],"collection":[{"href":"https:\/\/www.pr-neu.de\/newsroom\/wp-json\/wp\/v2\/posts"}],"about":[{"href":"https:\/\/www.pr-neu.de\/newsroom\/wp-json\/wp\/v2\/types\/post"}],"author":[{"embeddable":true,"href":"https:\/\/www.pr-neu.de\/newsroom\/wp-json\/wp\/v2\/users\/6"}],"replies":[{"embeddable":true,"href":"https:\/\/www.pr-neu.de\/newsroom\/wp-json\/wp\/v2\/comments?post=4241"}],"version-history":[{"count":4,"href":"https:\/\/www.pr-neu.de\/newsroom\/wp-json\/wp\/v2\/posts\/4241\/revisions"}],"predecessor-version":[{"id":12550,"href":"https:\/\/www.pr-neu.de\/newsroom\/wp-json\/wp\/v2\/posts\/4241\/revisions\/12550"}],"wp:featuredmedia":[{"embeddable":true,"href":"https:\/\/www.pr-neu.de\/newsroom\/wp-json\/wp\/v2\/media\/7758"}],"wp:attachment":[{"href":"https:\/\/www.pr-neu.de\/newsroom\/wp-json\/wp\/v2\/media?parent=4241"}],"wp:term":[{"taxonomy":"category","embeddable":true,"href":"https:\/\/www.pr-neu.de\/newsroom\/wp-json\/wp\/v2\/categories?post=4241"},{"taxonomy":"post_tag","embeddable":true,"href":"https:\/\/www.pr-neu.de\/newsroom\/wp-json\/wp\/v2\/tags?post=4241"}],"curies":[{"name":"wp","href":"https:\/\/api.w.org\/{rel}","templated":true}]}}