{"id":424,"date":"2011-01-17T11:58:46","date_gmt":"2011-01-17T10:58:46","guid":{"rendered":"http:\/\/www.pr-nord.de\/newsroom\/?p=424"},"modified":"2020-05-28T16:25:35","modified_gmt":"2020-05-28T14:25:35","slug":"verbesserter-feuerschutz","status":"publish","type":"post","link":"https:\/\/www.pr-neu.de\/newsroom\/verbesserter-feuerschutz\/","title":{"rendered":"Verbesserter Feuerschutz"},"content":{"rendered":"<p>\u00c4sthetischer und leichter zu montieren, neue Zulassungen f\u00fcr den Einbau im Leichtbau: Auf der BAU zeigte der T\u00fcren- und Torespezialist Teckentrup (Verl) weiter entwickelte Feuerschutzt\u00fcren. Das Programm (T30 \/ T60 \/ T90) ist sehr variabel, so gibt es au\u00dfergew\u00f6hnlich gro\u00dfe Feuerschutzabschl\u00fcsse oder Multifunktionst\u00fcren, die neben dem Brandschutz beispielsweise auch einbruchhemmend wirken \u2013 bis zur Klasse WK 4.<\/p>\n","protected":false},"excerpt":{"rendered":"<p>\u00c4sthetischer und leichter zu montieren, neue Zulassungen f\u00fcr den Einbau im Leichtbau: Auf der BAU zeigte der T\u00fcren- und Torespezialist Teckentrup (Verl) weiter entwickelte Feuerschutzt\u00fcren. Das Programm (T30 \/ T60 \/ T90) ist sehr variabel, so gibt es au\u00dfergew\u00f6hnlich gro\u00dfe Feuerschutzabschl\u00fcsse oder Multifunktionst\u00fcren, die neben dem Brandschutz beispielsweise auch einbruchhemmend wirken \u2013 bis zur Klasse [&hellip;]<\/p>\n","protected":false},"author":6,"featured_media":0,"comment_status":"closed","ping_status":"open","sticky":false,"template":"","format":"standard","meta":{"footnotes":""},"categories":[3,6,18],"tags":[73,199,565,577,589],"class_list":["post-424","post","type-post","status-publish","format-standard","hentry","category-kundenmeldungen","category-messen","category-teckentrup","tag-bau","tag-feuerschutz","tag-teckentrup","tag-tor","tag-tur"],"_links":{"self":[{"href":"https:\/\/www.pr-neu.de\/newsroom\/wp-json\/wp\/v2\/posts\/424","targetHints":{"allow":["GET"]}}],"collection":[{"href":"https:\/\/www.pr-neu.de\/newsroom\/wp-json\/wp\/v2\/posts"}],"about":[{"href":"https:\/\/www.pr-neu.de\/newsroom\/wp-json\/wp\/v2\/types\/post"}],"author":[{"embeddable":true,"href":"https:\/\/www.pr-neu.de\/newsroom\/wp-json\/wp\/v2\/users\/6"}],"replies":[{"embeddable":true,"href":"https:\/\/www.pr-neu.de\/newsroom\/wp-json\/wp\/v2\/comments?post=424"}],"version-history":[{"count":3,"href":"https:\/\/www.pr-neu.de\/newsroom\/wp-json\/wp\/v2\/posts\/424\/revisions"}],"predecessor-version":[{"id":13079,"href":"https:\/\/www.pr-neu.de\/newsroom\/wp-json\/wp\/v2\/posts\/424\/revisions\/13079"}],"wp:attachment":[{"href":"https:\/\/www.pr-neu.de\/newsroom\/wp-json\/wp\/v2\/media?parent=424"}],"wp:term":[{"taxonomy":"category","embeddable":true,"href":"https:\/\/www.pr-neu.de\/newsroom\/wp-json\/wp\/v2\/categories?post=424"},{"taxonomy":"post_tag","embeddable":true,"href":"https:\/\/www.pr-neu.de\/newsroom\/wp-json\/wp\/v2\/tags?post=424"}],"curies":[{"name":"wp","href":"https:\/\/api.w.org\/{rel}","templated":true}]}}