{"id":4224,"date":"2016-07-28T11:42:12","date_gmt":"2016-07-28T11:42:12","guid":{"rendered":"http:\/\/www.pr-nord.de\/newsroom\/?p=4224"},"modified":"2020-05-28T10:06:17","modified_gmt":"2020-05-28T08:06:17","slug":"kleider-statt-fassadenverkleidung-hild-und-k-im-interview","status":"publish","type":"post","link":"https:\/\/www.pr-neu.de\/newsroom\/kleider-statt-fassadenverkleidung-hild-und-k-im-interview\/","title":{"rendered":"Kleider statt Fassadenverkleidung: Hild und K im Interview"},"content":{"rendered":"<table border=\"0\" width=\"520\" cellspacing=\"0\" cellpadding=\"0\">\n<tbody>\n<tr>\n<td><strong>Kleider statt Fassadenverkleidung: Hild und K im Interview<\/strong><\/p>\n<p>Das Architekturb\u00fcro Hild und K \u00fcbernimmt gerne Sanierungsaufgaben \u2013 und hat sich mit exzellenten Projekten wie dem Bikini-Haus in Berlin oder dem AGFA-Hochhaus gerade auf diesem Gebiet einen Namen gemacht. Einer der Gr\u00fcnde f\u00fcr den Erfolg ist ihre eigene Sicht auf das Sanieren. Andreas Hild: \u201eWir erleben Bauen im Bestand als eine Erweiterung unserer entwerferischen M\u00f6glichkeiten.\u201c Ebenso einzigartig ist ihre Interpretation der Fassade. Immer wieder finden die Planer neue L\u00f6sungen \u2013 durchaus im Bewusstsein, dass diese aus dem Alten erwachsen. Dazu passt der Gedanke, dass Geb\u00e4ude \u201eKleider\u201c tragen. So sind viele Fassaden von Hild und K dreidimensional und bringen mit textilen Strukturen die Idee des \u201eKleides\u201c plastisch zum Ausdruck. Beispiele sind das \u201eHaus Aggstall\u201c, dessen Au\u00dfenw\u00e4nde einem Strickmuster nachempfunden sind oder das derzeit entstehende B\u00fcro- und Wohnhausprojekt \u201eS40\u201c, welches das klassisch-klinkerverkleidete Stadthaus mit Stahlbetonelementen zu einem aufregenden Gesamtwerk kombiniert. Der plastische Ansatz reicht dann auch schon einmal bis zur Balkonuntersicht. \u201eAn verborgenen Stellen wie diesen lassen sich mit geringem Mehraufwand neue Qualit\u00e4ten und Assoziationen generieren\u201c, erkl\u00e4rt Hild. Ganz selbstverst\u00e4ndlich geh\u00f6ren auch Fassadend\u00e4mmsysteme zu ihren Architektur-Konzepten.<\/p>\n<p>Im Interview mit dem \u201e<a href=\"http:\/\/www.fassaden-blog.de\/\" target=\"_blank\" rel=\"noopener noreferrer\">Fassaden-Blog<\/a>\u201c erz\u00e4hlen Andreas Hild, Matthias Haber und Dionys Ottl vom B\u00fcro Hild und K ausf\u00fchrlich \u00fcber ihre Projekte und ihre Sicht auf Architektur.<\/p>\n<p><a href=\"http:\/\/www.fassaden-blog.de\/hild-und-k-1-interview-ein-mehr-fuer-den-standort\/\" target=\"_blank\" rel=\"noopener noreferrer\">Teil 1: Hild und K \u2013 Ein \u201cMehr\u201d f\u00fcr den Standort<\/a><br \/>\n<a href=\"http:\/\/www.fassaden-blog.de\/hild-und-k-2-interview-immer-passend-fuer-den-anlass\/\" target=\"_blank\" rel=\"noopener noreferrer\">Teil 2: Hild und K \u2013 Immer passend f\u00fcr den Anlass<\/a><\/p>\n<hr noshade=\"noshade\" size=\"1\" \/>\n<p>&nbsp;<\/p>\n<table border=\"0\" width=\"520\" cellspacing=\"0\" cellpadding=\"0\">\n<tbody>\n<tr>\n<td valign=\"top\" width=\"370\" height=\"25\"><a href=\"http:\/\/www.pr-neu.de\/newsroom\/wordpress\/wp-content\/uploads\/2016\/07\/Hild-und-K-v.l.-Dionys-Ottl-Andreas-Hild-Matthias-Haber.-Courtesy-of-Hild-und-K.-Photo-Wilfried-Dechau.jpg\"><img loading=\"lazy\" decoding=\"async\" class=\"aligncenter size-medium wp-image-12555\" src=\"http:\/\/www.pr-neu.de\/newsroom\/wordpress\/wp-content\/uploads\/2016\/07\/Hild-und-K-v.l.-Dionys-Ottl-Andreas-Hild-Matthias-Haber.-Courtesy-of-Hild-und-K.-Photo-Wilfried-Dechau-300x198.jpg\" alt=\"\" width=\"300\" height=\"198\" srcset=\"https:\/\/www.pr-neu.de\/newsroom\/wordpress\/wp-content\/uploads\/2016\/07\/Hild-und-K-v.l.-Dionys-Ottl-Andreas-Hild-Matthias-Haber.-Courtesy-of-Hild-und-K.-Photo-Wilfried-Dechau-300x198.jpg 300w, https:\/\/www.pr-neu.de\/newsroom\/wordpress\/wp-content\/uploads\/2016\/07\/Hild-und-K-v.l.-Dionys-Ottl-Andreas-Hild-Matthias-Haber.-Courtesy-of-Hild-und-K.-Photo-Wilfried-Dechau-110x73.jpg 110w, https:\/\/www.pr-neu.de\/newsroom\/wordpress\/wp-content\/uploads\/2016\/07\/Hild-und-K-v.l.-Dionys-Ottl-Andreas-Hild-Matthias-Haber.-Courtesy-of-Hild-und-K.-Photo-Wilfried-Dechau-420x277.jpg 420w, https:\/\/www.pr-neu.de\/newsroom\/wordpress\/wp-content\/uploads\/2016\/07\/Hild-und-K-v.l.-Dionys-Ottl-Andreas-Hild-Matthias-Haber.-Courtesy-of-Hild-und-K.-Photo-Wilfried-Dechau-651x430.jpg 651w, https:\/\/www.pr-neu.de\/newsroom\/wordpress\/wp-content\/uploads\/2016\/07\/Hild-und-K-v.l.-Dionys-Ottl-Andreas-Hild-Matthias-Haber.-Courtesy-of-Hild-und-K.-Photo-Wilfried-Dechau.jpg 768w\" sizes=\"auto, (max-width: 300px) 100vw, 300px\" \/><\/a><\/p>\n<p>&nbsp;<\/td>\n<td colspan=\"3\" valign=\"top\" height=\"21\">Dionys Ottl, Andreas Hild, Matthias Haber(v.l.) vom B\u00fcro Hild und K.<\/p>\n<p>[Courtesy of Hild und K. Photo \u00a9 Wilfried Dechau]<\/td>\n<\/tr>\n<\/tbody>\n<\/table>\n<hr noshade=\"noshade\" size=\"1\" \/>\n<p>Abdruck honorarfrei, Belegexemplar erbeten<\/td>\n<\/tr>\n<\/tbody>\n<\/table>\n","protected":false},"excerpt":{"rendered":"<p>Kleider statt Fassadenverkleidung: Hild und K im Interview Das Architekturb\u00fcro Hild und K \u00fcbernimmt gerne Sanierungsaufgaben \u2013 und hat sich mit exzellenten Projekten wie dem Bikini-Haus in Berlin oder dem AGFA-Hochhaus gerade auf diesem Gebiet einen Namen gemacht. Einer der Gr\u00fcnde f\u00fcr den Erfolg ist ihre eigene Sicht auf das Sanieren. Andreas Hild: \u201eWir erleben [&hellip;]<\/p>\n","protected":false},"author":6,"featured_media":0,"comment_status":"closed","ping_status":"open","sticky":false,"template":"","format":"standard","meta":{"footnotes":""},"categories":[3,15],"tags":[],"class_list":["post-4224","post","type-post","status-publish","format-standard","hentry","category-kundenmeldungen","category-sto"],"_links":{"self":[{"href":"https:\/\/www.pr-neu.de\/newsroom\/wp-json\/wp\/v2\/posts\/4224","targetHints":{"allow":["GET"]}}],"collection":[{"href":"https:\/\/www.pr-neu.de\/newsroom\/wp-json\/wp\/v2\/posts"}],"about":[{"href":"https:\/\/www.pr-neu.de\/newsroom\/wp-json\/wp\/v2\/types\/post"}],"author":[{"embeddable":true,"href":"https:\/\/www.pr-neu.de\/newsroom\/wp-json\/wp\/v2\/users\/6"}],"replies":[{"embeddable":true,"href":"https:\/\/www.pr-neu.de\/newsroom\/wp-json\/wp\/v2\/comments?post=4224"}],"version-history":[{"count":4,"href":"https:\/\/www.pr-neu.de\/newsroom\/wp-json\/wp\/v2\/posts\/4224\/revisions"}],"predecessor-version":[{"id":12556,"href":"https:\/\/www.pr-neu.de\/newsroom\/wp-json\/wp\/v2\/posts\/4224\/revisions\/12556"}],"wp:attachment":[{"href":"https:\/\/www.pr-neu.de\/newsroom\/wp-json\/wp\/v2\/media?parent=4224"}],"wp:term":[{"taxonomy":"category","embeddable":true,"href":"https:\/\/www.pr-neu.de\/newsroom\/wp-json\/wp\/v2\/categories?post=4224"},{"taxonomy":"post_tag","embeddable":true,"href":"https:\/\/www.pr-neu.de\/newsroom\/wp-json\/wp\/v2\/tags?post=4224"}],"curies":[{"name":"wp","href":"https:\/\/api.w.org\/{rel}","templated":true}]}}