{"id":4149,"date":"2016-05-25T11:52:49","date_gmt":"2016-05-25T11:52:49","guid":{"rendered":"http:\/\/www.pr-nord.de\/newsroom\/?p=4149"},"modified":"2020-05-28T10:17:14","modified_gmt":"2020-05-28T08:17:14","slug":"big-in-new-york-pittsburgh-silicon-valley","status":"publish","type":"post","link":"https:\/\/www.pr-neu.de\/newsroom\/big-in-new-york-pittsburgh-silicon-valley\/","title":{"rendered":"BIG in New York, Pittsburgh, Silicon Valley"},"content":{"rendered":"<table border=\"0\" width=\"520\" cellspacing=\"0\" cellpadding=\"0\">\n<tbody>\n<tr>\n<td><strong>BIG in New York, Pittsburgh, Silicon Valley<\/strong><\/p>\n<p>Two World Trade Center NY, Google-Zentrale im Silicon Valley, Pittsburgh \u2013 Bjarke Ingels (Bjarke Ingels Group \u2013 BIG) arbeitet aktuell an vielen hoch repr\u00e4sentativen Projekten. Jetzt berichtet Martin V\u00f6lkle, BIG-Architekt in New York, im <a href=\"http:\/\/www.fassaden-blog.de\/\" target=\"_blank\" rel=\"noopener noreferrer\">Fassaden-Blog<\/a> \u00fcber die Bauvorhaben, die kreativen Prozesse dahinter und Team-Arbeit. Beim \u201eTwo World Trade Center\u201c in New York plant das Team um V\u00f6lkle eine Verbindung aus Hoch- und Flachbau, die Moderne mit Historie verbindet \u2013 und ebenso zum Verbindungsglied zwischen den angrenzenden Vierteln wird. Es entsteht ein Geb\u00e4ude, dass sich aus verschiedenen Blickwinkeln mit unterschiedlichen Botschaften in die New Yorker Skyline einf\u00fcgt; ein Bau mit Respekt vor der Metropole und den Terroranschl\u00e4gen von 2001.<\/p>\n<p>In Pittsburgh arbeiten V\u00f6lkle und die BIG-Planer als St\u00e4dtebauer und unterst\u00fctzen den Erneuerungskurs der alten Stahlstadt: Pulsierende Aktivit\u00e4t, eine Rekonvaleszenz des historischen Ursprungs im Spannungsfeld mit einem das traditionelle Schachbrettmuster amerikanischer Gro\u00dfst\u00e4dte aufbrechenden Netz aus Park- und Weglandschaften \u2013 das sind die Kernwerte des Planungskonzepts f\u00fcr den Lower Hill District. Das Bjarke-Ingels-Team erschafft den Geist einer kommunikativen, offenen Stadt und nutzt unter anderem deren Hanglage.<\/p>\n<p>Im Interview spricht V\u00f6lkle dar\u00fcber hinaus \u00fcber die Philosophie der \u201ehedonistischen Nachhaltigkeit\u201c und die Vision f\u00fcr die neue Google-Zentrale \u2013 und scheut auch nicht den Blick auf das Arbeiten in gro\u00dfen Architekten-Teams in zehn Jahren.<\/p>\n<hr noshade=\"noshade\" size=\"1\" \/>\n<p>&nbsp;<\/p>\n<table border=\"0\" width=\"520\" cellspacing=\"0\" cellpadding=\"0\">\n<tbody>\n<tr>\n<td valign=\"top\" width=\"370\" height=\"25\"><a href=\"http:\/\/www.pr-neu.de\/newsroom\/wordpress\/wp-content\/uploads\/2016\/05\/16-04_Google_North_Bayshore_G.jpg\"><img loading=\"lazy\" decoding=\"async\" class=\"aligncenter size-medium wp-image-12573\" src=\"http:\/\/www.pr-neu.de\/newsroom\/wordpress\/wp-content\/uploads\/2016\/05\/16-04_Google_North_Bayshore_G-300x146.jpg\" alt=\"\" width=\"300\" height=\"146\" srcset=\"https:\/\/www.pr-neu.de\/newsroom\/wordpress\/wp-content\/uploads\/2016\/05\/16-04_Google_North_Bayshore_G-300x146.jpg 300w, https:\/\/www.pr-neu.de\/newsroom\/wordpress\/wp-content\/uploads\/2016\/05\/16-04_Google_North_Bayshore_G-1024x499.jpg 1024w, https:\/\/www.pr-neu.de\/newsroom\/wordpress\/wp-content\/uploads\/2016\/05\/16-04_Google_North_Bayshore_G-768x374.jpg 768w, https:\/\/www.pr-neu.de\/newsroom\/wordpress\/wp-content\/uploads\/2016\/05\/16-04_Google_North_Bayshore_G-110x54.jpg 110w, https:\/\/www.pr-neu.de\/newsroom\/wordpress\/wp-content\/uploads\/2016\/05\/16-04_Google_North_Bayshore_G-420x205.jpg 420w, https:\/\/www.pr-neu.de\/newsroom\/wordpress\/wp-content\/uploads\/2016\/05\/16-04_Google_North_Bayshore_G-770x375.jpg 770w, https:\/\/www.pr-neu.de\/newsroom\/wordpress\/wp-content\/uploads\/2016\/05\/16-04_Google_North_Bayshore_G.jpg 1100w\" sizes=\"auto, (max-width: 300px) 100vw, 300px\" \/><\/a><\/p>\n<p>&nbsp;<\/td>\n<td colspan=\"3\" valign=\"top\" height=\"21\">Zukunftsweisender Entwurf f\u00fcr die neue Google-Zentrale<\/p>\n<p>Bild: \u00a9 Google \/ BIG \/ Heatherwick Studio<\/p>\n<p>&nbsp;<\/p>\n<p>&nbsp;<\/td>\n<\/tr>\n<tr>\n<td valign=\"top\" width=\"370\" height=\"25\"><a href=\"http:\/\/www.pr-neu.de\/newsroom\/wordpress\/wp-content\/uploads\/2016\/05\/16-04-WTC_Terraces_Image_by_DBOX_G.jpg\"><img loading=\"lazy\" decoding=\"async\" class=\"size-medium wp-image-12574\" src=\"http:\/\/www.pr-neu.de\/newsroom\/wordpress\/wp-content\/uploads\/2016\/05\/16-04-WTC_Terraces_Image_by_DBOX_G-233x300.jpg\" alt=\"\" width=\"233\" height=\"300\" srcset=\"https:\/\/www.pr-neu.de\/newsroom\/wordpress\/wp-content\/uploads\/2016\/05\/16-04-WTC_Terraces_Image_by_DBOX_G-233x300.jpg 233w, https:\/\/www.pr-neu.de\/newsroom\/wordpress\/wp-content\/uploads\/2016\/05\/16-04-WTC_Terraces_Image_by_DBOX_G-85x110.jpg 85w, https:\/\/www.pr-neu.de\/newsroom\/wordpress\/wp-content\/uploads\/2016\/05\/16-04-WTC_Terraces_Image_by_DBOX_G-326x420.jpg 326w, https:\/\/www.pr-neu.de\/newsroom\/wordpress\/wp-content\/uploads\/2016\/05\/16-04-WTC_Terraces_Image_by_DBOX_G-334x430.jpg 334w, https:\/\/www.pr-neu.de\/newsroom\/wordpress\/wp-content\/uploads\/2016\/05\/16-04-WTC_Terraces_Image_by_DBOX_G.jpg 700w\" sizes=\"auto, (max-width: 233px) 100vw, 233px\" \/><\/a><\/p>\n<p>&nbsp;<\/td>\n<td colspan=\"3\" valign=\"top\" height=\"21\">BIG in Ney York: Der beeindruckende Entwurf f\u00fcr das \u201eTwo World Center\u201c.<\/p>\n<p>Bild: \u00a9 DBOX \/ BIG<\/p>\n<p>&nbsp;<\/td>\n<\/tr>\n<tr>\n<td valign=\"top\" width=\"370\" height=\"25\"><a href=\"http:\/\/www.pr-neu.de\/newsroom\/wordpress\/wp-content\/uploads\/2016\/05\/16-04_Martin_Voelkle_G.jpg\"><img loading=\"lazy\" decoding=\"async\" class=\"aligncenter size-medium wp-image-12576\" src=\"http:\/\/www.pr-neu.de\/newsroom\/wordpress\/wp-content\/uploads\/2016\/05\/16-04_Martin_Voelkle_G-221x300.jpg\" alt=\"\" width=\"221\" height=\"300\" srcset=\"https:\/\/www.pr-neu.de\/newsroom\/wordpress\/wp-content\/uploads\/2016\/05\/16-04_Martin_Voelkle_G-221x300.jpg 221w, https:\/\/www.pr-neu.de\/newsroom\/wordpress\/wp-content\/uploads\/2016\/05\/16-04_Martin_Voelkle_G-754x1024.jpg 754w, https:\/\/www.pr-neu.de\/newsroom\/wordpress\/wp-content\/uploads\/2016\/05\/16-04_Martin_Voelkle_G-768x1043.jpg 768w, https:\/\/www.pr-neu.de\/newsroom\/wordpress\/wp-content\/uploads\/2016\/05\/16-04_Martin_Voelkle_G-81x110.jpg 81w, https:\/\/www.pr-neu.de\/newsroom\/wordpress\/wp-content\/uploads\/2016\/05\/16-04_Martin_Voelkle_G-309x420.jpg 309w, https:\/\/www.pr-neu.de\/newsroom\/wordpress\/wp-content\/uploads\/2016\/05\/16-04_Martin_Voelkle_G-316x430.jpg 316w, https:\/\/www.pr-neu.de\/newsroom\/wordpress\/wp-content\/uploads\/2016\/05\/16-04_Martin_Voelkle_G.jpg 1104w\" sizes=\"auto, (max-width: 221px) 100vw, 221px\" \/><\/a><\/p>\n<p>&nbsp;<\/td>\n<td colspan=\"3\" valign=\"top\" height=\"21\">Martin V\u00f6lkle<\/p>\n<p>Bild: BIG<\/p>\n<p>&nbsp;<\/p>\n<p>&nbsp;<\/td>\n<\/tr>\n<\/tbody>\n<\/table>\n<hr noshade=\"noshade\" size=\"1\" \/>\n<p>Abdruck honorarfrei, Belegexemplar erbeten<\/td>\n<\/tr>\n<\/tbody>\n<\/table>\n","protected":false},"excerpt":{"rendered":"<p>BIG in New York, Pittsburgh, Silicon Valley Two World Trade Center NY, Google-Zentrale im Silicon Valley, Pittsburgh \u2013 Bjarke Ingels (Bjarke Ingels Group \u2013 BIG) arbeitet aktuell an vielen hoch repr\u00e4sentativen Projekten. Jetzt berichtet Martin V\u00f6lkle, BIG-Architekt in New York, im Fassaden-Blog \u00fcber die Bauvorhaben, die kreativen Prozesse dahinter und Team-Arbeit. Beim \u201eTwo World Trade [&hellip;]<\/p>\n","protected":false},"author":6,"featured_media":0,"comment_status":"closed","ping_status":"open","sticky":false,"template":"","format":"standard","meta":{"footnotes":""},"categories":[3,15],"tags":[],"class_list":["post-4149","post","type-post","status-publish","format-standard","hentry","category-kundenmeldungen","category-sto"],"_links":{"self":[{"href":"https:\/\/www.pr-neu.de\/newsroom\/wp-json\/wp\/v2\/posts\/4149","targetHints":{"allow":["GET"]}}],"collection":[{"href":"https:\/\/www.pr-neu.de\/newsroom\/wp-json\/wp\/v2\/posts"}],"about":[{"href":"https:\/\/www.pr-neu.de\/newsroom\/wp-json\/wp\/v2\/types\/post"}],"author":[{"embeddable":true,"href":"https:\/\/www.pr-neu.de\/newsroom\/wp-json\/wp\/v2\/users\/6"}],"replies":[{"embeddable":true,"href":"https:\/\/www.pr-neu.de\/newsroom\/wp-json\/wp\/v2\/comments?post=4149"}],"version-history":[{"count":5,"href":"https:\/\/www.pr-neu.de\/newsroom\/wp-json\/wp\/v2\/posts\/4149\/revisions"}],"predecessor-version":[{"id":12577,"href":"https:\/\/www.pr-neu.de\/newsroom\/wp-json\/wp\/v2\/posts\/4149\/revisions\/12577"}],"wp:attachment":[{"href":"https:\/\/www.pr-neu.de\/newsroom\/wp-json\/wp\/v2\/media?parent=4149"}],"wp:term":[{"taxonomy":"category","embeddable":true,"href":"https:\/\/www.pr-neu.de\/newsroom\/wp-json\/wp\/v2\/categories?post=4149"},{"taxonomy":"post_tag","embeddable":true,"href":"https:\/\/www.pr-neu.de\/newsroom\/wp-json\/wp\/v2\/tags?post=4149"}],"curies":[{"name":"wp","href":"https:\/\/api.w.org\/{rel}","templated":true}]}}