{"id":4141,"date":"2016-05-18T12:22:14","date_gmt":"2016-05-18T12:22:14","guid":{"rendered":"http:\/\/www.pr-nord.de\/newsroom\/?p=4141"},"modified":"2020-05-28T10:18:13","modified_gmt":"2020-05-28T08:18:13","slug":"econtrol-glas-erweitert-geschaeftsfuehrung","status":"publish","type":"post","link":"https:\/\/www.pr-neu.de\/newsroom\/econtrol-glas-erweitert-geschaeftsfuehrung\/","title":{"rendered":"EControl-Glas erweitert Gesch\u00e4ftsf\u00fchrung"},"content":{"rendered":"<p><u>EControl-Glas GmbH, Plauen<\/u><\/p>\n<p><strong>Dipl. Ing. Tobias John ist seit dem 12. Mai 2016 zweiter Gesch\u00e4ftsf\u00fchrer des f\u00fchrenden europ\u00e4ischen Herstellers von dimmbaren Verglasungen, EControl-Glas (Plauen). Er tritt neben den Unternehmensgr\u00fcnder, Dr. Hartmut Wittkopf.<\/strong><\/p>\n<p>\u201eBei EControl-Glas erfolgt dieser Schritt vor dem Hintergrund der steigenden Nachfrage nach dimmbaren Verglasungen und auch im Hinblick auf einen anstehenden Generationswechsel\u201c, erl\u00e4utert Dr. Hartmut Wittkopf. John ist bereits seit 2013 im Unternehmen und leitete bislang die Anwendungstechnik und Organisation. Zuk\u00fcnftig zeichnet er f\u00fcr die operative Leitung des Unternehmens verantwortlich, Wittkopf steuert die strategische Ausrichtung.<\/p>\n<hr noshade=\"noshade\" size=\"1\" \/>\n<table style=\"height: 293px;\" border=\"0\" width=\"666\" cellspacing=\"0\" cellpadding=\"0\">\n<tbody>\n<tr>\n<td valign=\"top\" width=\"370\" height=\"200\"><a href=\"http:\/\/www.pr-neu.de\/newsroom\/wordpress\/wp-content\/uploads\/2016\/05\/16-04_tobias-john_G-1.jpg\"><img loading=\"lazy\" decoding=\"async\" class=\"size-medium wp-image-12578\" src=\"http:\/\/www.pr-neu.de\/newsroom\/wordpress\/wp-content\/uploads\/2016\/05\/16-04_tobias-john_G-1-300x200.jpg\" alt=\"\" width=\"300\" height=\"200\" srcset=\"https:\/\/www.pr-neu.de\/newsroom\/wordpress\/wp-content\/uploads\/2016\/05\/16-04_tobias-john_G-1-300x200.jpg 300w, https:\/\/www.pr-neu.de\/newsroom\/wordpress\/wp-content\/uploads\/2016\/05\/16-04_tobias-john_G-1-1024x684.jpg 1024w, https:\/\/www.pr-neu.de\/newsroom\/wordpress\/wp-content\/uploads\/2016\/05\/16-04_tobias-john_G-1-768x513.jpg 768w, https:\/\/www.pr-neu.de\/newsroom\/wordpress\/wp-content\/uploads\/2016\/05\/16-04_tobias-john_G-1-1536x1026.jpg 1536w, https:\/\/www.pr-neu.de\/newsroom\/wordpress\/wp-content\/uploads\/2016\/05\/16-04_tobias-john_G-1-2048x1367.jpg 2048w, https:\/\/www.pr-neu.de\/newsroom\/wordpress\/wp-content\/uploads\/2016\/05\/16-04_tobias-john_G-1-110x73.jpg 110w, https:\/\/www.pr-neu.de\/newsroom\/wordpress\/wp-content\/uploads\/2016\/05\/16-04_tobias-john_G-1-420x280.jpg 420w, https:\/\/www.pr-neu.de\/newsroom\/wordpress\/wp-content\/uploads\/2016\/05\/16-04_tobias-john_G-1-644x430.jpg 644w\" sizes=\"auto, (max-width: 300px) 100vw, 300px\" \/><\/a><\/td>\n<td colspan=\"3\" height=\"200\">Seit dem 12. Mai 2016 zweiter Gesch\u00e4ftsf\u00fchrer der EControl-Glas GmbH und verantwortlich f\u00fcr die operative Leitung des Unternehmens: Dipl. Ing. Tobias John.<\/p>\n<p>Foto: EControl-Glas<\/td>\n<\/tr>\n<\/tbody>\n<\/table>\n<hr noshade=\"noshade\" size=\"1\" \/>\n<p>Abdruck honorarfrei, Belegexemplar erbeten<\/p>\n<p><strong>R\u00fcckfragen beantwortet gern<\/strong><\/p>\n<table width=\"532\">\n<tbody>\n<tr>\n<td valign=\"top\" width=\"260\" height=\"25\"><strong>EControl-Glas<\/strong> GmbH &amp; Co. KG<br \/>\nNadine Witt<br \/>\nTel.: +49(0)3741\/14820-116<br \/>\nFax: +49(0)3741\/14820-150<br \/>\nE-Mail: <a href=\"mai&#108;&#116;&#111;&#58;&#x70;&#x72;&#x65;&#x73;&#x73;&#x65;&#x40;eco&#110;&#116;&#114;&#111;&#108;&#x2d;&#x67;&#x6c;&#x61;&#x73;&#x2e;de\">p&#114;&#101;&#x73;&#x73;e&#64;&#101;&#99;&#x6f;&#x6e;tr&#111;&#108;&#x2d;&#x67;la&#115;&#x2e;&#x64;&#x65;<\/a><\/td>\n<td colspan=\"3\" valign=\"top\" width=\"260\" height=\"21\"><\/td>\n<\/tr>\n<\/tbody>\n<\/table>\n","protected":false},"excerpt":{"rendered":"<p>EControl-Glas GmbH, Plauen Dipl. Ing. Tobias John ist seit dem 12. Mai 2016 zweiter Gesch\u00e4ftsf\u00fchrer des f\u00fchrenden europ\u00e4ischen Herstellers von dimmbaren Verglasungen, EControl-Glas (Plauen). Er tritt neben den Unternehmensgr\u00fcnder, Dr. Hartmut Wittkopf. \u201eBei EControl-Glas erfolgt dieser Schritt vor dem Hintergrund der steigenden Nachfrage nach dimmbaren Verglasungen und auch im Hinblick auf einen anstehenden Generationswechsel\u201c, erl\u00e4utert [&hellip;]<\/p>\n","protected":false},"author":6,"featured_media":7761,"comment_status":"closed","ping_status":"open","sticky":false,"template":"","format":"standard","meta":{"footnotes":""},"categories":[25,3],"tags":[],"class_list":["post-4141","post","type-post","status-publish","format-standard","has-post-thumbnail","hentry","category-econtrol","category-kundenmeldungen"],"_links":{"self":[{"href":"https:\/\/www.pr-neu.de\/newsroom\/wp-json\/wp\/v2\/posts\/4141","targetHints":{"allow":["GET"]}}],"collection":[{"href":"https:\/\/www.pr-neu.de\/newsroom\/wp-json\/wp\/v2\/posts"}],"about":[{"href":"https:\/\/www.pr-neu.de\/newsroom\/wp-json\/wp\/v2\/types\/post"}],"author":[{"embeddable":true,"href":"https:\/\/www.pr-neu.de\/newsroom\/wp-json\/wp\/v2\/users\/6"}],"replies":[{"embeddable":true,"href":"https:\/\/www.pr-neu.de\/newsroom\/wp-json\/wp\/v2\/comments?post=4141"}],"version-history":[{"count":5,"href":"https:\/\/www.pr-neu.de\/newsroom\/wp-json\/wp\/v2\/posts\/4141\/revisions"}],"predecessor-version":[{"id":12579,"href":"https:\/\/www.pr-neu.de\/newsroom\/wp-json\/wp\/v2\/posts\/4141\/revisions\/12579"}],"wp:featuredmedia":[{"embeddable":true,"href":"https:\/\/www.pr-neu.de\/newsroom\/wp-json\/wp\/v2\/media\/7761"}],"wp:attachment":[{"href":"https:\/\/www.pr-neu.de\/newsroom\/wp-json\/wp\/v2\/media?parent=4141"}],"wp:term":[{"taxonomy":"category","embeddable":true,"href":"https:\/\/www.pr-neu.de\/newsroom\/wp-json\/wp\/v2\/categories?post=4141"},{"taxonomy":"post_tag","embeddable":true,"href":"https:\/\/www.pr-neu.de\/newsroom\/wp-json\/wp\/v2\/tags?post=4141"}],"curies":[{"name":"wp","href":"https:\/\/api.w.org\/{rel}","templated":true}]}}