{"id":4139,"date":"2016-05-17T12:36:07","date_gmt":"2016-05-17T12:36:07","guid":{"rendered":"http:\/\/www.pr-nord.de\/newsroom\/?p=4139"},"modified":"2020-05-28T10:19:23","modified_gmt":"2020-05-28T08:19:23","slug":"leser-preis-fuer-leichtbauplatte-veroboard-rapid","status":"publish","type":"post","link":"https:\/\/www.pr-neu.de\/newsroom\/leser-preis-fuer-leichtbauplatte-veroboard-rapid\/","title":{"rendered":"Leser-Preis f\u00fcr Leichtbauplatte VeroBoard Rapid"},"content":{"rendered":"<p><u> Leser von \u201eSelbst ist der Mann\u201c haben entschieden: VeroBoard Rapid ist \u201eProdukt des Jahres\u201c <\/u><\/p>\n<p><strong>Die Leser des Do-it-yourself-Magazin \u201eSelbst ist der Mann\u201c w\u00e4hlten jetzt die Leichtbauplatte VeroBoard Rapid zum \u201eProdukt des Jahrs\u201c in der Kategorie Bauen. \u201eWir freuen uns sehr \u00fcber den Preis. Er best\u00e4tigt, dass die Platte sowohl von der Verarbeitung als auch mit den Eigenschaften \u00fcberzeugt\u201c, sagte Verotec Gesch\u00e4ftsf\u00fchrer Dirk Franz.<\/strong><\/p>\n<p>Die Leichtbauplatte VeroBoard Rapid besteht aus Bl\u00e4hglasgranulat. Sie setzte sich bei der Wahl u.a. durch aufgrund ihrer einfachen Verarbeitung (beispielsweise entf\u00e4llt das bei vielen Trockenbauplatten \u00fcbliche Spachteln) und ihrer schimmelresistenten und feuchteunempfindlichen Eigenschaften als Fliesentr\u00e4gerplatte f\u00fcr Feuchtr\u00e4ume. \u201eWenn Heimwerker unsere Platte selbst ausprobieren und begeistert sind, ist das f\u00fcr uns die h\u00f6chste Form der Anerkennung\u201c, befand Franz und betonte, dass hinter der Entwicklung eine engagierte Mannschaft aus Ingenieuren und Technikern am Stammsitz in Lauingen steht.<\/p>\n<hr noshade=\"noshade\" size=\"1\" \/>\n<table style=\"height: 646px;\" border=\"0\" width=\"711\" cellspacing=\"0\" cellpadding=\"0\">\n<tbody>\n<tr>\n<td valign=\"top\" width=\"370\" height=\"25\"><a href=\"http:\/\/www.pr-neu.de\/newsroom\/wordpress\/wp-content\/uploads\/2016\/05\/16-03-Preisuebergabe_G-1.jpg\"><img loading=\"lazy\" decoding=\"async\" class=\"size-medium wp-image-12580\" src=\"http:\/\/www.pr-neu.de\/newsroom\/wordpress\/wp-content\/uploads\/2016\/05\/16-03-Preisuebergabe_G-1-300x200.jpg\" alt=\"\" width=\"300\" height=\"200\" srcset=\"https:\/\/www.pr-neu.de\/newsroom\/wordpress\/wp-content\/uploads\/2016\/05\/16-03-Preisuebergabe_G-1-300x200.jpg 300w, https:\/\/www.pr-neu.de\/newsroom\/wordpress\/wp-content\/uploads\/2016\/05\/16-03-Preisuebergabe_G-1-1024x684.jpg 1024w, https:\/\/www.pr-neu.de\/newsroom\/wordpress\/wp-content\/uploads\/2016\/05\/16-03-Preisuebergabe_G-1-768x513.jpg 768w, https:\/\/www.pr-neu.de\/newsroom\/wordpress\/wp-content\/uploads\/2016\/05\/16-03-Preisuebergabe_G-1-1536x1026.jpg 1536w, https:\/\/www.pr-neu.de\/newsroom\/wordpress\/wp-content\/uploads\/2016\/05\/16-03-Preisuebergabe_G-1-2048x1367.jpg 2048w, https:\/\/www.pr-neu.de\/newsroom\/wordpress\/wp-content\/uploads\/2016\/05\/16-03-Preisuebergabe_G-1-110x73.jpg 110w, https:\/\/www.pr-neu.de\/newsroom\/wordpress\/wp-content\/uploads\/2016\/05\/16-03-Preisuebergabe_G-1-420x280.jpg 420w, https:\/\/www.pr-neu.de\/newsroom\/wordpress\/wp-content\/uploads\/2016\/05\/16-03-Preisuebergabe_G-1-644x430.jpg 644w\" sizes=\"auto, (max-width: 300px) 100vw, 300px\" \/><\/a><\/td>\n<td colspan=\"3\" height=\"21\">Auf der gro\u00dfen \u201eSelbst-ist-der-Mann\u201c-Gala \u00fcbergab Nils Staehler (re.), Chefredakteur der Zeitschrift, die Preise an die Gewinner der Leser-Wahl. Thomas Hammer, Verotec-Vertriebsleiter, und Edda Schuster, Marketingleiterin, nahmen den Siegerpreis in der Kategorie \u201eBauen\u201c f\u00fcr die neue Leichtbauplatte \u201eVeroBoard Rapid\u201c entgegen.<\/p>\n<p>Foto: selbst ist der Mann<\/td>\n<\/tr>\n<tr>\n<td valign=\"top\" width=\"370\" height=\"25\"><a href=\"http:\/\/www.pr-neu.de\/newsroom\/wordpress\/wp-content\/uploads\/2016\/05\/16-03-Award_G.jpg\"><img loading=\"lazy\" decoding=\"async\" class=\"size-medium wp-image-12581\" src=\"http:\/\/www.pr-neu.de\/newsroom\/wordpress\/wp-content\/uploads\/2016\/05\/16-03-Award_G-200x300.jpg\" alt=\"\" width=\"200\" height=\"300\" srcset=\"https:\/\/www.pr-neu.de\/newsroom\/wordpress\/wp-content\/uploads\/2016\/05\/16-03-Award_G-200x300.jpg 200w, https:\/\/www.pr-neu.de\/newsroom\/wordpress\/wp-content\/uploads\/2016\/05\/16-03-Award_G-684x1024.jpg 684w, https:\/\/www.pr-neu.de\/newsroom\/wordpress\/wp-content\/uploads\/2016\/05\/16-03-Award_G-768x1150.jpg 768w, https:\/\/www.pr-neu.de\/newsroom\/wordpress\/wp-content\/uploads\/2016\/05\/16-03-Award_G-1026x1536.jpg 1026w, https:\/\/www.pr-neu.de\/newsroom\/wordpress\/wp-content\/uploads\/2016\/05\/16-03-Award_G-1367x2048.jpg 1367w, https:\/\/www.pr-neu.de\/newsroom\/wordpress\/wp-content\/uploads\/2016\/05\/16-03-Award_G-73x110.jpg 73w, https:\/\/www.pr-neu.de\/newsroom\/wordpress\/wp-content\/uploads\/2016\/05\/16-03-Award_G-280x420.jpg 280w, https:\/\/www.pr-neu.de\/newsroom\/wordpress\/wp-content\/uploads\/2016\/05\/16-03-Award_G-287x430.jpg 287w, https:\/\/www.pr-neu.de\/newsroom\/wordpress\/wp-content\/uploads\/2016\/05\/16-03-Award_G.jpg 1577w\" sizes=\"auto, (max-width: 200px) 100vw, 200px\" \/><\/a><\/td>\n<td colspan=\"3\" height=\"21\">Ausgezeichnet: Die Leser der Zeitschrift \u201eSelbst-ist-der-Mann\u201c<br \/>\nw\u00e4hlten die Leichtbauplatte VeroBoard Rapid zum Produkt des Jahres (Kategorie Bauen).Foto: selbst ist der Mann<\/td>\n<\/tr>\n<\/tbody>\n<\/table>\n<hr noshade=\"noshade\" size=\"1\" \/>\n<p><strong> Verotec<\/strong> entwickelt und produziert seit mehr als 26 Jahren Leichtbausysteme f\u00fcr Fassadenbau und Akustik. Seit 2014 werden Verotec-Leichtbauplatten im Trockenbau eingesetzt und sind unter der Marke VeroBoard\u00ae Rapid f\u00fcr private Heimwerker erh\u00e4ltlich. Auch im Schiffbau und der industriellen Weiterverarbeitung kommen die hochwertigen, \u00f6kologischen VeroBoards aus Bl\u00e4hglas und Verolith\u00ae zum Einsatz. In Lauingen an der Donau produzieren \u00fcber 130 Mitarbeiter rund 1,4 Millionen Quadratmeter Leichtbauplatten pro Jahr. Seit 2015 stellt Verotec in einer eigenen Bl\u00e4hanlage den Perlitebasierten Rohstoff Verolith\u00ae her. Das f\u00fcr Umweltschutz, Qualit\u00e4t und Arbeitssicherheit zertifizierte Unternehmen entwickelte die weltweit erste Passivhauszertifizierte Unterkonstruktion f\u00fcr vorgeh\u00e4ngte hinterl\u00fcftete Fassadensysteme (VHF). Die Verotec GmbH ist ein Unternehmen der Sto Group und bildet zusammen mit dem eigenen Tochterunternehmen VeroStone GmbH das Kompetenz-Center Werkstoffe.<\/p>\n<hr noshade=\"noshade\" size=\"1\" \/>\n<p>Abdruck honorarfrei, Belegexemplar erbeten.<\/p>\n","protected":false},"excerpt":{"rendered":"<p>Leser von \u201eSelbst ist der Mann\u201c haben entschieden: VeroBoard Rapid ist \u201eProdukt des Jahres\u201c Die Leser des Do-it-yourself-Magazin \u201eSelbst ist der Mann\u201c w\u00e4hlten jetzt die Leichtbauplatte VeroBoard Rapid zum \u201eProdukt des Jahrs\u201c in der Kategorie Bauen. \u201eWir freuen uns sehr \u00fcber den Preis. Er best\u00e4tigt, dass die Platte sowohl von der Verarbeitung als auch mit [&hellip;]<\/p>\n","protected":false},"author":6,"featured_media":7597,"comment_status":"closed","ping_status":"open","sticky":false,"template":"","format":"standard","meta":{"footnotes":""},"categories":[3,22],"tags":[],"class_list":["post-4139","post","type-post","status-publish","format-standard","has-post-thumbnail","hentry","category-kundenmeldungen","category-verotec"],"_links":{"self":[{"href":"https:\/\/www.pr-neu.de\/newsroom\/wp-json\/wp\/v2\/posts\/4139","targetHints":{"allow":["GET"]}}],"collection":[{"href":"https:\/\/www.pr-neu.de\/newsroom\/wp-json\/wp\/v2\/posts"}],"about":[{"href":"https:\/\/www.pr-neu.de\/newsroom\/wp-json\/wp\/v2\/types\/post"}],"author":[{"embeddable":true,"href":"https:\/\/www.pr-neu.de\/newsroom\/wp-json\/wp\/v2\/users\/6"}],"replies":[{"embeddable":true,"href":"https:\/\/www.pr-neu.de\/newsroom\/wp-json\/wp\/v2\/comments?post=4139"}],"version-history":[{"count":5,"href":"https:\/\/www.pr-neu.de\/newsroom\/wp-json\/wp\/v2\/posts\/4139\/revisions"}],"predecessor-version":[{"id":12582,"href":"https:\/\/www.pr-neu.de\/newsroom\/wp-json\/wp\/v2\/posts\/4139\/revisions\/12582"}],"wp:featuredmedia":[{"embeddable":true,"href":"https:\/\/www.pr-neu.de\/newsroom\/wp-json\/wp\/v2\/media\/7597"}],"wp:attachment":[{"href":"https:\/\/www.pr-neu.de\/newsroom\/wp-json\/wp\/v2\/media?parent=4139"}],"wp:term":[{"taxonomy":"category","embeddable":true,"href":"https:\/\/www.pr-neu.de\/newsroom\/wp-json\/wp\/v2\/categories?post=4139"},{"taxonomy":"post_tag","embeddable":true,"href":"https:\/\/www.pr-neu.de\/newsroom\/wp-json\/wp\/v2\/tags?post=4139"}],"curies":[{"name":"wp","href":"https:\/\/api.w.org\/{rel}","templated":true}]}}