{"id":4115,"date":"2016-04-14T09:11:17","date_gmt":"2016-04-14T09:11:17","guid":{"rendered":"http:\/\/www.pr-nord.de\/newsroom\/?p=4115"},"modified":"2020-05-28T10:26:52","modified_gmt":"2020-05-28T08:26:52","slug":"spatenstich-bei-verotec-start-der-16-millionen-euro-investition","status":"publish","type":"post","link":"https:\/\/www.pr-neu.de\/newsroom\/spatenstich-bei-verotec-start-der-16-millionen-euro-investition\/","title":{"rendered":"Spatenstich bei Verotec: Start der 16-Millionen-Euro-Investition"},"content":{"rendered":"<p><strong> Mit dem traditionellen Spatenstich begann jetzt der Ausbau des Verotec-Standortes in Lauingen\/Donau. Das Investitionsvolumen betr\u00e4gt rund 16 Millionen Euro, d ie Fertigstellung ist bereits f\u00fcr den Fr\u00fchsommer 2017 geplant.<\/strong><\/p>\n<p>\u201eF\u00fcr Verotec ist es ein riesiger Sprung: Wir verdoppeln unsere Kapazit\u00e4t und m\u00fcssen daher nicht nur die Produktion, sondern auch die Logistik ausbauen\u201c, berichtet Verotec-Chef Dirk Franz, \u201edank unserer tollen Mannschaft k\u00f6nnen wir davon ausgehen, dass wir dieses Projekt gut stemmen.\u201c Der Grund f\u00fcr das Wachstum sei die wachsende Nachfrage nach Leichtbauplatten, die durch eine Erweiterung der Produktion abgedeckt werden soll. Vor allem durch die Markteinf\u00fchrung der neuen Trockenbauplatte VeroBoard Rapid und dem steigenden Absatz an vorgeh\u00e4ngten hinterl\u00fcfteten Fassadenkonstruktionen sei die Erweiterung ein wichtiger, zukunftssichernder Schritt f\u00fcr Verotec. Neu entstehen das rund 1.600 Quadratmeter gro\u00dfe Logistikzentrum, eine Produktionshalle (1.450 Quadratmeter) und ein Multifunktionsgeb\u00e4ude mit B\u00fcros, Anwendungstechnik, Medienhaus und Sozialr\u00e4umen (2.300 Quadratmeter). Projektleiter Gerhard Datismann: \u201eInsgesamt erstreckt sich das Neubau-Areal auf 10.000 Quadratmeter. Auf den Ausbau sind wir gut vorbereitet: Der Masterplan wurde bereits 2012 entwickelt.\u201c<\/p>\n<hr noshade=\"noshade\" size=\"1\" \/>\n<table style=\"height: 684px;\" border=\"0\" width=\"731\" cellspacing=\"0\" cellpadding=\"0\">\n<tbody>\n<tr>\n<td valign=\"top\" width=\"370\" height=\"25\"><a href=\"http:\/\/www.pr-neu.de\/newsroom\/wordpress\/wp-content\/uploads\/2016\/04\/16-04-Spatenstich_G-1.jpg\"><img loading=\"lazy\" decoding=\"async\" class=\"size-medium wp-image-12600\" src=\"http:\/\/www.pr-neu.de\/newsroom\/wordpress\/wp-content\/uploads\/2016\/04\/16-04-Spatenstich_G-1-300x200.jpg\" alt=\"\" width=\"300\" height=\"200\" srcset=\"https:\/\/www.pr-neu.de\/newsroom\/wordpress\/wp-content\/uploads\/2016\/04\/16-04-Spatenstich_G-1-300x200.jpg 300w, https:\/\/www.pr-neu.de\/newsroom\/wordpress\/wp-content\/uploads\/2016\/04\/16-04-Spatenstich_G-1-1024x683.jpg 1024w, https:\/\/www.pr-neu.de\/newsroom\/wordpress\/wp-content\/uploads\/2016\/04\/16-04-Spatenstich_G-1-768x512.jpg 768w, https:\/\/www.pr-neu.de\/newsroom\/wordpress\/wp-content\/uploads\/2016\/04\/16-04-Spatenstich_G-1-1536x1024.jpg 1536w, https:\/\/www.pr-neu.de\/newsroom\/wordpress\/wp-content\/uploads\/2016\/04\/16-04-Spatenstich_G-1-2048x1366.jpg 2048w, https:\/\/www.pr-neu.de\/newsroom\/wordpress\/wp-content\/uploads\/2016\/04\/16-04-Spatenstich_G-1-110x73.jpg 110w, https:\/\/www.pr-neu.de\/newsroom\/wordpress\/wp-content\/uploads\/2016\/04\/16-04-Spatenstich_G-1-420x280.jpg 420w, https:\/\/www.pr-neu.de\/newsroom\/wordpress\/wp-content\/uploads\/2016\/04\/16-04-Spatenstich_G-1-645x430.jpg 645w\" sizes=\"auto, (max-width: 300px) 100vw, 300px\" \/><\/a><\/td>\n<td colspan=\"3\" height=\"21\">Spatenstich zum Ausbau des Verotec-Standortes Lauingen mit (v.l.): Stefan Wiedemann, gesch\u00e4ftsf\u00fchrender Gesellschafter Bendl (Bauunternehmen), Dirk Franz, Gesch\u00e4ftsf\u00fchrer Verotec, Helmuth Zengerle, 3. B\u00fcrgermeister Lauingen, Christa Marx, Regierungsdirektorin, Gerhard Datismann, Betriebsleiter Verotec, Stefan Jurock, kaufm\u00e4nnischer Leiter Verotec, J\u00fcrgen G\u00fcnther, Sachverst\u00e4ndiger.<\/p>\n<p>Foto: Verotec<\/td>\n<\/tr>\n<tr>\n<td valign=\"top\" width=\"370\" height=\"25\"><a href=\"http:\/\/www.pr-neu.de\/newsroom\/wordpress\/wp-content\/uploads\/2016\/04\/16-04-Spatenstich_Baustelle_G.jpg\"><img loading=\"lazy\" decoding=\"async\" class=\"size-medium wp-image-12601\" src=\"http:\/\/www.pr-neu.de\/newsroom\/wordpress\/wp-content\/uploads\/2016\/04\/16-04-Spatenstich_Baustelle_G-300x200.jpg\" alt=\"\" width=\"300\" height=\"200\" srcset=\"https:\/\/www.pr-neu.de\/newsroom\/wordpress\/wp-content\/uploads\/2016\/04\/16-04-Spatenstich_Baustelle_G-300x200.jpg 300w, https:\/\/www.pr-neu.de\/newsroom\/wordpress\/wp-content\/uploads\/2016\/04\/16-04-Spatenstich_Baustelle_G-1024x683.jpg 1024w, https:\/\/www.pr-neu.de\/newsroom\/wordpress\/wp-content\/uploads\/2016\/04\/16-04-Spatenstich_Baustelle_G-768x512.jpg 768w, https:\/\/www.pr-neu.de\/newsroom\/wordpress\/wp-content\/uploads\/2016\/04\/16-04-Spatenstich_Baustelle_G-1536x1024.jpg 1536w, https:\/\/www.pr-neu.de\/newsroom\/wordpress\/wp-content\/uploads\/2016\/04\/16-04-Spatenstich_Baustelle_G-2048x1366.jpg 2048w, https:\/\/www.pr-neu.de\/newsroom\/wordpress\/wp-content\/uploads\/2016\/04\/16-04-Spatenstich_Baustelle_G-110x73.jpg 110w, https:\/\/www.pr-neu.de\/newsroom\/wordpress\/wp-content\/uploads\/2016\/04\/16-04-Spatenstich_Baustelle_G-420x280.jpg 420w, https:\/\/www.pr-neu.de\/newsroom\/wordpress\/wp-content\/uploads\/2016\/04\/16-04-Spatenstich_Baustelle_G-645x430.jpg 645w\" sizes=\"auto, (max-width: 300px) 100vw, 300px\" \/><\/a><\/td>\n<td colspan=\"3\" height=\"21\">Hier entstehen in den kommenden zehn Monaten die neuen Logistik-, Produktions- und Verwaltungsgeb\u00e4ude von Verotec.<\/p>\n<p>Foto: Verotec<\/td>\n<\/tr>\n<\/tbody>\n<\/table>\n<hr noshade=\"noshade\" size=\"1\" \/>\n<p><strong> Verotec<\/strong> entwickelt und produziert seit mehr als 26 Jahren Leichtbausysteme f\u00fcr Fassadenbau und Akustik. Seit 2014 werden Verotec-Leichtbauplatten im Trockenbau eingesetzt und sind unter der Marke VeroBoard\u00ae Rapid f\u00fcr private Heimwerker erh\u00e4ltlich. Auch im Schiffbau und der industriellen Weiterverarbeitung kommen die hochwertigen, \u00f6kologischen VeroBoards aus Bl\u00e4hglas und Verolith\u00ae zum Einsatz. In Lauingen an der Donau produzieren \u00fcber 130 Mitarbeiter rund 1,4 Millionen Quadratmeter Leichtbauplatten pro Jahr. Seit 2015 stellt Verotec in einer eigenen Bl\u00e4hanlage den Perlitebasierten Rohstoff Verolith\u00ae her. Das f\u00fcr Umweltschutz, Qualit\u00e4t und Arbeitssicherheit zertifizierte Unternehmen entwickelte die weltweit erste Passivhauszertifizierte Unterkonstruktion f\u00fcr vorgeh\u00e4ngte hinterl\u00fcftete Fassadensysteme (VHF). Die Verotec GmbH ist ein Unternehmen der Sto Group und bildet zusammen mit dem eigenen Tochterunternehmen VeroStone GmbH das Kompetenz-Center Werkstoffe.<\/p>\n<hr noshade=\"noshade\" size=\"1\" \/>\n<p>Abdruck honorarfrei, Belegexemplar erbeten.<b><\/b><\/p>\n","protected":false},"excerpt":{"rendered":"<p>Mit dem traditionellen Spatenstich begann jetzt der Ausbau des Verotec-Standortes in Lauingen\/Donau. Das Investitionsvolumen betr\u00e4gt rund 16 Millionen Euro, d ie Fertigstellung ist bereits f\u00fcr den Fr\u00fchsommer 2017 geplant. \u201eF\u00fcr Verotec ist es ein riesiger Sprung: Wir verdoppeln unsere Kapazit\u00e4t und m\u00fcssen daher nicht nur die Produktion, sondern auch die Logistik ausbauen\u201c, berichtet Verotec-Chef Dirk [&hellip;]<\/p>\n","protected":false},"author":6,"featured_media":7603,"comment_status":"closed","ping_status":"open","sticky":false,"template":"","format":"standard","meta":{"footnotes":""},"categories":[3,22],"tags":[],"class_list":["post-4115","post","type-post","status-publish","format-standard","has-post-thumbnail","hentry","category-kundenmeldungen","category-verotec"],"_links":{"self":[{"href":"https:\/\/www.pr-neu.de\/newsroom\/wp-json\/wp\/v2\/posts\/4115","targetHints":{"allow":["GET"]}}],"collection":[{"href":"https:\/\/www.pr-neu.de\/newsroom\/wp-json\/wp\/v2\/posts"}],"about":[{"href":"https:\/\/www.pr-neu.de\/newsroom\/wp-json\/wp\/v2\/types\/post"}],"author":[{"embeddable":true,"href":"https:\/\/www.pr-neu.de\/newsroom\/wp-json\/wp\/v2\/users\/6"}],"replies":[{"embeddable":true,"href":"https:\/\/www.pr-neu.de\/newsroom\/wp-json\/wp\/v2\/comments?post=4115"}],"version-history":[{"count":4,"href":"https:\/\/www.pr-neu.de\/newsroom\/wp-json\/wp\/v2\/posts\/4115\/revisions"}],"predecessor-version":[{"id":12602,"href":"https:\/\/www.pr-neu.de\/newsroom\/wp-json\/wp\/v2\/posts\/4115\/revisions\/12602"}],"wp:featuredmedia":[{"embeddable":true,"href":"https:\/\/www.pr-neu.de\/newsroom\/wp-json\/wp\/v2\/media\/7603"}],"wp:attachment":[{"href":"https:\/\/www.pr-neu.de\/newsroom\/wp-json\/wp\/v2\/media?parent=4115"}],"wp:term":[{"taxonomy":"category","embeddable":true,"href":"https:\/\/www.pr-neu.de\/newsroom\/wp-json\/wp\/v2\/categories?post=4115"},{"taxonomy":"post_tag","embeddable":true,"href":"https:\/\/www.pr-neu.de\/newsroom\/wp-json\/wp\/v2\/tags?post=4115"}],"curies":[{"name":"wp","href":"https:\/\/api.w.org\/{rel}","templated":true}]}}