{"id":4100,"date":"2016-03-30T13:51:43","date_gmt":"2016-03-30T13:51:43","guid":{"rendered":"http:\/\/www.pr-nord.de\/newsroom\/?p=4100"},"modified":"2020-05-28T10:29:06","modified_gmt":"2020-05-28T08:29:06","slug":"karin-simon-verstaerkt-teckentrup","status":"publish","type":"post","link":"https:\/\/www.pr-neu.de\/newsroom\/karin-simon-verstaerkt-teckentrup\/","title":{"rendered":"Karin Simon verst\u00e4rkt Teckentrup"},"content":{"rendered":"<table border=\"0\" width=\"520\" cellspacing=\"0\" cellpadding=\"0\">\n<tbody>\n<tr>\n<td><u>Personalia<\/u><\/p>\n<p><strong>Karin Simon verst\u00e4rkt Teckentrup<\/strong><\/p>\n<p>Seit Jahresbeginn verantwortet Karin Simon den Bereich Strategisches Marketing beim T\u00fcren- und Torhersteller Teckentrup (Verl). Sie verf\u00fcgt \u00fcber mehr als 25 Jahre Erfahrung in diesem Aufgabenfeld. Besondere Kompetenz erwarb sie sich in der Entwicklung digitaler Transformationsprozesse sowie im Marketing von \u201ehidden champions\u201c. Karin Simon berichtet direkt an Gesch\u00e4ftsf\u00fchrer Kai Teckentrup, dem das Marketing seit Sommer 2015 zugeordnet ist. Ihr Vorg\u00e4nger Thomas Moldrickx hat das Unternehmen verlassen.<\/p>\n<hr noshade=\"noshade\" size=\"1\" \/>\n<table border=\"0\" width=\"520\" cellspacing=\"0\" cellpadding=\"0\">\n<tbody>\n<tr>\n<td valign=\"top\" width=\"380\"><a href=\"http:\/\/www.pr-neu.de\/newsroom\/wordpress\/wp-content\/uploads\/2016\/03\/16-03-Karin-Simon_G.jpg\"><img loading=\"lazy\" decoding=\"async\" class=\"aligncenter size-medium wp-image-12608\" src=\"http:\/\/www.pr-neu.de\/newsroom\/wordpress\/wp-content\/uploads\/2016\/03\/16-03-Karin-Simon_G-300x225.jpg\" alt=\"\" width=\"300\" height=\"225\" srcset=\"https:\/\/www.pr-neu.de\/newsroom\/wordpress\/wp-content\/uploads\/2016\/03\/16-03-Karin-Simon_G-300x225.jpg 300w, https:\/\/www.pr-neu.de\/newsroom\/wordpress\/wp-content\/uploads\/2016\/03\/16-03-Karin-Simon_G-768x576.jpg 768w, https:\/\/www.pr-neu.de\/newsroom\/wordpress\/wp-content\/uploads\/2016\/03\/16-03-Karin-Simon_G-110x83.jpg 110w, https:\/\/www.pr-neu.de\/newsroom\/wordpress\/wp-content\/uploads\/2016\/03\/16-03-Karin-Simon_G-420x315.jpg 420w, https:\/\/www.pr-neu.de\/newsroom\/wordpress\/wp-content\/uploads\/2016\/03\/16-03-Karin-Simon_G-573x430.jpg 573w, https:\/\/www.pr-neu.de\/newsroom\/wordpress\/wp-content\/uploads\/2016\/03\/16-03-Karin-Simon_G.jpg 945w\" sizes=\"auto, (max-width: 300px) 100vw, 300px\" \/><\/a><\/td>\n<td>\n<p align=\"left\">Karin Simon.<\/p>\n<p>Bild: Teckentrup<\/td>\n<\/tr>\n<\/tbody>\n<\/table>\n<hr noshade=\"noshade\" size=\"1\" \/>\n<p>Abdruck honorarfrei, Belegexemplar erbeten<\/td>\n<\/tr>\n<\/tbody>\n<\/table>\n<table border=\"0\" width=\"500\">\n<tbody>\n<tr>\n<td><!-- AddThis Button BEGIN --><\/td>\n<\/tr>\n<\/tbody>\n<\/table>\n","protected":false},"excerpt":{"rendered":"<p>Personalia Karin Simon verst\u00e4rkt Teckentrup Seit Jahresbeginn verantwortet Karin Simon den Bereich Strategisches Marketing beim T\u00fcren- und Torhersteller Teckentrup (Verl). Sie verf\u00fcgt \u00fcber mehr als 25 Jahre Erfahrung in diesem Aufgabenfeld. Besondere Kompetenz erwarb sie sich in der Entwicklung digitaler Transformationsprozesse sowie im Marketing von \u201ehidden champions\u201c. Karin Simon berichtet direkt an Gesch\u00e4ftsf\u00fchrer Kai Teckentrup, [&hellip;]<\/p>\n","protected":false},"author":6,"featured_media":0,"comment_status":"closed","ping_status":"open","sticky":false,"template":"","format":"standard","meta":{"footnotes":""},"categories":[3,18],"tags":[],"class_list":["post-4100","post","type-post","status-publish","format-standard","hentry","category-kundenmeldungen","category-teckentrup"],"_links":{"self":[{"href":"https:\/\/www.pr-neu.de\/newsroom\/wp-json\/wp\/v2\/posts\/4100","targetHints":{"allow":["GET"]}}],"collection":[{"href":"https:\/\/www.pr-neu.de\/newsroom\/wp-json\/wp\/v2\/posts"}],"about":[{"href":"https:\/\/www.pr-neu.de\/newsroom\/wp-json\/wp\/v2\/types\/post"}],"author":[{"embeddable":true,"href":"https:\/\/www.pr-neu.de\/newsroom\/wp-json\/wp\/v2\/users\/6"}],"replies":[{"embeddable":true,"href":"https:\/\/www.pr-neu.de\/newsroom\/wp-json\/wp\/v2\/comments?post=4100"}],"version-history":[{"count":4,"href":"https:\/\/www.pr-neu.de\/newsroom\/wp-json\/wp\/v2\/posts\/4100\/revisions"}],"predecessor-version":[{"id":12609,"href":"https:\/\/www.pr-neu.de\/newsroom\/wp-json\/wp\/v2\/posts\/4100\/revisions\/12609"}],"wp:attachment":[{"href":"https:\/\/www.pr-neu.de\/newsroom\/wp-json\/wp\/v2\/media?parent=4100"}],"wp:term":[{"taxonomy":"category","embeddable":true,"href":"https:\/\/www.pr-neu.de\/newsroom\/wp-json\/wp\/v2\/categories?post=4100"},{"taxonomy":"post_tag","embeddable":true,"href":"https:\/\/www.pr-neu.de\/newsroom\/wp-json\/wp\/v2\/tags?post=4100"}],"curies":[{"name":"wp","href":"https:\/\/api.w.org\/{rel}","templated":true}]}}