{"id":408,"date":"2011-01-17T11:28:38","date_gmt":"2011-01-17T10:28:38","guid":{"rendered":"http:\/\/www.pr-nord.de\/newsroom\/?p=408"},"modified":"2020-05-28T16:21:30","modified_gmt":"2020-05-28T14:21:30","slug":"grose-tore-verschleisarm-und-stabil","status":"publish","type":"post","link":"https:\/\/www.pr-neu.de\/newsroom\/grose-tore-verschleisarm-und-stabil\/","title":{"rendered":"Gro\u00dfe Tore: Verschlei\u00dfarm und stabil"},"content":{"rendered":"<p>Die neuen Stahl-Falttore von Teckentrup sind eine ideale L\u00f6sung f\u00fcr breite Hallen\u00f6ffnungen \u2013 sie reichen bis 16 Meter Breite und f\u00fcnf Meter H\u00f6he. Zur BAU zeigte das Unternehmen die neue Generation, die sich durch niedrigen Verschlei\u00df und h\u00f6here Stabilit\u00e4t auszeichnet. Die doppelwandigen Elemente verbessern zudem den W\u00e4rmeschutz und sind sturmstabil.<\/p>\n","protected":false},"excerpt":{"rendered":"<p>Die neuen Stahl-Falttore von Teckentrup sind eine ideale L\u00f6sung f\u00fcr breite Hallen\u00f6ffnungen \u2013 sie reichen bis 16 Meter Breite und f\u00fcnf Meter H\u00f6he. Zur BAU zeigte das Unternehmen die neue Generation, die sich durch niedrigen Verschlei\u00df und h\u00f6here Stabilit\u00e4t auszeichnet. Die doppelwandigen Elemente verbessern zudem den W\u00e4rmeschutz und sind sturmstabil.<\/p>\n","protected":false},"author":6,"featured_media":0,"comment_status":"closed","ping_status":"open","sticky":false,"template":"","format":"standard","meta":{"footnotes":""},"categories":[3,6,18],"tags":[73,179,553,565,577,578,589,622],"class_list":["post-408","post","type-post","status-publish","format-standard","hentry","category-kundenmeldungen","category-messen","category-teckentrup","tag-bau","tag-falttore","tag-sturmstabilitat","tag-teckentrup","tag-tor","tag-tor-tuer","tag-tur","tag-warmeschutz"],"_links":{"self":[{"href":"https:\/\/www.pr-neu.de\/newsroom\/wp-json\/wp\/v2\/posts\/408","targetHints":{"allow":["GET"]}}],"collection":[{"href":"https:\/\/www.pr-neu.de\/newsroom\/wp-json\/wp\/v2\/posts"}],"about":[{"href":"https:\/\/www.pr-neu.de\/newsroom\/wp-json\/wp\/v2\/types\/post"}],"author":[{"embeddable":true,"href":"https:\/\/www.pr-neu.de\/newsroom\/wp-json\/wp\/v2\/users\/6"}],"replies":[{"embeddable":true,"href":"https:\/\/www.pr-neu.de\/newsroom\/wp-json\/wp\/v2\/comments?post=408"}],"version-history":[{"count":3,"href":"https:\/\/www.pr-neu.de\/newsroom\/wp-json\/wp\/v2\/posts\/408\/revisions"}],"predecessor-version":[{"id":13058,"href":"https:\/\/www.pr-neu.de\/newsroom\/wp-json\/wp\/v2\/posts\/408\/revisions\/13058"}],"wp:attachment":[{"href":"https:\/\/www.pr-neu.de\/newsroom\/wp-json\/wp\/v2\/media?parent=408"}],"wp:term":[{"taxonomy":"category","embeddable":true,"href":"https:\/\/www.pr-neu.de\/newsroom\/wp-json\/wp\/v2\/categories?post=408"},{"taxonomy":"post_tag","embeddable":true,"href":"https:\/\/www.pr-neu.de\/newsroom\/wp-json\/wp\/v2\/tags?post=408"}],"curies":[{"name":"wp","href":"https:\/\/api.w.org\/{rel}","templated":true}]}}