{"id":4076,"date":"2016-03-15T12:00:13","date_gmt":"2016-03-15T12:00:13","guid":{"rendered":"http:\/\/www.pr-nord.de\/newsroom\/?p=4076"},"modified":"2020-05-28T10:38:40","modified_gmt":"2020-05-28T08:38:40","slug":"designpreis-fuer-frei-formbare-fassadenelemente","status":"publish","type":"post","link":"https:\/\/www.pr-neu.de\/newsroom\/designpreis-fuer-frei-formbare-fassadenelemente\/","title":{"rendered":"Designpreis f\u00fcr frei formbare Fassadenelemente"},"content":{"rendered":"<table border=\"0\" width=\"520\" cellspacing=\"0\" cellpadding=\"0\">\n<tbody>\n<tr>\n<td><u>German Design Award f\u00fcr Sto<\/u><\/p>\n<p><strong>Designpreis f\u00fcr frei formbare Fassadenelemente<\/strong><\/p>\n<p>\u201eBei 143 Bewerbungen im Segment Buildings and Elements darf man stolz sein, als einer von 15 Siegern ausgezeichnet zu werden\u201c, freute sich Ambros B\u00fchler, Leiter Segment VHF bei Sto, \u00fcber den Gewinn des German Design Award 2016 mit StoVentec SmartFlex. Er nahm w\u00e4hrend der Preisverleihung das Siegel in der Kategorie \u201eExcellent Product Design \u2013 Building and Elements\u201c entgegen.<\/p>\n<p>Zusammen mit FAT LAB aus Stuttgart hatte Sto das vorgeh\u00e4ngte hinterl\u00fcftete Fassadensystem \u201eStoVentec SmartFlex\u201c bei dem renommierten Wettbewerb eingereicht. Die frei formbare Fassadenbekleidung aus mineralgef\u00fclltem Acrylglas (PMMA) gew\u00e4hrt Architekten und Designern die gestalterische Freiheit, einzigartige Geb\u00e4ude mit dreidimensionalen Elementen zu entwerfen. Das \u00fcberzeugte die international besetzte Jury, die zu dem Fazit kam: \u201eEin h\u00f6chst interessantes Produkt, das im Geb\u00e4udebereich die Formensprache revolutionieren k\u00f6nnte.\u201c Neben dem \u00e4sthetischen Aspekt \u00fcberzeugt die Innovation im Dreiklang aus hocheffizienter D\u00e4mmung, w\u00e4rmebr\u00fcckenfreier Unterkonstruktion und einem faszinierenden Oberfl\u00e4chenmaterial. \u201eNun lassen sich nahezu unendliche Formvarianten wirtschaftlich darstellen\u201c, betont B\u00fchler.<\/p>\n<hr noshade=\"noshade\" size=\"1\" \/>\n<p>&nbsp;<\/p>\n<table border=\"0\" width=\"520\" cellspacing=\"0\" cellpadding=\"0\">\n<tbody>\n<tr>\n<td valign=\"top\" width=\"370\" height=\"25\"><a href=\"http:\/\/www.pr-neu.de\/newsroom\/wordpress\/wp-content\/uploads\/2016\/03\/16-16-designaward_G.jpg\"><img loading=\"lazy\" decoding=\"async\" class=\"size-medium wp-image-12617\" src=\"http:\/\/www.pr-neu.de\/newsroom\/wordpress\/wp-content\/uploads\/2016\/03\/16-16-designaward_G-300x200.jpg\" alt=\"\" width=\"300\" height=\"200\" srcset=\"https:\/\/www.pr-neu.de\/newsroom\/wordpress\/wp-content\/uploads\/2016\/03\/16-16-designaward_G-300x200.jpg 300w, https:\/\/www.pr-neu.de\/newsroom\/wordpress\/wp-content\/uploads\/2016\/03\/16-16-designaward_G-1024x682.jpg 1024w, https:\/\/www.pr-neu.de\/newsroom\/wordpress\/wp-content\/uploads\/2016\/03\/16-16-designaward_G-768x511.jpg 768w, https:\/\/www.pr-neu.de\/newsroom\/wordpress\/wp-content\/uploads\/2016\/03\/16-16-designaward_G-1536x1023.jpg 1536w, https:\/\/www.pr-neu.de\/newsroom\/wordpress\/wp-content\/uploads\/2016\/03\/16-16-designaward_G-2048x1363.jpg 2048w, https:\/\/www.pr-neu.de\/newsroom\/wordpress\/wp-content\/uploads\/2016\/03\/16-16-designaward_G-110x73.jpg 110w, https:\/\/www.pr-neu.de\/newsroom\/wordpress\/wp-content\/uploads\/2016\/03\/16-16-designaward_G-420x280.jpg 420w, https:\/\/www.pr-neu.de\/newsroom\/wordpress\/wp-content\/uploads\/2016\/03\/16-16-designaward_G-646x430.jpg 646w\" sizes=\"auto, (max-width: 300px) 100vw, 300px\" \/><\/a><\/p>\n<p>&nbsp;<\/td>\n<td colspan=\"3\" valign=\"top\" height=\"21\">Ambros B\u00fchler (Mitte), Leiter Segment VHF bei Sto, zusammen mit Frederik Ernst (links) und Professor Andreas Fuchs vom FAT LAB Stuttgart.<\/p>\n<p>Foto: Rat f\u00fcr Formgebung<\/p>\n<p>&nbsp;<\/td>\n<\/tr>\n<\/tbody>\n<\/table>\n<hr noshade=\"noshade\" size=\"1\" \/>\n<p>Abdruck honorarfrei, Belegexemplar erbeten<\/td>\n<\/tr>\n<\/tbody>\n<\/table>\n","protected":false},"excerpt":{"rendered":"<p>German Design Award f\u00fcr Sto Designpreis f\u00fcr frei formbare Fassadenelemente \u201eBei 143 Bewerbungen im Segment Buildings and Elements darf man stolz sein, als einer von 15 Siegern ausgezeichnet zu werden\u201c, freute sich Ambros B\u00fchler, Leiter Segment VHF bei Sto, \u00fcber den Gewinn des German Design Award 2016 mit StoVentec SmartFlex. Er nahm w\u00e4hrend der Preisverleihung [&hellip;]<\/p>\n","protected":false},"author":6,"featured_media":0,"comment_status":"closed","ping_status":"open","sticky":false,"template":"","format":"standard","meta":{"footnotes":""},"categories":[3,15],"tags":[],"class_list":["post-4076","post","type-post","status-publish","format-standard","hentry","category-kundenmeldungen","category-sto"],"_links":{"self":[{"href":"https:\/\/www.pr-neu.de\/newsroom\/wp-json\/wp\/v2\/posts\/4076","targetHints":{"allow":["GET"]}}],"collection":[{"href":"https:\/\/www.pr-neu.de\/newsroom\/wp-json\/wp\/v2\/posts"}],"about":[{"href":"https:\/\/www.pr-neu.de\/newsroom\/wp-json\/wp\/v2\/types\/post"}],"author":[{"embeddable":true,"href":"https:\/\/www.pr-neu.de\/newsroom\/wp-json\/wp\/v2\/users\/6"}],"replies":[{"embeddable":true,"href":"https:\/\/www.pr-neu.de\/newsroom\/wp-json\/wp\/v2\/comments?post=4076"}],"version-history":[{"count":4,"href":"https:\/\/www.pr-neu.de\/newsroom\/wp-json\/wp\/v2\/posts\/4076\/revisions"}],"predecessor-version":[{"id":12618,"href":"https:\/\/www.pr-neu.de\/newsroom\/wp-json\/wp\/v2\/posts\/4076\/revisions\/12618"}],"wp:attachment":[{"href":"https:\/\/www.pr-neu.de\/newsroom\/wp-json\/wp\/v2\/media?parent=4076"}],"wp:term":[{"taxonomy":"category","embeddable":true,"href":"https:\/\/www.pr-neu.de\/newsroom\/wp-json\/wp\/v2\/categories?post=4076"},{"taxonomy":"post_tag","embeddable":true,"href":"https:\/\/www.pr-neu.de\/newsroom\/wp-json\/wp\/v2\/tags?post=4076"}],"curies":[{"name":"wp","href":"https:\/\/api.w.org\/{rel}","templated":true}]}}