{"id":4074,"date":"2016-03-15T15:00:36","date_gmt":"2016-03-15T15:00:36","guid":{"rendered":"http:\/\/www.pr-nord.de\/newsroom\/?p=4074"},"modified":"2020-05-28T10:31:28","modified_gmt":"2020-05-28T08:31:28","slug":"perspektiven-fuer-stadtgestaltung","status":"publish","type":"post","link":"https:\/\/www.pr-neu.de\/newsroom\/perspektiven-fuer-stadtgestaltung\/","title":{"rendered":"Perspektiven f\u00fcr Stadtgestaltung"},"content":{"rendered":"<table border=\"0\" width=\"520\" cellspacing=\"0\" cellpadding=\"0\">\n<tbody>\n<tr>\n<td><u>Fassadentag Berlin am 24. Mai 2016<\/u><\/p>\n<p><strong>Perspektiven f\u00fcr Stadtgestaltung<\/strong><\/p>\n<p><strong> Steigende Anforderungen an das Bauen stellen die Branche vor komplexe Aufgaben. Im Spannungsfeld von Energieersparnis und reduzierten Lebenszykluskosten von Geb\u00e4uden steht die Gestaltung lebenswerter St\u00e4dte und Ballungszentren zur Debatte. Vorgeh\u00e4ngte hinterl\u00fcftete Fassaden (VHF) verbinden hierf\u00fcr moderne und \u00fcberzeugende Gestaltung mit energetischer Effizienz, effektiven Schallschutz, Langlebigkeit und Wirtschaftlichkeit. Ihr intelligenter Aufbau, fast vollst\u00e4ndige Recycelbarkeit, eine so gut wie w\u00e4rmebr\u00fcckenfreie Unterkonstruktion sowie hohe Vandalismusresistenz pr\u00e4destinieren sie zunehmend auch f\u00fcr einen Einsatz im Wohnungsbau. <\/strong><\/p>\n<p>Der Austausch von Architekten, Ingenieuren, Planern und Verarbeitern dazu steht im Mittelpunkt des \u201eFassadentag Berlin\u201c am 24. Mai 2016. Ideelle Partner sind die Bundesstiftung Baukultur sowie der Fachverband Baustoffe und Bauteile f\u00fcr vorgeh\u00e4ngte hinterl\u00fcftete Fassaden e. V. Initiator der unter dem Motto \u201eStadt (mit-)bestimmen \u2013 Fassadenl\u00f6sungen f\u00fcr die Zukunft\u201c stehenden Fachveranstaltung ist Sto.<\/p>\n<p>Wie die Unterkonstruktion von VHF den Gesamtenergiebedarf von Geb\u00e4uden beeinflusst, wird vor dem Hintergrund der aktuell versch\u00e4rften EnEV ebenso diskutiert wie internationale Trends und Erfahrungen aus der Praxis. Mit Spannung erwartet wird der Vortrag von Prof. Andreas Hild, Architekturb\u00fcro Hild und K, M\u00fcnchen und Berlin, zur Rekonstruktion denkmalgesch\u00fctzter Fassaden unter Ber\u00fccksichtigung aktueller Standards am Beispiel des Stadtbild-Symbols Bikini Berlin.<\/p>\n<p>Der Fassadentag Berlin 2016 findet am 24. Mai von 9.30 bis 16.30 Uhr im \u00fcberdachten Lichthof des TU-Hauptgeb\u00e4udes, Stra\u00dfe des 17. Juni 135, 10628 Berlin, statt. Die Teilnahmegeb\u00fchr betr\u00e4gt 50 Euro und beinhaltet Tagungsunterlagen, Verpflegung und Zertifikat. Die Tagung ist als Weiterbildungsveranstaltung von den Architektenkammern Brandenburg und Sachsen anerkannt.<\/p>\n<p>Weitere Informationen zu Programm und Anmeldung unter Tel. 030\/707937-119, <a href=\"http:\/\/www.sto.de\/media\/documents\/seminare\/7434_Fassadentag_2016_Berlin_A5.pdf\" target=\"_blank\" rel=\"noopener noreferrer\">www.sto.de<\/a> oder E-Mail: <a href=\"&#109;&#x61;&#x69;l&#116;&#x6f;:&#115;&#x2e;s&#97;&#x63;h&#115;&#x40;&#x73;&#116;&#x6f;&#x2e;c&#111;&#x6d;\">&#115;&#x2e;&#x73;a&#99;&#x68;s&#64;&#x73;t&#111;&#x2e;c&#111;&#x6d;<\/a>.<\/p>\n<p>&nbsp;<\/p>\n<hr noshade=\"noshade\" size=\"1\" \/>\n<p>&nbsp;<\/p>\n<table border=\"0\" width=\"520\" cellspacing=\"0\" cellpadding=\"0\">\n<tbody>\n<tr>\n<td valign=\"top\" width=\"370\" height=\"25\"><a href=\"http:\/\/www.pr-neu.de\/newsroom\/wordpress\/wp-content\/uploads\/2016\/03\/16-17-Fassadentag_G.jpg\"><img loading=\"lazy\" decoding=\"async\" class=\"size-medium wp-image-12613\" src=\"http:\/\/www.pr-neu.de\/newsroom\/wordpress\/wp-content\/uploads\/2016\/03\/16-17-Fassadentag_G-300x133.jpg\" alt=\"\" width=\"300\" height=\"133\" srcset=\"https:\/\/www.pr-neu.de\/newsroom\/wordpress\/wp-content\/uploads\/2016\/03\/16-17-Fassadentag_G-300x133.jpg 300w, https:\/\/www.pr-neu.de\/newsroom\/wordpress\/wp-content\/uploads\/2016\/03\/16-17-Fassadentag_G-1024x453.jpg 1024w, https:\/\/www.pr-neu.de\/newsroom\/wordpress\/wp-content\/uploads\/2016\/03\/16-17-Fassadentag_G-768x339.jpg 768w, https:\/\/www.pr-neu.de\/newsroom\/wordpress\/wp-content\/uploads\/2016\/03\/16-17-Fassadentag_G-1536x679.jpg 1536w, https:\/\/www.pr-neu.de\/newsroom\/wordpress\/wp-content\/uploads\/2016\/03\/16-17-Fassadentag_G-2048x905.jpg 2048w, https:\/\/www.pr-neu.de\/newsroom\/wordpress\/wp-content\/uploads\/2016\/03\/16-17-Fassadentag_G-110x49.jpg 110w, https:\/\/www.pr-neu.de\/newsroom\/wordpress\/wp-content\/uploads\/2016\/03\/16-17-Fassadentag_G-420x186.jpg 420w, https:\/\/www.pr-neu.de\/newsroom\/wordpress\/wp-content\/uploads\/2016\/03\/16-17-Fassadentag_G-770x340.jpg 770w\" sizes=\"auto, (max-width: 300px) 100vw, 300px\" \/><\/a><\/p>\n<p>&nbsp;<\/td>\n<td colspan=\"3\" valign=\"top\" height=\"21\">Die Dienststelle f\u00fcr Immobilien des Kanton Luzern, realisiert von Enzmann + Fischer AG, Z\u00fcrich, unter Verwendung von StoVentec R, einer hinterl\u00fcfteten Tr\u00e4gerplatten-Fassade. Sie wird ebenso erfolgreich im Neubau wie auch bei Sanierungsf\u00e4llen eingesetzt. Der feinstk\u00f6rnige Modellierputz Stolit Milano unterst\u00fctzt die optische Ausstrahlung des Objekts.<\/p>\n<p>Foto: Sto SE &amp; Co. KGaA, St\u00fchlingen<\/p>\n<p>&nbsp;<\/td>\n<\/tr>\n<tr>\n<td valign=\"top\" width=\"370\" height=\"25\"><a href=\"http:\/\/www.pr-neu.de\/newsroom\/wordpress\/wp-content\/uploads\/2016\/03\/FassadeantagAblauf_G.png\"><img loading=\"lazy\" decoding=\"async\" class=\"aligncenter size-medium wp-image-12614\" src=\"http:\/\/www.pr-neu.de\/newsroom\/wordpress\/wp-content\/uploads\/2016\/03\/FassadeantagAblauf_G-300x250.png\" alt=\"\" width=\"300\" height=\"250\" srcset=\"https:\/\/www.pr-neu.de\/newsroom\/wordpress\/wp-content\/uploads\/2016\/03\/FassadeantagAblauf_G-300x250.png 300w, https:\/\/www.pr-neu.de\/newsroom\/wordpress\/wp-content\/uploads\/2016\/03\/FassadeantagAblauf_G-1024x853.png 1024w, https:\/\/www.pr-neu.de\/newsroom\/wordpress\/wp-content\/uploads\/2016\/03\/FassadeantagAblauf_G-768x640.png 768w, https:\/\/www.pr-neu.de\/newsroom\/wordpress\/wp-content\/uploads\/2016\/03\/FassadeantagAblauf_G-1536x1280.png 1536w, https:\/\/www.pr-neu.de\/newsroom\/wordpress\/wp-content\/uploads\/2016\/03\/FassadeantagAblauf_G-2048x1706.png 2048w, https:\/\/www.pr-neu.de\/newsroom\/wordpress\/wp-content\/uploads\/2016\/03\/FassadeantagAblauf_G-110x92.png 110w, https:\/\/www.pr-neu.de\/newsroom\/wordpress\/wp-content\/uploads\/2016\/03\/FassadeantagAblauf_G-420x350.png 420w, https:\/\/www.pr-neu.de\/newsroom\/wordpress\/wp-content\/uploads\/2016\/03\/FassadeantagAblauf_G-516x430.png 516w\" sizes=\"auto, (max-width: 300px) 100vw, 300px\" \/><\/a><\/p>\n<p>&nbsp;<\/td>\n<td colspan=\"3\" valign=\"top\" height=\"21\">Ablaufplan des Fassadentags<\/p>\n<p>Foto: Sto SE &amp; Co. KGaA, St\u00fchlingen<\/p>\n<p>&nbsp;<\/td>\n<\/tr>\n<\/tbody>\n<\/table>\n<hr noshade=\"noshade\" size=\"1\" \/>\n<hr noshade=\"noshade\" size=\"1\" \/>\n<p>Abdruck honorarfrei, Belegexemplar erbeten<\/td>\n<\/tr>\n<\/tbody>\n<\/table>\n","protected":false},"excerpt":{"rendered":"<p>Fassadentag Berlin am 24. Mai 2016 Perspektiven f\u00fcr Stadtgestaltung Steigende Anforderungen an das Bauen stellen die Branche vor komplexe Aufgaben. Im Spannungsfeld von Energieersparnis und reduzierten Lebenszykluskosten von Geb\u00e4uden steht die Gestaltung lebenswerter St\u00e4dte und Ballungszentren zur Debatte. Vorgeh\u00e4ngte hinterl\u00fcftete Fassaden (VHF) verbinden hierf\u00fcr moderne und \u00fcberzeugende Gestaltung mit energetischer Effizienz, effektiven Schallschutz, Langlebigkeit und [&hellip;]<\/p>\n","protected":false},"author":6,"featured_media":0,"comment_status":"closed","ping_status":"open","sticky":false,"template":"","format":"standard","meta":{"footnotes":""},"categories":[3,15],"tags":[],"class_list":["post-4074","post","type-post","status-publish","format-standard","hentry","category-kundenmeldungen","category-sto"],"_links":{"self":[{"href":"https:\/\/www.pr-neu.de\/newsroom\/wp-json\/wp\/v2\/posts\/4074","targetHints":{"allow":["GET"]}}],"collection":[{"href":"https:\/\/www.pr-neu.de\/newsroom\/wp-json\/wp\/v2\/posts"}],"about":[{"href":"https:\/\/www.pr-neu.de\/newsroom\/wp-json\/wp\/v2\/types\/post"}],"author":[{"embeddable":true,"href":"https:\/\/www.pr-neu.de\/newsroom\/wp-json\/wp\/v2\/users\/6"}],"replies":[{"embeddable":true,"href":"https:\/\/www.pr-neu.de\/newsroom\/wp-json\/wp\/v2\/comments?post=4074"}],"version-history":[{"count":4,"href":"https:\/\/www.pr-neu.de\/newsroom\/wp-json\/wp\/v2\/posts\/4074\/revisions"}],"predecessor-version":[{"id":12616,"href":"https:\/\/www.pr-neu.de\/newsroom\/wp-json\/wp\/v2\/posts\/4074\/revisions\/12616"}],"wp:attachment":[{"href":"https:\/\/www.pr-neu.de\/newsroom\/wp-json\/wp\/v2\/media?parent=4074"}],"wp:term":[{"taxonomy":"category","embeddable":true,"href":"https:\/\/www.pr-neu.de\/newsroom\/wp-json\/wp\/v2\/categories?post=4074"},{"taxonomy":"post_tag","embeddable":true,"href":"https:\/\/www.pr-neu.de\/newsroom\/wp-json\/wp\/v2\/tags?post=4074"}],"curies":[{"name":"wp","href":"https:\/\/api.w.org\/{rel}","templated":true}]}}