{"id":4072,"date":"2016-03-16T07:40:02","date_gmt":"2016-03-16T07:40:02","guid":{"rendered":"http:\/\/www.pr-nord.de\/newsroom\/?p=4072"},"modified":"2020-05-28T10:30:04","modified_gmt":"2020-05-28T08:30:04","slug":"verotec-bleibt-auf-wachstumskurs","status":"publish","type":"post","link":"https:\/\/www.pr-neu.de\/newsroom\/verotec-bleibt-auf-wachstumskurs\/","title":{"rendered":"Verotec bleibt auf Wachstumskurs"},"content":{"rendered":"<p><u>Millionen-Investition am Standort Lauingen \/ Zertifizierte Arbeitssicherheit<br \/>\n<\/u><\/p>\n<p><strong>Insgesamt 15,7 Millionen Euro investiert Verotec (Lauingen) in den kommenden Jahren, um so die wachsende Nachfrage insbesondere nach Leichtbauplatten zu bedienen. In erster Linie wird die Produktion erweitert. Anfang Februar erhielt das Unternehmen zudem das OHRIS-Zertifikat f\u00fcr Arbeitssicherheit. Dies zeigt, dass sich Wachstum und Mitarbeiterschutz ausgezeichnet parallel entwickeln lassen.<\/strong><\/p>\n<p>Seit 2012 stieg der Absatz von Leichtbauplatten bei Verotec um 35 Prozent, derzeit ist der Plattenspezialist voll ausgelastet. Mit dem Ausbau von Produktionsanlage, Logistik und Verwaltung verdoppelt das Unternehmen die Kapazit\u00e4ten von 1,3 auf bis zu 2,5 Millionen Quadratmeter, die Bauarbeiten beginnen im April 2016. Die steigende Nachfrage ist vor allem auf die neue Trockenbauplatte VeroBoard Rapid und das wachsende Interesse an vorgeh\u00e4ngten hinterl\u00fcfteten Fassadenkonstruktionen zur\u00fcckzuf\u00fchren. \u201eMit dem Ausbau schaffen wir zudem Platz f\u00fcr unsere Anwendungstechnik. Sie erh\u00e4lt dadurch mehr M\u00f6glichkeiten f\u00fcr eigene Produkt- und Anwendungstests\u201c, freut sich Verotec-Gesch\u00e4ftsf\u00fchrer Dirk Franz. Mit der Erweiterung entstehen bis 2020 auch rund 30 neue Arbeitspl\u00e4tze.<\/p>\n<p>Zugleich investierte Verotec in die Sicherheit und unterzog sich einer Zertifizierung, um arbeitsbedingte Gefahren so gering und die Sicherheit der technischen Anlagen so hoch wie m\u00f6glich zu halten. Die Pr\u00fcfung gem\u00e4\u00df OHRIS (Occupational Health- and Risk-Management System) verlief erfolgreich, im Februar \u00fcbergab das Gewerbeaufsichtsamt das entsprechende Zertifikat. \u201eOHRIS lieferte uns hilfreiche Tools zur \u00dcberpr\u00fcfung unserer Sicherheitsstandards. Durch die aktive Beteiligung der Belegschaft sind wir nun sicher, dass unsere Ma\u00dfnahmen greifen\u201c, freut sich Betriebsleiter Gerhard Datismann.<\/p>\n<hr noshade=\"noshade\" size=\"1\" \/>\n<p><strong>Verotec<\/strong> entwickelt und produziert seit mehr als 26 Jahren Leichtbausysteme f\u00fcr Fassadenbau und Akustik. Seit 2014 werden Verotec-Leichtbauplatten im Trockenbau eingesetzt und sind unter der Marke VeroBoard\u00ae Rapid f\u00fcr private Heimwerker erh\u00e4ltlich. Auch im Schiffbau und der industriellen Weiterverarbeitung kommen die hochwertigen, \u00f6kologischen VeroBoards aus Bl\u00e4hglas und Verolith\u00ae zum Einsatz. In Lauingen an der Donau produzieren \u00fcber 130 Mitarbeiter rund 1,4 Millionen Quadratmeter Leichtbauplatten pro Jahr. Seit 2015 stellt Verotec in einer eigenen Bl\u00e4hanlage den Perlite-basierten Rohstoff Verolith\u00ae her. Das f\u00fcr Umweltschutz, Qualit\u00e4t und Arbeitssicherheit zertifizierte Unternehmen entwickelte die weltweit erste Passivhaus-zertifizierte Unterkonstruktion f\u00fcr vorgeh\u00e4ngte hinterl\u00fcftete Fassadensysteme (VHF). Die Verotec GmbH ist ein Unternehmen der Sto Group und bildet zusammen mit dem eigenen Tochterunternehmen VeroStone GmbH das Kompetenz-Center Werkstoffe.<\/p>\n<hr noshade=\"noshade\" size=\"1\" \/>\n<table style=\"height: 454px;\" border=\"0\" width=\"703\" cellspacing=\"0\" cellpadding=\"0\">\n<tbody>\n<tr>\n<td valign=\"top\" width=\"370\" height=\"25\"><a href=\"http:\/\/www.pr-neu.de\/newsroom\/wordpress\/wp-content\/uploads\/2016\/03\/16-02_Pressetermin-Investitionen_G-1.jpg\"><img loading=\"lazy\" decoding=\"async\" class=\"size-medium wp-image-12610\" src=\"http:\/\/www.pr-neu.de\/newsroom\/wordpress\/wp-content\/uploads\/2016\/03\/16-02_Pressetermin-Investitionen_G-1-300x200.jpg\" alt=\"\" width=\"300\" height=\"200\" srcset=\"https:\/\/www.pr-neu.de\/newsroom\/wordpress\/wp-content\/uploads\/2016\/03\/16-02_Pressetermin-Investitionen_G-1-300x200.jpg 300w, https:\/\/www.pr-neu.de\/newsroom\/wordpress\/wp-content\/uploads\/2016\/03\/16-02_Pressetermin-Investitionen_G-1-1024x681.jpg 1024w, https:\/\/www.pr-neu.de\/newsroom\/wordpress\/wp-content\/uploads\/2016\/03\/16-02_Pressetermin-Investitionen_G-1-768x511.jpg 768w, https:\/\/www.pr-neu.de\/newsroom\/wordpress\/wp-content\/uploads\/2016\/03\/16-02_Pressetermin-Investitionen_G-1-1536x1022.jpg 1536w, https:\/\/www.pr-neu.de\/newsroom\/wordpress\/wp-content\/uploads\/2016\/03\/16-02_Pressetermin-Investitionen_G-1-110x73.jpg 110w, https:\/\/www.pr-neu.de\/newsroom\/wordpress\/wp-content\/uploads\/2016\/03\/16-02_Pressetermin-Investitionen_G-1-420x279.jpg 420w, https:\/\/www.pr-neu.de\/newsroom\/wordpress\/wp-content\/uploads\/2016\/03\/16-02_Pressetermin-Investitionen_G-1-646x430.jpg 646w, https:\/\/www.pr-neu.de\/newsroom\/wordpress\/wp-content\/uploads\/2016\/03\/16-02_Pressetermin-Investitionen_G-1.jpg 1795w\" sizes=\"auto, (max-width: 300px) 100vw, 300px\" \/><\/a><\/td>\n<td colspan=\"3\" height=\"21\">Kaufm\u00e4nnischer Leiter Stefan Jurock, Betriebsleiter Gerhard Datismann, Gesch\u00e4ftsf\u00fchrer Dirk Franz und B\u00fcrgermeister Wolfgang Schenk vor der Rohstoffproduktionsanlage, die seit 2014 einen der Basisstoffe f\u00fcr Verotec-Leichtbauplatten liefert.<\/p>\n<p>Foto: Donauzeitung<\/td>\n<\/tr>\n<tr>\n<td valign=\"top\" width=\"370\" height=\"25\"><a href=\"http:\/\/www.pr-neu.de\/newsroom\/wordpress\/wp-content\/uploads\/2016\/03\/16-02_Gelaendeplan-2017_G.jpg\"><img loading=\"lazy\" decoding=\"async\" class=\"aligncenter size-medium wp-image-12611\" src=\"http:\/\/www.pr-neu.de\/newsroom\/wordpress\/wp-content\/uploads\/2016\/03\/16-02_Gelaendeplan-2017_G-300x107.jpg\" alt=\"\" width=\"300\" height=\"107\" srcset=\"https:\/\/www.pr-neu.de\/newsroom\/wordpress\/wp-content\/uploads\/2016\/03\/16-02_Gelaendeplan-2017_G-300x107.jpg 300w, https:\/\/www.pr-neu.de\/newsroom\/wordpress\/wp-content\/uploads\/2016\/03\/16-02_Gelaendeplan-2017_G-1024x364.jpg 1024w, https:\/\/www.pr-neu.de\/newsroom\/wordpress\/wp-content\/uploads\/2016\/03\/16-02_Gelaendeplan-2017_G-768x273.jpg 768w, https:\/\/www.pr-neu.de\/newsroom\/wordpress\/wp-content\/uploads\/2016\/03\/16-02_Gelaendeplan-2017_G-1536x546.jpg 1536w, https:\/\/www.pr-neu.de\/newsroom\/wordpress\/wp-content\/uploads\/2016\/03\/16-02_Gelaendeplan-2017_G-110x39.jpg 110w, https:\/\/www.pr-neu.de\/newsroom\/wordpress\/wp-content\/uploads\/2016\/03\/16-02_Gelaendeplan-2017_G-420x149.jpg 420w, https:\/\/www.pr-neu.de\/newsroom\/wordpress\/wp-content\/uploads\/2016\/03\/16-02_Gelaendeplan-2017_G-770x274.jpg 770w, https:\/\/www.pr-neu.de\/newsroom\/wordpress\/wp-content\/uploads\/2016\/03\/16-02_Gelaendeplan-2017_G.jpg 1813w\" sizes=\"auto, (max-width: 300px) 100vw, 300px\" \/><\/a><\/td>\n<td colspan=\"3\" height=\"21\">Die bebaute Fl\u00e4che des bisherigen Verotec-Werks wird nahezu verdoppelt. Die geplanten Investitionen sichern damit den Standort Lauingen f\u00fcr die Zukunft.<\/p>\n<p>Grafik: Verotec<\/td>\n<\/tr>\n<\/tbody>\n<\/table>\n<hr noshade=\"noshade\" size=\"1\" \/>\n<p>Abdruck honorarfrei, Belegexemplar erbeten.<\/p>\n","protected":false},"excerpt":{"rendered":"<p>Millionen-Investition am Standort Lauingen \/ Zertifizierte Arbeitssicherheit Insgesamt 15,7 Millionen Euro investiert Verotec (Lauingen) in den kommenden Jahren, um so die wachsende Nachfrage insbesondere nach Leichtbauplatten zu bedienen. In erster Linie wird die Produktion erweitert. Anfang Februar erhielt das Unternehmen zudem das OHRIS-Zertifikat f\u00fcr Arbeitssicherheit. Dies zeigt, dass sich Wachstum und Mitarbeiterschutz ausgezeichnet parallel entwickeln [&hellip;]<\/p>\n","protected":false},"author":6,"featured_media":7606,"comment_status":"closed","ping_status":"open","sticky":false,"template":"","format":"standard","meta":{"footnotes":""},"categories":[3,22],"tags":[],"class_list":["post-4072","post","type-post","status-publish","format-standard","has-post-thumbnail","hentry","category-kundenmeldungen","category-verotec"],"_links":{"self":[{"href":"https:\/\/www.pr-neu.de\/newsroom\/wp-json\/wp\/v2\/posts\/4072","targetHints":{"allow":["GET"]}}],"collection":[{"href":"https:\/\/www.pr-neu.de\/newsroom\/wp-json\/wp\/v2\/posts"}],"about":[{"href":"https:\/\/www.pr-neu.de\/newsroom\/wp-json\/wp\/v2\/types\/post"}],"author":[{"embeddable":true,"href":"https:\/\/www.pr-neu.de\/newsroom\/wp-json\/wp\/v2\/users\/6"}],"replies":[{"embeddable":true,"href":"https:\/\/www.pr-neu.de\/newsroom\/wp-json\/wp\/v2\/comments?post=4072"}],"version-history":[{"count":5,"href":"https:\/\/www.pr-neu.de\/newsroom\/wp-json\/wp\/v2\/posts\/4072\/revisions"}],"predecessor-version":[{"id":12612,"href":"https:\/\/www.pr-neu.de\/newsroom\/wp-json\/wp\/v2\/posts\/4072\/revisions\/12612"}],"wp:featuredmedia":[{"embeddable":true,"href":"https:\/\/www.pr-neu.de\/newsroom\/wp-json\/wp\/v2\/media\/7606"}],"wp:attachment":[{"href":"https:\/\/www.pr-neu.de\/newsroom\/wp-json\/wp\/v2\/media?parent=4072"}],"wp:term":[{"taxonomy":"category","embeddable":true,"href":"https:\/\/www.pr-neu.de\/newsroom\/wp-json\/wp\/v2\/categories?post=4072"},{"taxonomy":"post_tag","embeddable":true,"href":"https:\/\/www.pr-neu.de\/newsroom\/wp-json\/wp\/v2\/tags?post=4072"}],"curies":[{"name":"wp","href":"https:\/\/api.w.org\/{rel}","templated":true}]}}