{"id":4041,"date":"2016-02-29T13:21:26","date_gmt":"2016-02-29T13:21:26","guid":{"rendered":"http:\/\/www.pr-nord.de\/newsroom\/?p=4041"},"modified":"2020-05-28T10:49:57","modified_gmt":"2020-05-28T08:49:57","slug":"carme-pinos-eine-gute-fassade-schafft-massstaebe","status":"publish","type":"post","link":"https:\/\/www.pr-neu.de\/newsroom\/carme-pinos-eine-gute-fassade-schafft-massstaebe\/","title":{"rendered":"Carme Pin\u00f3s: Eine gute Fassade schafft Ma\u00dfst\u00e4be"},"content":{"rendered":"<table border=\"0\" width=\"520\" cellspacing=\"0\" cellpadding=\"0\">\n<tbody>\n<tr>\n<td><u> <\/u><strong>Carme Pin\u00f3s: Eine gute Fassade schafft Ma\u00dfst\u00e4be<\/strong><\/p>\n<p>Die Fassade ist kein isoliertes Bauteil, sondern geh\u00f6rt zwingend zum Entwurfsprozess, wie auch die konstruktive L\u00f6sung eines Bauwerks. Mit dieser Grundhaltung plant die spanische Architektin Carme Pin\u00f3s ihre Geb\u00e4ude. Aufgewachsen in Barcelona ist Carme Pin\u00f3s gepr\u00e4gt von der Architektur Antonio Gaudis. Sie sch\u00e4tzt die vielen Spuren des bedeutenden Architekten, ebenso wie die Bauwerke aus dieser Epoche von weniger ber\u00fchmten Planern mit dem typisch europ\u00e4isch-katalanischen Flair. Ihre eigene Architektur, die Pin\u00f3s seit den 1980er Jahren realisiert, entwickelt sie ganzheitlich, konstruktiv und komplex. Und so wundert es nicht, dass sie klare Aussagen zur Fassade trifft \u2013 wie \u201e\u2018Und jetzt bitte die Fassade!\u2018 gibt\u2019s bei mir nicht\u201c.<br \/>\nBeispiele f\u00fcr ihre kreative Herangehensweise sind Cube I und Cube II, die heute zum Stadtbild der katalanischen Metropole geh\u00f6ren. Die Bauwerke zeigen, wie elementar eine gut durchdachte Fassade ist: Sie bringt die Intention eines Projektes zum Ausdruck und schafft die Ma\u00dfst\u00e4be \u2013 wie die h\u00e4ngenden \u201eoffice blocks\u201c an den Betonpfeilern des Cube I. Das Geb\u00e4ude wirkt wie eine Skulptur.<\/p>\n<p>Weitere Elemente der Architektur von Carme Pin\u00f3s sind nat\u00fcrliche Farben und Materialien. Holz- und Betonfarben finden sich in vielen ihrer Werke. So schafft sie ihre typische, eigene Architektursprache, in der dann zum Beispiel auch eine \u201eBrise Soleil\u201c aus Keramik entsteht.<br \/>\nDas komplette Interview, in dem Pin\u00f3s unter anderem auch \u00fcber ihre Philosophie und die spanische Architektur spricht ist jetzt (in zwei Teilen) im \u201e<a href=\"http:\/\/www.fassaden-blog.de\" target=\"_blank\" rel=\"noopener noreferrer\">Fassaden-Blog<\/a>\u201c nachzulesen.<\/p>\n<hr noshade=\"noshade\" size=\"1\" \/>\n<p>&nbsp;<\/p>\n<table border=\"0\" width=\"520\" cellspacing=\"0\" cellpadding=\"0\">\n<tbody>\n<tr>\n<td valign=\"top\" width=\"370\" height=\"25\"><a href=\"http:\/\/www.pr-neu.de\/newsroom\/wordpress\/wp-content\/uploads\/2016\/02\/Carme_Pinos_Photo_by_Miquel_Tres_G.jpg\"><img loading=\"lazy\" decoding=\"async\" class=\"aligncenter size-medium wp-image-12642\" src=\"http:\/\/www.pr-neu.de\/newsroom\/wordpress\/wp-content\/uploads\/2016\/02\/Carme_Pinos_Photo_by_Miquel_Tres_G-300x200.jpg\" alt=\"\" width=\"300\" height=\"200\" srcset=\"https:\/\/www.pr-neu.de\/newsroom\/wordpress\/wp-content\/uploads\/2016\/02\/Carme_Pinos_Photo_by_Miquel_Tres_G-300x200.jpg 300w, https:\/\/www.pr-neu.de\/newsroom\/wordpress\/wp-content\/uploads\/2016\/02\/Carme_Pinos_Photo_by_Miquel_Tres_G-1024x682.jpg 1024w, https:\/\/www.pr-neu.de\/newsroom\/wordpress\/wp-content\/uploads\/2016\/02\/Carme_Pinos_Photo_by_Miquel_Tres_G-768x512.jpg 768w, https:\/\/www.pr-neu.de\/newsroom\/wordpress\/wp-content\/uploads\/2016\/02\/Carme_Pinos_Photo_by_Miquel_Tres_G-1536x1024.jpg 1536w, https:\/\/www.pr-neu.de\/newsroom\/wordpress\/wp-content\/uploads\/2016\/02\/Carme_Pinos_Photo_by_Miquel_Tres_G-110x73.jpg 110w, https:\/\/www.pr-neu.de\/newsroom\/wordpress\/wp-content\/uploads\/2016\/02\/Carme_Pinos_Photo_by_Miquel_Tres_G-420x280.jpg 420w, https:\/\/www.pr-neu.de\/newsroom\/wordpress\/wp-content\/uploads\/2016\/02\/Carme_Pinos_Photo_by_Miquel_Tres_G-645x430.jpg 645w, https:\/\/www.pr-neu.de\/newsroom\/wordpress\/wp-content\/uploads\/2016\/02\/Carme_Pinos_Photo_by_Miquel_Tres_G.jpg 2000w\" sizes=\"auto, (max-width: 300px) 100vw, 300px\" \/><\/a><\/p>\n<p>&nbsp;<\/td>\n<td colspan=\"3\" valign=\"top\" height=\"21\">Carme Pin\u00f3s<\/p>\n<p>Foto: Miguel Tres<\/p>\n<p>&nbsp;<\/td>\n<\/tr>\n<tr>\n<td valign=\"top\" width=\"370\" height=\"25\"><a href=\"http:\/\/www.pr-neu.de\/newsroom\/wordpress\/wp-content\/uploads\/2016\/02\/Cube_II_Photo_by_Jordi_Bernado_G.jpg\"><img loading=\"lazy\" decoding=\"async\" class=\"aligncenter size-medium wp-image-12643\" src=\"http:\/\/www.pr-neu.de\/newsroom\/wordpress\/wp-content\/uploads\/2016\/02\/Cube_II_Photo_by_Jordi_Bernado_G-225x300.jpg\" alt=\"\" width=\"225\" height=\"300\" srcset=\"https:\/\/www.pr-neu.de\/newsroom\/wordpress\/wp-content\/uploads\/2016\/02\/Cube_II_Photo_by_Jordi_Bernado_G-225x300.jpg 225w, https:\/\/www.pr-neu.de\/newsroom\/wordpress\/wp-content\/uploads\/2016\/02\/Cube_II_Photo_by_Jordi_Bernado_G-83x110.jpg 83w, https:\/\/www.pr-neu.de\/newsroom\/wordpress\/wp-content\/uploads\/2016\/02\/Cube_II_Photo_by_Jordi_Bernado_G-315x420.jpg 315w, https:\/\/www.pr-neu.de\/newsroom\/wordpress\/wp-content\/uploads\/2016\/02\/Cube_II_Photo_by_Jordi_Bernado_G-323x430.jpg 323w, https:\/\/www.pr-neu.de\/newsroom\/wordpress\/wp-content\/uploads\/2016\/02\/Cube_II_Photo_by_Jordi_Bernado_G.jpg 750w\" sizes=\"auto, (max-width: 225px) 100vw, 225px\" \/><\/a><\/p>\n<p>&nbsp;<\/td>\n<td colspan=\"3\" valign=\"top\" height=\"21\">Cube II \u2013 ein Bauwerk in Guadalajara (Mexiko), das archetypisch f\u00fcr Pinos\u2019sche Schaffen steht: Die Fassade als Spiegel der konstruktiven Idee.<\/p>\n<p>Foto: Jordi Bernado<\/p>\n<p>&nbsp;<\/td>\n<\/tr>\n<\/tbody>\n<\/table>\n<hr noshade=\"noshade\" size=\"1\" \/>\n<p>Abdruck honorarfrei, Belegexemplar erbeten<\/td>\n<\/tr>\n<\/tbody>\n<\/table>\n","protected":false},"excerpt":{"rendered":"<p>Carme Pin\u00f3s: Eine gute Fassade schafft Ma\u00dfst\u00e4be Die Fassade ist kein isoliertes Bauteil, sondern geh\u00f6rt zwingend zum Entwurfsprozess, wie auch die konstruktive L\u00f6sung eines Bauwerks. Mit dieser Grundhaltung plant die spanische Architektin Carme Pin\u00f3s ihre Geb\u00e4ude. Aufgewachsen in Barcelona ist Carme Pin\u00f3s gepr\u00e4gt von der Architektur Antonio Gaudis. Sie sch\u00e4tzt die vielen Spuren des bedeutenden [&hellip;]<\/p>\n","protected":false},"author":6,"featured_media":0,"comment_status":"closed","ping_status":"open","sticky":false,"template":"","format":"standard","meta":{"footnotes":""},"categories":[3,15],"tags":[],"class_list":["post-4041","post","type-post","status-publish","format-standard","hentry","category-kundenmeldungen","category-sto"],"_links":{"self":[{"href":"https:\/\/www.pr-neu.de\/newsroom\/wp-json\/wp\/v2\/posts\/4041","targetHints":{"allow":["GET"]}}],"collection":[{"href":"https:\/\/www.pr-neu.de\/newsroom\/wp-json\/wp\/v2\/posts"}],"about":[{"href":"https:\/\/www.pr-neu.de\/newsroom\/wp-json\/wp\/v2\/types\/post"}],"author":[{"embeddable":true,"href":"https:\/\/www.pr-neu.de\/newsroom\/wp-json\/wp\/v2\/users\/6"}],"replies":[{"embeddable":true,"href":"https:\/\/www.pr-neu.de\/newsroom\/wp-json\/wp\/v2\/comments?post=4041"}],"version-history":[{"count":4,"href":"https:\/\/www.pr-neu.de\/newsroom\/wp-json\/wp\/v2\/posts\/4041\/revisions"}],"predecessor-version":[{"id":12644,"href":"https:\/\/www.pr-neu.de\/newsroom\/wp-json\/wp\/v2\/posts\/4041\/revisions\/12644"}],"wp:attachment":[{"href":"https:\/\/www.pr-neu.de\/newsroom\/wp-json\/wp\/v2\/media?parent=4041"}],"wp:term":[{"taxonomy":"category","embeddable":true,"href":"https:\/\/www.pr-neu.de\/newsroom\/wp-json\/wp\/v2\/categories?post=4041"},{"taxonomy":"post_tag","embeddable":true,"href":"https:\/\/www.pr-neu.de\/newsroom\/wp-json\/wp\/v2\/tags?post=4041"}],"curies":[{"name":"wp","href":"https:\/\/api.w.org\/{rel}","templated":true}]}}