{"id":4039,"date":"2016-03-02T08:00:44","date_gmt":"2016-03-02T08:00:44","guid":{"rendered":"http:\/\/www.pr-nord.de\/newsroom\/?p=4039"},"modified":"2020-05-28T10:43:58","modified_gmt":"2020-05-28T08:43:58","slug":"60-fuer-das-neue-garagentor","status":"publish","type":"post","link":"https:\/\/www.pr-neu.de\/newsroom\/60-fuer-das-neue-garagentor\/","title":{"rendered":"6:0 f\u00fcr das neue Garagentor!"},"content":{"rendered":"<table border=\"0\" width=\"520\" cellspacing=\"0\" cellpadding=\"0\">\n<tbody>\n<tr>\n<td><u>Sch\u00f6n, sicher, komfortabel:<\/u><\/p>\n<p><strong>6:0 f\u00fcr das neue Garagentor!<\/strong><\/p>\n<p><strong>In vielen deutschen Garagen verrichten noch immer alte Schwingtore ihren Dienst. Ein Austausch mit einem neuen ist in vielen F\u00e4llen sinnvoll, manchmal sogar notwendig \u2013 wenn das alte Tor zur potentiellen Unfallquelle wird. Im Spiel \u201eNeu gegen Alt\u201c kommt ein modernes Garagentor bei Optik, Komfort, Einbruchschutz, Bediensicherheit, Wirtschaftlichkeit und Energieeinsparung zu einem ungef\u00e4hrdeten 6:0-Sieg.<\/strong><\/p>\n<p>Beim Thema Sanierung liegt der Schwerpunkt derzeit auf dem Energiesparen. Dabei gibt es zahlreiche Bauteile am Haus, die nach vielen \u201eDienstjahren\u201c dringend einen Austausch n\u00f6tig haben, selbst wenn damit keine gro\u00dfe Energie-Einsparung einhergeht. Das kann ein maroder Zaun sein oder ein in die Jahre gekommenes Garagentor. Gerade hier ist oft nicht nur \u201eder Lack ab\u201c, manche sind sogar gef\u00e4hrlich: Sind die Federn ausgeleiert, k\u00f6nnten sie im schlimmsten Fall rei\u00dfen und dann sogar Menschen verletzen. Ein Ersatz ist schnell eingebaut und liefert sechs Vorteile:<\/p>\n<p><strong>Optik: <\/strong>Moderne Tore \u2013 zum Beispiel die CarTeck-Serie von Teckentrup (Verl) \u2013 gibt es heute in vielen Farben und mit unterschiedlichen Oberfl\u00e4chen. Mit Zierelementen und Glaseinl\u00e4ssen sind sie wesentlich attraktiver als \u00e4ltere Modelle. Zu jedem Baustil gibt es das passende Tor. Besonders elegant sind Sectionaltore, die zudem mehr Platz vor der Garage lassen als Klapptore.<\/p>\n<p><strong>Komfort: <\/strong>Zum heutigen Standard geh\u00f6ren elektrische Antriebe, optimiert auf die jeweilige Torgr\u00f6\u00dfe. Damit lassen sich Tore bequem aus dem Auto per Fernbedienung \u00f6ffnen und schlie\u00dfen. Gerade bei Regen ist es angenehm, zum Tor\u00f6ffnen nicht aussteigen zu m\u00fcssen.<\/p>\n<p><strong>Einbruchschutz: <\/strong>Ein gutes Garagentor sch\u00fctzt vor Langfingern, mit einem elektrischen Antrieb verbessert sich der Schutz. Die T\u00dcV-Siegel best\u00e4tigen von neutraler Seite das hohe Sicherheitsniveau. Dank moderner Verschl\u00fcsselungstechnologie wie sie Teckentrup nutzt, ist auch \u00fcber die Funkverbindung des Handsenders kein Missbrauch m\u00f6glich. \u00c4hnlich wie beim Online-Banking hat jede Aktion einen eigenen Code. So k\u00f6nnen potenzielle Diebe das Sendesignal nicht abfangen.<\/p>\n<p><strong>Bediensicherheit:<\/strong> Tore m\u00fcssen beim Hoch- und Runterfahren sicher sein und d\u00fcrfen keine Gefahrenquelle darstellen. Um das zu gew\u00e4hrleisten, fahren Tore sofort zur\u00fcck, wenn sie ein Hindernis ber\u00fchren. Noch sicherer wird es mit einer zus\u00e4tzlichen Lichtschranke: Dann stoppt das Tor schon, bevor es ein Hindernis ber\u00fchrt.<\/p>\n<p>Die Federn sind bei alten Toren oft ausgeleiert und ungesch\u00fctzt neben dem Tor angeordnet. Hier drohen Quetschungen durch Unachtsamkeit. Rei\u00dfen die Federn, sind auch schlimmere Unf\u00e4lle m\u00f6glich. Um diese Gefahrenquelle auszuschlie\u00dfen, liegen die Federn bei der CarTeck-Serie in einem eigenen Kanal unter der Decke. Hinzu kommt ein Fingerklemmschutz zwischen den Tor-Sectionen, um auch hier die Verletzungsgefahr zu minimieren.<\/p>\n<p><strong>Wirtschaftlichkeit:<\/strong> Erfahrene Handwerksbetriebe bauen ein Tor innerhalb weniger Stunden ein, langwierige Baustellen sind nicht zu bef\u00fcrchten. Die Investition bleibt \u00fcberschaubar \u2013 vor bei Sonderaktionen der Hersteller (\u201eCarTeck-Aktion\u201c) liegt der Einstiegspreis f\u00fcr das Tor schon unter 1.000 Euro.<\/p>\n<p><strong>Energieeinsparung: <\/strong>CarTeck-Tore sind mit einem 40-Millimeter-D\u00e4mmkern ausgestattet. So sch\u00fctzen sie auch vor extremen Temperaturen in der Garage. Das ist gut f\u00fcr die Fahrzeuge und ebenso f\u00fcr den Heimwerker, der seine Werkbank in der Garage hat. Das neue Tor punktet am Ende damit auch \u00fcber das Argument \u201eEnergie sparen\u201c<\/p>\n<p><strong>Endstand: 6:0<\/strong> f\u00fcr ein neues Garagentor. Noch ein Tipp: Der \u201eGaragentor-Konfigurator\u201c (<a href=\"http:\/\/www.teckentrup.bi\" target=\"_blank\" rel=\"noopener noreferrer\">www.teckentrup.bi<\/a>z) zeigt, wie das neue Tor in der alten Garage aussieht: einfach Foto hochladen, Wunschtor w\u00e4hlen \u2013 fertig.<\/p>\n<hr noshade=\"noshade\" size=\"1\" \/>\n<table border=\"0\" width=\"520\" cellspacing=\"0\" cellpadding=\"0\">\n<tbody>\n<tr>\n<td valign=\"top\" width=\"380\"><a href=\"http:\/\/www.pr-neu.de\/newsroom\/wordpress\/wp-content\/uploads\/2016\/03\/16-02-Tor_G.jpg\"><img loading=\"lazy\" decoding=\"async\" class=\"size-medium wp-image-12624\" src=\"http:\/\/www.pr-neu.de\/newsroom\/wordpress\/wp-content\/uploads\/2016\/03\/16-02-Tor_G-300x225.jpg\" alt=\"\" width=\"300\" height=\"225\" srcset=\"https:\/\/www.pr-neu.de\/newsroom\/wordpress\/wp-content\/uploads\/2016\/03\/16-02-Tor_G-300x225.jpg 300w, https:\/\/www.pr-neu.de\/newsroom\/wordpress\/wp-content\/uploads\/2016\/03\/16-02-Tor_G-1024x769.jpg 1024w, https:\/\/www.pr-neu.de\/newsroom\/wordpress\/wp-content\/uploads\/2016\/03\/16-02-Tor_G-768x576.jpg 768w, https:\/\/www.pr-neu.de\/newsroom\/wordpress\/wp-content\/uploads\/2016\/03\/16-02-Tor_G-1536x1153.jpg 1536w, https:\/\/www.pr-neu.de\/newsroom\/wordpress\/wp-content\/uploads\/2016\/03\/16-02-Tor_G-110x83.jpg 110w, https:\/\/www.pr-neu.de\/newsroom\/wordpress\/wp-content\/uploads\/2016\/03\/16-02-Tor_G-420x315.jpg 420w, https:\/\/www.pr-neu.de\/newsroom\/wordpress\/wp-content\/uploads\/2016\/03\/16-02-Tor_G-573x430.jpg 573w, https:\/\/www.pr-neu.de\/newsroom\/wordpress\/wp-content\/uploads\/2016\/03\/16-02-Tor_G.jpg 1772w\" sizes=\"auto, (max-width: 300px) 100vw, 300px\" \/><\/a><\/td>\n<td>Sechs gute Gr\u00fcnde f\u00fcrs Auswechseln: Ein neues Garagentor sieht besser aus, bietet mehr Komfort, widersteht Einbruchsversuchen, l\u00e4uft sicherer, ist wirtschaftlich und spart Energie.<\/p>\n<p>Bild: Teckentrup<\/td>\n<\/tr>\n<\/tbody>\n<\/table>\n<hr noshade=\"noshade\" size=\"1\" \/>\n<p>Abdruck honorarfrei, Belegexemplar erbeten<\/p>\n<p>R\u00fcckfragen beantwortet gern:<\/p>\n<p><strong>Teckentrup<\/strong> GmbH &amp; Co. KG<br \/>\nTel.: 05246 \/ 5 04-350 \/ Fax: -173<br \/>\nE-Mail: <a href=\"&#109;&#97;&#x69;&#x6c;&#116;&#111;&#x3a;&#x6d;&#97;&#114;&#x6b;&#x65;&#116;&#105;&#x6e;&#x67;&#64;&#116;&#x65;&#x63;&#107;&#101;&#x6e;&#x74;&#114;&#117;&#x70;&#x2e;&#98;&#105;&#x7a;\">&#x6d;&#97;&#x72;&#107;e&#x74;&#105;n&#x67;&#64;&#x74;&#x65;c&#x6b;&#101;n&#x74;&#114;&#x75;&#x70;&#46;&#x62;&#105;z<\/a><\/td>\n<\/tr>\n<\/tbody>\n<\/table>\n<table border=\"0\" width=\"500\">\n<tbody>\n<tr>\n<td><!-- AddThis Button BEGIN --><\/td>\n<\/tr>\n<\/tbody>\n<\/table>\n","protected":false},"excerpt":{"rendered":"<p>Sch\u00f6n, sicher, komfortabel: 6:0 f\u00fcr das neue Garagentor! In vielen deutschen Garagen verrichten noch immer alte Schwingtore ihren Dienst. Ein Austausch mit einem neuen ist in vielen F\u00e4llen sinnvoll, manchmal sogar notwendig \u2013 wenn das alte Tor zur potentiellen Unfallquelle wird. Im Spiel \u201eNeu gegen Alt\u201c kommt ein modernes Garagentor bei Optik, Komfort, Einbruchschutz, Bediensicherheit, [&hellip;]<\/p>\n","protected":false},"author":6,"featured_media":0,"comment_status":"closed","ping_status":"open","sticky":false,"template":"","format":"standard","meta":{"footnotes":""},"categories":[3,18],"tags":[],"class_list":["post-4039","post","type-post","status-publish","format-standard","hentry","category-kundenmeldungen","category-teckentrup"],"_links":{"self":[{"href":"https:\/\/www.pr-neu.de\/newsroom\/wp-json\/wp\/v2\/posts\/4039","targetHints":{"allow":["GET"]}}],"collection":[{"href":"https:\/\/www.pr-neu.de\/newsroom\/wp-json\/wp\/v2\/posts"}],"about":[{"href":"https:\/\/www.pr-neu.de\/newsroom\/wp-json\/wp\/v2\/types\/post"}],"author":[{"embeddable":true,"href":"https:\/\/www.pr-neu.de\/newsroom\/wp-json\/wp\/v2\/users\/6"}],"replies":[{"embeddable":true,"href":"https:\/\/www.pr-neu.de\/newsroom\/wp-json\/wp\/v2\/comments?post=4039"}],"version-history":[{"count":5,"href":"https:\/\/www.pr-neu.de\/newsroom\/wp-json\/wp\/v2\/posts\/4039\/revisions"}],"predecessor-version":[{"id":12626,"href":"https:\/\/www.pr-neu.de\/newsroom\/wp-json\/wp\/v2\/posts\/4039\/revisions\/12626"}],"wp:attachment":[{"href":"https:\/\/www.pr-neu.de\/newsroom\/wp-json\/wp\/v2\/media?parent=4039"}],"wp:term":[{"taxonomy":"category","embeddable":true,"href":"https:\/\/www.pr-neu.de\/newsroom\/wp-json\/wp\/v2\/categories?post=4039"},{"taxonomy":"post_tag","embeddable":true,"href":"https:\/\/www.pr-neu.de\/newsroom\/wp-json\/wp\/v2\/tags?post=4039"}],"curies":[{"name":"wp","href":"https:\/\/api.w.org\/{rel}","templated":true}]}}