{"id":4037,"date":"2016-03-02T08:00:22","date_gmt":"2016-03-02T08:00:22","guid":{"rendered":"http:\/\/www.pr-nord.de\/newsroom\/?p=4037"},"modified":"2020-05-28T10:48:22","modified_gmt":"2020-05-28T08:48:22","slug":"gummi-statt-math","status":"publish","type":"post","link":"https:\/\/www.pr-neu.de\/newsroom\/gummi-statt-math\/","title":{"rendered":"Gummi statt Math"},"content":{"rendered":"<table border=\"0\" width=\"520\" cellspacing=\"0\" cellpadding=\"0\">\n<tbody>\n<tr>\n<td><u>Neu zur Farbe, Ausbau und Fassade: Fugenma\u00df bestimmen mit Sto-Flextool <\/u><\/p>\n<p><strong> Gummi statt Mathe<\/strong><\/p>\n<p><strong> Ein elastisches Gummiband macht aus der Knobelaufgabe \u201eFugenma\u00df festlegen\u201c einen leichten Handgriff.<br \/>\nSto-Flextool findet die Fugenbreite \u201eautomatisch\u201c. Insbesondere auf WDVS l\u00e4sst sich eine vorgegebene Fl\u00e4che ganz einfach in die optimale Anzahl gleichm\u00e4\u00dfiger Abschnitte einteilen. Sto pr\u00e4sentierte die neue Arbeitshilfe jetzt auf der \u201eFarbe, Ausbau und Fassade\u201c. <\/strong><\/p>\n<p>Bei Schlussbeschichtungen auf WDVS geht heutzutage fast alles; auch Klinker sind kein Problem. Die keramischen Bel\u00e4ge in ihren unterschiedlichen Steinformaten (z.B. DF\/NF\/LF) liegen derzeit im Trend. Was bei Sichtmauerwerk selbstverst\u00e4ndlich ist \u2013 verschnittfreie Steinreihenzahl, auch bei Geb\u00e4ude\u00f6ffnungen \u2013 kann auf einem Fassadend\u00e4mmsystem zur kniffligen Rechenaufgabe werden. Darum wurde Sto-Flextool entwickelt, ein einfach handhabbares Werkzeug, das Strecken schnell in gleichm\u00e4\u00dfige Abschnitte (Steinh\u00f6he DF\/NF) einteilt. Die Fugenbreite ergibt sich dabei \u201eautomatisch\u201c, das Schichtma\u00df passt so genau zur Fl\u00e4che.<\/p>\n<p><strong> Anrei\u00dfen leicht gemacht<\/strong><\/p>\n<p>Bei der Planung einer Verblendung mit Klinker steht der Fachhandwerker vor der Aufgabe, die Fassade entsprechend einzuteilen und zu markieren. Sto-Flextool vereinfacht das Anrei\u00dfen, insbesondere dann, wenn L\u00e4ngen an Geb\u00e4ude\u00f6ffnungen abgegriffen werden m\u00fcssen, um die jeweils notwendigen vollen Verbandsschichten (au\u00dferhalb des Schichtma\u00dfes) zu bestimmen.<\/p>\n<p>Daf\u00fcr wird Sto-Flextool auf die passende L\u00e4nge zugeschnitten beziehungsweise gezogen. Das Werkzeug besteht aus einem elastischen Gummiband, auf dem Kunststoffh\u00fclsen fixiert sind. Wird eine Kunststoffh\u00fclse am sp\u00e4teren Kantenverlauf eines Steins (z.B. entlang einer Laibungs\u00f6ffnung) ausgerichtet und beispielsweise mit einem Nagel befestigt, kann das flexible Band durch lotrechtes Ziehen bis zur Kante einer anderen Steinreihe oder Laibungskante gedehnt und dort befestigt werden. Da die H\u00fclsen dem Steinformat entsprechen, beschreiben die bei der gleichm\u00e4\u00dfigen Dehnung entstehenden Spalten zwischen den H\u00fclsen Lage und Breite der Fugen. Der Handwerker kann die Strecke nun \u2013 ohne Messen und Rechnen \u2013 in die optimale Anzahl voller Steinschichten einteilen: Mit nur einem Werkzeug, einfach, Fehler vermeidend und vor allem schnell. Die H\u00f6hen werden durch die variable Fugenbreite gleichm\u00e4\u00dfig vermittelt.<\/p>\n<hr noshade=\"noshade\" size=\"1\" \/>\n<p>&nbsp;<\/p>\n<table border=\"0\" width=\"520\" cellspacing=\"0\" cellpadding=\"0\">\n<tbody>\n<tr>\n<td valign=\"top\" width=\"370\" height=\"25\"><a href=\"http:\/\/www.pr-neu.de\/newsroom\/wordpress\/wp-content\/uploads\/2016\/03\/16-10-Sto-Flextool_G.jpg\"><img loading=\"lazy\" decoding=\"async\" class=\"size-medium wp-image-12638\" src=\"http:\/\/www.pr-neu.de\/newsroom\/wordpress\/wp-content\/uploads\/2016\/03\/16-10-Sto-Flextool_G-300x225.jpg\" alt=\"\" width=\"300\" height=\"225\" srcset=\"https:\/\/www.pr-neu.de\/newsroom\/wordpress\/wp-content\/uploads\/2016\/03\/16-10-Sto-Flextool_G-300x225.jpg 300w, https:\/\/www.pr-neu.de\/newsroom\/wordpress\/wp-content\/uploads\/2016\/03\/16-10-Sto-Flextool_G-1024x768.jpg 1024w, https:\/\/www.pr-neu.de\/newsroom\/wordpress\/wp-content\/uploads\/2016\/03\/16-10-Sto-Flextool_G-768x576.jpg 768w, https:\/\/www.pr-neu.de\/newsroom\/wordpress\/wp-content\/uploads\/2016\/03\/16-10-Sto-Flextool_G-1536x1152.jpg 1536w, https:\/\/www.pr-neu.de\/newsroom\/wordpress\/wp-content\/uploads\/2016\/03\/16-10-Sto-Flextool_G-110x82.jpg 110w, https:\/\/www.pr-neu.de\/newsroom\/wordpress\/wp-content\/uploads\/2016\/03\/16-10-Sto-Flextool_G-420x315.jpg 420w, https:\/\/www.pr-neu.de\/newsroom\/wordpress\/wp-content\/uploads\/2016\/03\/16-10-Sto-Flextool_G-573x430.jpg 573w, https:\/\/www.pr-neu.de\/newsroom\/wordpress\/wp-content\/uploads\/2016\/03\/16-10-Sto-Flextool_G.jpg 1795w\" sizes=\"auto, (max-width: 300px) 100vw, 300px\" \/><\/a><\/p>\n<p>&nbsp;<\/td>\n<td colspan=\"3\" valign=\"top\" height=\"21\">Nimmt dem Klinkeraufma\u00df den Schrecken: Sto-Flextool.<\/p>\n<p>Foto:<\/p>\n<p>Sto SE &amp; Co. KGaA<\/p>\n<p>&nbsp;<\/td>\n<\/tr>\n<\/tbody>\n<\/table>\n<hr noshade=\"noshade\" size=\"1\" \/>\n<p>Abdruck honorarfrei, Belegexemplar erbeten<\/td>\n<\/tr>\n<\/tbody>\n<\/table>\n","protected":false},"excerpt":{"rendered":"<p>Neu zur Farbe, Ausbau und Fassade: Fugenma\u00df bestimmen mit Sto-Flextool Gummi statt Mathe Ein elastisches Gummiband macht aus der Knobelaufgabe \u201eFugenma\u00df festlegen\u201c einen leichten Handgriff. Sto-Flextool findet die Fugenbreite \u201eautomatisch\u201c. Insbesondere auf WDVS l\u00e4sst sich eine vorgegebene Fl\u00e4che ganz einfach in die optimale Anzahl gleichm\u00e4\u00dfiger Abschnitte einteilen. Sto pr\u00e4sentierte die neue Arbeitshilfe jetzt auf der [&hellip;]<\/p>\n","protected":false},"author":6,"featured_media":0,"comment_status":"closed","ping_status":"open","sticky":false,"template":"","format":"standard","meta":{"footnotes":""},"categories":[3,15],"tags":[],"class_list":["post-4037","post","type-post","status-publish","format-standard","hentry","category-kundenmeldungen","category-sto"],"_links":{"self":[{"href":"https:\/\/www.pr-neu.de\/newsroom\/wp-json\/wp\/v2\/posts\/4037","targetHints":{"allow":["GET"]}}],"collection":[{"href":"https:\/\/www.pr-neu.de\/newsroom\/wp-json\/wp\/v2\/posts"}],"about":[{"href":"https:\/\/www.pr-neu.de\/newsroom\/wp-json\/wp\/v2\/types\/post"}],"author":[{"embeddable":true,"href":"https:\/\/www.pr-neu.de\/newsroom\/wp-json\/wp\/v2\/users\/6"}],"replies":[{"embeddable":true,"href":"https:\/\/www.pr-neu.de\/newsroom\/wp-json\/wp\/v2\/comments?post=4037"}],"version-history":[{"count":4,"href":"https:\/\/www.pr-neu.de\/newsroom\/wp-json\/wp\/v2\/posts\/4037\/revisions"}],"predecessor-version":[{"id":12639,"href":"https:\/\/www.pr-neu.de\/newsroom\/wp-json\/wp\/v2\/posts\/4037\/revisions\/12639"}],"wp:attachment":[{"href":"https:\/\/www.pr-neu.de\/newsroom\/wp-json\/wp\/v2\/media?parent=4037"}],"wp:term":[{"taxonomy":"category","embeddable":true,"href":"https:\/\/www.pr-neu.de\/newsroom\/wp-json\/wp\/v2\/categories?post=4037"},{"taxonomy":"post_tag","embeddable":true,"href":"https:\/\/www.pr-neu.de\/newsroom\/wp-json\/wp\/v2\/tags?post=4037"}],"curies":[{"name":"wp","href":"https:\/\/api.w.org\/{rel}","templated":true}]}}