{"id":4032,"date":"2016-03-02T08:00:55","date_gmt":"2016-03-02T08:00:55","guid":{"rendered":"http:\/\/www.pr-nord.de\/newsroom\/?p=4032"},"modified":"2020-05-28T10:39:49","modified_gmt":"2020-05-28T08:39:49","slug":"strenges-raster","status":"publish","type":"post","link":"https:\/\/www.pr-neu.de\/newsroom\/strenges-raster\/","title":{"rendered":"Strenges Raster"},"content":{"rendered":"<table border=\"0\" width=\"520\" cellspacing=\"0\" cellpadding=\"0\">\n<tbody>\n<tr>\n<td><u> Ged\u00e4mmte Klinkerfassade<\/u><\/p>\n<p><strong>Strenges Raster<\/strong><\/p>\n<p><strong>ASTOC Architects and Planners entwarfen im K\u00f6lner Stadtteil Deutz ein modernes B\u00fcrogeb\u00e4ude mit einem um einen Innenhof gegliederten Grundriss und hellen, lichtdurch\ufb02uteten R\u00e4umen. Der weithin sichtbare \u201eK\u00f6lnCubus\u201c markiert die Wandlung einer urbanen Brache in einen B\u00fcrostandort. Mit \u00fcberragendem Erfolg: Schon vor Fertigstellung waren alle Fl\u00e4chen vermietet.<\/strong><\/p>\n<p>Der rechtsrheinische Stadtteil Deutz gilt als eine der am st\u00e4rksten prosperierenden Lagen des K\u00f6lner Zentrums. Die Lanxess Arena, die K\u00f6lnmesse und auch Unternehmen wie RTL oder Lufthansa sind hier angesiedelt. Insbesondere das Deutzer Feld, ein Gel\u00e4nde der ehemaligen chemischen Fabrik Kalk, bietet Raum f\u00fcr Entwicklung. Hier planten ASTOC Architects and Planners aus K\u00f6ln auf einem prominenten Eckgrundst\u00fcck den K\u00f6lnCubus: ein siebengeschossiges B\u00fcrogeb\u00e4ude mit 11.000 Quadratmetern Bruttogeschoss\ufb02\u00e4che und einer H\u00f6he von 30 Metern. Der geradlinige Entwurf \u00fcberzeugt mit einer klar gegliederten Fassade aus Klinkerriemchen und markanten Fensterfaschen. Der begr\u00fcnte Innenhof sorgt f\u00fcr Lebendigkeit. Das von Weitem sichtbare Geb\u00e4ude bietet neben der guten Verkehrsanbindung hochwertige Arbeitspl\u00e4tze mit Aussicht auf die K\u00f6lner Skyline oder den gr\u00fcnen Innenhof. Der \ufb02exibel gestaltete Neubau verf\u00fcgt \u00fcber ein offenes Atrium mit drei voneinander unabh\u00e4ngigen, ebenerdigen Hauptzug\u00e4ngen. Die separate Erschlie\u00dfung der B\u00fcro\ufb02\u00e4chen ist somit ebenso sichergestellt wie eine vertikale Verbindung der Mieteinheiten \u2013 je nach Bedarf der Mieter. Das Konzept ging auf: Noch vor der Fertigstellung waren bereits alle Fl\u00e4chen vermietet.<\/p>\n<hr noshade=\"noshade\" size=\"1\" \/>\n<p>&nbsp;<\/p>\n<p><strong>Bautafel<\/strong><\/p>\n<p><strong>Bauherr<\/strong>:<br \/>\nK\u00f6lnCubus GmbH &amp; Co. KG, D\u00fcsseldorf<br \/>\n<strong>Architekt: <\/strong> ASTOC Architects and Planners, K\u00f6ln<br \/>\n<strong>Generalunternehmer<\/strong>:<br \/>\nBaresel GmbH, Leinfelden-Echterdingen<br \/>\n<strong>Standort:<\/strong> Erna-Schef\ufb02er-Stra\u00dfe, K\u00f6ln<br \/>\n<strong>Sto-Kompetenzen:<\/strong> Fassadend\u00e4mmsystem (StoTherm Vario)<br \/>\nmit Klinkerbekleidung (StoBrick)<br \/>\n<strong>Fachhandwerker:<\/strong> P.S.A. Bauunternehmung GmbH, Neunkirchen<\/p>\n<p>&nbsp;<\/p>\n<hr noshade=\"noshade\" size=\"1\" \/>\n<p>&nbsp;<\/p>\n<table border=\"0\" width=\"520\" cellspacing=\"0\" cellpadding=\"0\">\n<tbody>\n<tr>\n<td valign=\"top\" width=\"370\" height=\"25\"><a href=\"http:\/\/www.pr-neu.de\/newsroom\/wordpress\/wp-content\/uploads\/2016\/03\/16-11-KoelnCubus_aussen_G.jpg\"><img loading=\"lazy\" decoding=\"async\" class=\"size-medium wp-image-12619\" src=\"http:\/\/www.pr-neu.de\/newsroom\/wordpress\/wp-content\/uploads\/2016\/03\/16-11-KoelnCubus_aussen_G-300x237.jpg\" alt=\"\" width=\"300\" height=\"237\" srcset=\"https:\/\/www.pr-neu.de\/newsroom\/wordpress\/wp-content\/uploads\/2016\/03\/16-11-KoelnCubus_aussen_G-300x237.jpg 300w, https:\/\/www.pr-neu.de\/newsroom\/wordpress\/wp-content\/uploads\/2016\/03\/16-11-KoelnCubus_aussen_G-1024x808.jpg 1024w, https:\/\/www.pr-neu.de\/newsroom\/wordpress\/wp-content\/uploads\/2016\/03\/16-11-KoelnCubus_aussen_G-768x606.jpg 768w, https:\/\/www.pr-neu.de\/newsroom\/wordpress\/wp-content\/uploads\/2016\/03\/16-11-KoelnCubus_aussen_G-1536x1212.jpg 1536w, https:\/\/www.pr-neu.de\/newsroom\/wordpress\/wp-content\/uploads\/2016\/03\/16-11-KoelnCubus_aussen_G-110x87.jpg 110w, https:\/\/www.pr-neu.de\/newsroom\/wordpress\/wp-content\/uploads\/2016\/03\/16-11-KoelnCubus_aussen_G-420x331.jpg 420w, https:\/\/www.pr-neu.de\/newsroom\/wordpress\/wp-content\/uploads\/2016\/03\/16-11-KoelnCubus_aussen_G-545x430.jpg 545w, https:\/\/www.pr-neu.de\/newsroom\/wordpress\/wp-content\/uploads\/2016\/03\/16-11-KoelnCubus_aussen_G.jpg 1795w\" sizes=\"auto, (max-width: 300px) 100vw, 300px\" \/><\/a><\/p>\n<p>&nbsp;<\/td>\n<td colspan=\"3\" valign=\"top\" height=\"21\">Dreidimensional umrahmte, breite Fensterfaschen setzen sich mit einer metallisch schimmernden Optik markant von der hochged\u00e4mmten dunkelroten Klinkerfassade ab.<\/p>\n<p>Foto: Guido Erbring, K\u00f6ln \/ Sto SE &amp; Co. KGaA, St\u00fchlingen<\/p>\n<p>&nbsp;<\/td>\n<\/tr>\n<tr>\n<td valign=\"top\" width=\"370\" height=\"25\"><a href=\"http:\/\/www.pr-neu.de\/newsroom\/wordpress\/wp-content\/uploads\/2016\/03\/16-11-KoelnCubus_detail_G.jpg\"><img loading=\"lazy\" decoding=\"async\" class=\"size-medium wp-image-12620\" src=\"http:\/\/www.pr-neu.de\/newsroom\/wordpress\/wp-content\/uploads\/2016\/03\/16-11-KoelnCubus_detail_G-228x300.jpg\" alt=\"\" width=\"228\" height=\"300\" srcset=\"https:\/\/www.pr-neu.de\/newsroom\/wordpress\/wp-content\/uploads\/2016\/03\/16-11-KoelnCubus_detail_G-228x300.jpg 228w, https:\/\/www.pr-neu.de\/newsroom\/wordpress\/wp-content\/uploads\/2016\/03\/16-11-KoelnCubus_detail_G-778x1024.jpg 778w, https:\/\/www.pr-neu.de\/newsroom\/wordpress\/wp-content\/uploads\/2016\/03\/16-11-KoelnCubus_detail_G-768x1011.jpg 768w, https:\/\/www.pr-neu.de\/newsroom\/wordpress\/wp-content\/uploads\/2016\/03\/16-11-KoelnCubus_detail_G-1167x1536.jpg 1167w, https:\/\/www.pr-neu.de\/newsroom\/wordpress\/wp-content\/uploads\/2016\/03\/16-11-KoelnCubus_detail_G-84x110.jpg 84w, https:\/\/www.pr-neu.de\/newsroom\/wordpress\/wp-content\/uploads\/2016\/03\/16-11-KoelnCubus_detail_G-319x420.jpg 319w, https:\/\/www.pr-neu.de\/newsroom\/wordpress\/wp-content\/uploads\/2016\/03\/16-11-KoelnCubus_detail_G-327x430.jpg 327w, https:\/\/www.pr-neu.de\/newsroom\/wordpress\/wp-content\/uploads\/2016\/03\/16-11-KoelnCubus_detail_G.jpg 1364w\" sizes=\"auto, (max-width: 228px) 100vw, 228px\" \/><\/a><\/p>\n<p>&nbsp;<\/td>\n<td colspan=\"3\" valign=\"top\" height=\"21\">Dreidimensional umrahmte, breite Fensterfaschen setzen sich mit einer metallisch schimmernden Optik markant von der hochged\u00e4mmten dunkelroten Klinkerfassade ab.<\/p>\n<p>Foto: Guido Erbring, K\u00f6ln \/ Sto SE &amp; Co. KGaA, St\u00fchlingen<\/p>\n<p>&nbsp;<\/td>\n<\/tr>\n<\/tbody>\n<\/table>\n<hr noshade=\"noshade\" size=\"1\" \/>\n<p>Abdruck honorarfrei, Belegexemplar erbeten<\/td>\n<\/tr>\n<\/tbody>\n<\/table>\n","protected":false},"excerpt":{"rendered":"<p>Ged\u00e4mmte Klinkerfassade Strenges Raster ASTOC Architects and Planners entwarfen im K\u00f6lner Stadtteil Deutz ein modernes B\u00fcrogeb\u00e4ude mit einem um einen Innenhof gegliederten Grundriss und hellen, lichtdurch\ufb02uteten R\u00e4umen. Der weithin sichtbare \u201eK\u00f6lnCubus\u201c markiert die Wandlung einer urbanen Brache in einen B\u00fcrostandort. Mit \u00fcberragendem Erfolg: Schon vor Fertigstellung waren alle Fl\u00e4chen vermietet. Der rechtsrheinische Stadtteil Deutz gilt [&hellip;]<\/p>\n","protected":false},"author":6,"featured_media":0,"comment_status":"closed","ping_status":"open","sticky":false,"template":"","format":"standard","meta":{"footnotes":""},"categories":[3,15],"tags":[],"class_list":["post-4032","post","type-post","status-publish","format-standard","hentry","category-kundenmeldungen","category-sto"],"_links":{"self":[{"href":"https:\/\/www.pr-neu.de\/newsroom\/wp-json\/wp\/v2\/posts\/4032","targetHints":{"allow":["GET"]}}],"collection":[{"href":"https:\/\/www.pr-neu.de\/newsroom\/wp-json\/wp\/v2\/posts"}],"about":[{"href":"https:\/\/www.pr-neu.de\/newsroom\/wp-json\/wp\/v2\/types\/post"}],"author":[{"embeddable":true,"href":"https:\/\/www.pr-neu.de\/newsroom\/wp-json\/wp\/v2\/users\/6"}],"replies":[{"embeddable":true,"href":"https:\/\/www.pr-neu.de\/newsroom\/wp-json\/wp\/v2\/comments?post=4032"}],"version-history":[{"count":4,"href":"https:\/\/www.pr-neu.de\/newsroom\/wp-json\/wp\/v2\/posts\/4032\/revisions"}],"predecessor-version":[{"id":12621,"href":"https:\/\/www.pr-neu.de\/newsroom\/wp-json\/wp\/v2\/posts\/4032\/revisions\/12621"}],"wp:attachment":[{"href":"https:\/\/www.pr-neu.de\/newsroom\/wp-json\/wp\/v2\/media?parent=4032"}],"wp:term":[{"taxonomy":"category","embeddable":true,"href":"https:\/\/www.pr-neu.de\/newsroom\/wp-json\/wp\/v2\/categories?post=4032"},{"taxonomy":"post_tag","embeddable":true,"href":"https:\/\/www.pr-neu.de\/newsroom\/wp-json\/wp\/v2\/tags?post=4032"}],"curies":[{"name":"wp","href":"https:\/\/api.w.org\/{rel}","templated":true}]}}