{"id":4021,"date":"2016-03-02T08:00:23","date_gmt":"2016-03-02T08:00:23","guid":{"rendered":"http:\/\/www.pr-nord.de\/newsroom\/?p=4021"},"modified":"2020-05-28T10:47:28","modified_gmt":"2020-05-28T08:47:28","slug":"schimmelsanierung-leicht-und-sicher","status":"publish","type":"post","link":"https:\/\/www.pr-neu.de\/newsroom\/schimmelsanierung-leicht-und-sicher\/","title":{"rendered":"Schimmelsanierung leicht und sicher"},"content":{"rendered":"<table border=\"0\" width=\"520\" cellspacing=\"0\" cellpadding=\"0\">\n<tbody>\n<tr>\n<td><u>Neu zur \u201eFarbe, Ausbau &amp; Fassade\u201c: \u201eKlimaKomfort\u201c von S\u00fcdwest<\/u><\/p>\n<p><strong>Schimmelsanierung leicht und sicher<\/strong><\/p>\n<p>Schnell, sauber, kosteneffizient: Die neue \u201eKlimaKomfort\u201c-Platte entzieht dem Schimmel seine Wachstumsgrundlage und macht die Schimmelsanierung so zu einem einfachen Projekt. Gefertigt aus dem Vulkangestein Perlit sind die handlichen Platten verlegefreundlich und zu 100 Prozent Natur. S\u00fcdwest pr\u00e4sentierte die neue Platte als Teil der Profi-Systeml\u00f6sung zur modernen Schimmelsanierung auf der \u201eFarbe, Ausbau &amp; Fassade\u201c.<\/p>\n<p>Mit der \u201eKlimaKomfort\u201c-Platte f\u00fchrt S\u00fcdwest Perlit als Material im Kampf gegen Schimmel ein. Die Idee ist so simpel wie die Anwendung: Durch permanenten Feuchtigkeitsentzug wird das Wachstum von Schimmelpilzen verhindert. Das au\u00dfergew\u00f6hnliche Aufnahmeverm\u00f6gen der Perlit-Platten macht sie dabei zu einer idealen Sanierungs-L\u00f6sung. Bis zu 13,7 Liter Wasser pro Quadratmeter nimmt das Vulkangestein auf und gibt es bei Trockenheit langsam wieder an die Raumluft ab. So wird die Luftfeuchtigkeit perfekt reguliert und dem Schimmel fehlt die Lebensgrundlage \u2013 eine sichere und bequeme L\u00f6sung f\u00fcr Verarbeiter und Bewohner.<\/p>\n<p><strong>Passiver Schutz, stets aktiv <\/strong><\/p>\n<p>Ist Schimmel im Haus, sollte schon der Gesundheit zuliebe schnell gehandelt werden, wie auch das Umweltbundesamt r\u00e4t: \u201eAuch geringe Schimmelpilzquellen im Innenraum sind aus Gr\u00fcnden des Gesundheitsschutzes zu beseitigen.\u201c Viele konventionelle Ans\u00e4tze zur Schimmelsanierung erwiesen sich bislang als aufw\u00e4ndig, sind wegen des Biozidgehalts oder wegen des schlechten Geruchs der Mittel f\u00fcr den Innenraum kaum geeignet. Mit den zu 100 Prozent nat\u00fcrlichen und \u00f6kologischen Perlit-Platten geh\u00f6ren diese Probleme jetzt der Vergangenheit an. Sie sch\u00fctzen die R\u00e4ume rund um die Uhr und regulieren den Feuchtigkeitsgehalt f\u00fcr einen andauernden Schimmelschutz.<\/p>\n<p>M\u00e4ngel der Bausubstanz sind selbstverst\u00e4ndlich dennoch zu beseitigen, ebenso wie das Heizen und L\u00fcften der R\u00e4ume regelm\u00e4\u00dfig und ausreichend erfolgen sollte. Wer einen automatischen Feuchtepuffer wie die Perlitplatte nutzt, kann diese Pflicht jedoch wesentlich entspannter angehen.<\/p>\n<p><strong>Einfaches und schnelles und Komplettsystem<\/strong><\/p>\n<p>Die \u201eKlimaKomfort\u201c-Platten gibt es im handlichen Format (62,5 x 41,6 Zentimeter): Minimale Bruchgefahr, ohne Kreiden oder Mehlen beim Transport. Sie lassen sich ohne gro\u00dfen Aufwand mit dem Cutter schnell, sauber und genau auf Ma\u00df schneiden.<br \/>\nAls Partner der Profis bietet S\u00fcdwest rund um die \u201eKlimaKomfort\u201c-Platten ein komplettes System f\u00fcr die moderne Schimmelsanierung. Von der Reinigung bis zur Beschichtung f\u00fcr feuchtigkeitsbelastete und schimmelgef\u00e4hrdete R\u00e4ume h\u00e4lt das \u201eKlimaKomfort\u201c-System passende L\u00f6sungen parat \u2013 innovativ, wirtschaftlich und nachhaltig.<\/p>\n<hr noshade=\"noshade\" size=\"1\" \/>\n<p><strong>S\u00fcdwest-Systeml\u00f6sung zur Schimmelsanierung<\/strong><\/p>\n<p><u>Untergrundvorbereitung und Reinigung<\/u><br \/>\nMit S\u00fcdwest <strong>Fungan<\/strong> oder dem <strong>Schimmel-Fresser<\/strong> l\u00e4sst sich die Schimmelsanierung ideal vorbereiten.<\/p>\n<p><u>Klebe- und Armierungsmasse<\/u><br \/>\nDer <strong>KlimaKomfort K+A-M\u00f6rtel<\/strong> ist wasserdampfdurchl\u00e4ssig, hoch alkalisch und vielseitig. Er dient zur Egalisation und als Kleber f\u00fcr die Perlit-Platte. Im sp\u00e4teren Verlauf wird er zur Armierung eingesetzt.<\/p>\n<p><u>Sanierungsplatte<\/u><br \/>\nDie saugstarke <strong>KlimaKomfort-Platte<\/strong> aus Perlit entzieht der Raumluft die Feuchtigkeit und dem Schimmel so die Grundlage. Sie ist handlich und verlegefreundlich.<\/p>\n<p><u>Schlussbeschichtung<\/u><br \/>\nS\u00fcdwest bietet mehrere Schlussbeschichtungen an. Grundlage ist die Grundierung <strong>(Fixativ)<\/strong>. F\u00fcr glatte Oberfl\u00e4chen gibt es den <strong>Rapid Spachtel<\/strong>, f\u00fcr feine Oberfl\u00e4chen den <strong>KlimaKomfort K+A M\u00f6rtel<\/strong> und f\u00fcr Putzfl\u00e4chen den <strong>SIL-InnenPutz<\/strong>. Als Farbe f\u00fcr alle Oberfl\u00e4chen bietet sich <strong>Bio-InnenSilikat<\/strong> an, da die silikatische Farbe ideal zum Schimmelschutzsystem passt.<\/p>\n<hr noshade=\"noshade\" size=\"1\" \/>\n<table border=\"0\" width=\"520\">\n<tbody>\n<tr>\n<td><a href=\"http:\/\/www.pr-neu.de\/newsroom\/wordpress\/wp-content\/uploads\/2016\/03\/16-02_Perlit_im_Glas_G.jpg\"><img loading=\"lazy\" decoding=\"async\" class=\"size-medium wp-image-12634\" src=\"http:\/\/www.pr-neu.de\/newsroom\/wordpress\/wp-content\/uploads\/2016\/03\/16-02_Perlit_im_Glas_G-300x202.jpg\" alt=\"\" width=\"300\" height=\"202\" srcset=\"https:\/\/www.pr-neu.de\/newsroom\/wordpress\/wp-content\/uploads\/2016\/03\/16-02_Perlit_im_Glas_G-300x202.jpg 300w, https:\/\/www.pr-neu.de\/newsroom\/wordpress\/wp-content\/uploads\/2016\/03\/16-02_Perlit_im_Glas_G-1024x690.jpg 1024w, https:\/\/www.pr-neu.de\/newsroom\/wordpress\/wp-content\/uploads\/2016\/03\/16-02_Perlit_im_Glas_G-768x518.jpg 768w, https:\/\/www.pr-neu.de\/newsroom\/wordpress\/wp-content\/uploads\/2016\/03\/16-02_Perlit_im_Glas_G-1536x1035.jpg 1536w, https:\/\/www.pr-neu.de\/newsroom\/wordpress\/wp-content\/uploads\/2016\/03\/16-02_Perlit_im_Glas_G-110x74.jpg 110w, https:\/\/www.pr-neu.de\/newsroom\/wordpress\/wp-content\/uploads\/2016\/03\/16-02_Perlit_im_Glas_G-420x283.jpg 420w, https:\/\/www.pr-neu.de\/newsroom\/wordpress\/wp-content\/uploads\/2016\/03\/16-02_Perlit_im_Glas_G-638x430.jpg 638w, https:\/\/www.pr-neu.de\/newsroom\/wordpress\/wp-content\/uploads\/2016\/03\/16-02_Perlit_im_Glas_G.jpg 1795w\" sizes=\"auto, (max-width: 300px) 100vw, 300px\" \/><\/a><\/td>\n<td valign=\"top\">Das Vulkangestein Perlit in verschiedenen Bearbeitungszust\u00e4nden.<\/p>\n<p>Bild: S\u00fcdwest\/Sto<\/td>\n<\/tr>\n<tr>\n<td><a href=\"http:\/\/www.pr-neu.de\/newsroom\/wordpress\/wp-content\/uploads\/2016\/03\/16-02_KK_Platte_Cutter_G.jpg\"><img loading=\"lazy\" decoding=\"async\" class=\"size-medium wp-image-12635\" src=\"http:\/\/www.pr-neu.de\/newsroom\/wordpress\/wp-content\/uploads\/2016\/03\/16-02_KK_Platte_Cutter_G-225x300.jpg\" alt=\"\" width=\"225\" height=\"300\" srcset=\"https:\/\/www.pr-neu.de\/newsroom\/wordpress\/wp-content\/uploads\/2016\/03\/16-02_KK_Platte_Cutter_G-225x300.jpg 225w, https:\/\/www.pr-neu.de\/newsroom\/wordpress\/wp-content\/uploads\/2016\/03\/16-02_KK_Platte_Cutter_G-768x1024.jpg 768w, https:\/\/www.pr-neu.de\/newsroom\/wordpress\/wp-content\/uploads\/2016\/03\/16-02_KK_Platte_Cutter_G-1152x1536.jpg 1152w, https:\/\/www.pr-neu.de\/newsroom\/wordpress\/wp-content\/uploads\/2016\/03\/16-02_KK_Platte_Cutter_G-82x110.jpg 82w, https:\/\/www.pr-neu.de\/newsroom\/wordpress\/wp-content\/uploads\/2016\/03\/16-02_KK_Platte_Cutter_G-315x420.jpg 315w, https:\/\/www.pr-neu.de\/newsroom\/wordpress\/wp-content\/uploads\/2016\/03\/16-02_KK_Platte_Cutter_G-322x430.jpg 322w, https:\/\/www.pr-neu.de\/newsroom\/wordpress\/wp-content\/uploads\/2016\/03\/16-02_KK_Platte_Cutter_G.jpg 1346w\" sizes=\"auto, (max-width: 225px) 100vw, 225px\" \/><\/a><\/td>\n<td valign=\"top\">Die KlimaKomfort Platte aus Perlit ist leicht, schnell und sauber zu verarbeiten. Das Cuttermesser ersetzt die S\u00e4ge.<\/p>\n<p>Bild: S\u00fcdwest\/Sto<\/td>\n<\/tr>\n<tr>\n<td><a href=\"http:\/\/www.pr-neu.de\/newsroom\/wordpress\/wp-content\/uploads\/2016\/03\/16-02_KK_Platte_Wasser_G.jpg\"><img loading=\"lazy\" decoding=\"async\" class=\"size-medium wp-image-12636\" src=\"http:\/\/www.pr-neu.de\/newsroom\/wordpress\/wp-content\/uploads\/2016\/03\/16-02_KK_Platte_Wasser_G-225x300.jpg\" alt=\"\" width=\"225\" height=\"300\" srcset=\"https:\/\/www.pr-neu.de\/newsroom\/wordpress\/wp-content\/uploads\/2016\/03\/16-02_KK_Platte_Wasser_G-225x300.jpg 225w, https:\/\/www.pr-neu.de\/newsroom\/wordpress\/wp-content\/uploads\/2016\/03\/16-02_KK_Platte_Wasser_G-768x1024.jpg 768w, https:\/\/www.pr-neu.de\/newsroom\/wordpress\/wp-content\/uploads\/2016\/03\/16-02_KK_Platte_Wasser_G-1152x1536.jpg 1152w, https:\/\/www.pr-neu.de\/newsroom\/wordpress\/wp-content\/uploads\/2016\/03\/16-02_KK_Platte_Wasser_G-82x110.jpg 82w, https:\/\/www.pr-neu.de\/newsroom\/wordpress\/wp-content\/uploads\/2016\/03\/16-02_KK_Platte_Wasser_G-315x420.jpg 315w, https:\/\/www.pr-neu.de\/newsroom\/wordpress\/wp-content\/uploads\/2016\/03\/16-02_KK_Platte_Wasser_G-322x430.jpg 322w, https:\/\/www.pr-neu.de\/newsroom\/wordpress\/wp-content\/uploads\/2016\/03\/16-02_KK_Platte_Wasser_G.jpg 1346w\" sizes=\"auto, (max-width: 225px) 100vw, 225px\" \/><\/a><\/td>\n<td valign=\"top\">Die KlimaKomfort-Platten aus Perlit sind \u00e4u\u00dferst saugstark. Bis zu 13,7 Liter pro Quadratmeter k\u00f6nnen aufgenommen werden.<\/p>\n<p>Bild: S\u00fcdwest\/Sto<\/td>\n<\/tr>\n<\/tbody>\n<\/table>\n<hr align=\"left\" size=\"1\" \/>\n<p><strong>S\u00fcdwest<\/strong> entwickelt und produziert seit mehr als 90 Jahren Lacke und Farben f\u00fcr die unterschiedlichsten Anwendungen. Erg\u00e4nzt werden die Kernsortimente noch um ein malerfreundliches W\u00e4rmed\u00e4mmverbundsystem und Putze. Sie stehen f\u00fcr Top Qualit\u00e4t, hohe Funktionalit\u00e4t, zeitgem\u00e4\u00dfe Wirtschaftlichkeit und zukunftsweisende Umweltvertr\u00e4glichkeit. Im Mittelpunkt stehen dabei die speziellen Bed\u00fcrfnissen und Anforderungen des professionellen Verarbeiters: Die N\u00e4he zum Handwerk charakterisiert das Selbstverst\u00e4ndnis des Mittelst\u00e4ndlers. Dazu z\u00e4hlt Kundenn\u00e4he mit einer \u201eGeht-nicht-gibt\u2019s-nicht-Mentalit\u00e4t\u201c. S\u00dcDWEST Produkte sind die Summe aus jahrzehntelanger Erfahrung, fundiertem Know-How und hoher an den Marktbed\u00fcrfnissen orientierter Innovationskraft. Gemeinsam mit den Partnern im Handel sorgt S\u00fcdwest f\u00fcr einen stets funktionierenden 24-Stunden-Lieferservice und bietet zus\u00e4tzliche Services \u2013 beispielsweise Technische Beratung, Design-Studio und Abt\u00f6nservice.<\/p>\n<hr noshade=\"noshade\" size=\"1\" \/>\n<p>Abdruck honorarfrei, Belegexemplar erbeten<\/td>\n<\/tr>\n<\/tbody>\n<\/table>\n<p><!-- AddThis Button BEGIN --><\/p>\n<div class=\"addthis_toolbox addthis_default_style\"><\/div>\n","protected":false},"excerpt":{"rendered":"<p>Neu zur \u201eFarbe, Ausbau &amp; Fassade\u201c: \u201eKlimaKomfort\u201c von S\u00fcdwest Schimmelsanierung leicht und sicher Schnell, sauber, kosteneffizient: Die neue \u201eKlimaKomfort\u201c-Platte entzieht dem Schimmel seine Wachstumsgrundlage und macht die Schimmelsanierung so zu einem einfachen Projekt. Gefertigt aus dem Vulkangestein Perlit sind die handlichen Platten verlegefreundlich und zu 100 Prozent Natur. S\u00fcdwest pr\u00e4sentierte die neue Platte als Teil [&hellip;]<\/p>\n","protected":false},"author":6,"featured_media":0,"comment_status":"closed","ping_status":"open","sticky":false,"template":"","format":"standard","meta":{"footnotes":""},"categories":[3,17],"tags":[],"class_list":["post-4021","post","type-post","status-publish","format-standard","hentry","category-kundenmeldungen","category-sudwest"],"_links":{"self":[{"href":"https:\/\/www.pr-neu.de\/newsroom\/wp-json\/wp\/v2\/posts\/4021","targetHints":{"allow":["GET"]}}],"collection":[{"href":"https:\/\/www.pr-neu.de\/newsroom\/wp-json\/wp\/v2\/posts"}],"about":[{"href":"https:\/\/www.pr-neu.de\/newsroom\/wp-json\/wp\/v2\/types\/post"}],"author":[{"embeddable":true,"href":"https:\/\/www.pr-neu.de\/newsroom\/wp-json\/wp\/v2\/users\/6"}],"replies":[{"embeddable":true,"href":"https:\/\/www.pr-neu.de\/newsroom\/wp-json\/wp\/v2\/comments?post=4021"}],"version-history":[{"count":4,"href":"https:\/\/www.pr-neu.de\/newsroom\/wp-json\/wp\/v2\/posts\/4021\/revisions"}],"predecessor-version":[{"id":12637,"href":"https:\/\/www.pr-neu.de\/newsroom\/wp-json\/wp\/v2\/posts\/4021\/revisions\/12637"}],"wp:attachment":[{"href":"https:\/\/www.pr-neu.de\/newsroom\/wp-json\/wp\/v2\/media?parent=4021"}],"wp:term":[{"taxonomy":"category","embeddable":true,"href":"https:\/\/www.pr-neu.de\/newsroom\/wp-json\/wp\/v2\/categories?post=4021"},{"taxonomy":"post_tag","embeddable":true,"href":"https:\/\/www.pr-neu.de\/newsroom\/wp-json\/wp\/v2\/tags?post=4021"}],"curies":[{"name":"wp","href":"https:\/\/api.w.org\/{rel}","templated":true}]}}