{"id":4009,"date":"2016-03-02T08:00:41","date_gmt":"2016-03-02T08:00:41","guid":{"rendered":"http:\/\/www.pr-nord.de\/newsroom\/?p=4009"},"modified":"2024-07-31T11:53:41","modified_gmt":"2024-07-31T09:53:41","slug":"schuetzt-die-fassade-und-die-umwelt","status":"publish","type":"post","link":"https:\/\/www.pr-neu.de\/newsroom\/schuetzt-die-fassade-und-die-umwelt\/","title":{"rendered":"Sch\u00fctzt die Fassade und die Umwelt"},"content":{"rendered":"<p><u>Neu zur FAF: StoColor Solical mit dem Umweltzeichen \u201eDer Blaue Engel\u201c ausgezeichnet <\/u><\/p>\n<p><strong> Sch\u00fctzt die Fassade <\/strong><strong>und die Umwelt <\/strong><\/p>\n<p><strong>\u00d6kologisch und hochdeckend: Die neu entwickelte, l\u00f6semittel- und weichmacherfreie Farbe StoColor Solical sch\u00fctzt Fassaden langfristig vor dem Wetter und ohne bioziden Filmschutz vor Algenbefall. Insgesamt sind die umweltfreundlichen Eigenschaften so gut, dass die Farbe im System mit dem Umweltzeichen \u201eDer Blaue Engel\u201c ausgezeichnet wurde. <\/strong><\/p>\n<p>Da StoColor Solical die Anforderungen der \u201eRAL-UZ 140\u201c erf\u00fcllt, erhielt sie in Verbindung mit den W\u00e4rmed\u00e4mm-Verbundsystemen StoTherm Mineral, StoTherm Mineral L und StoTherm Classic S1 die Auszeichnung \u201eDer Blaue Engel\u201c. Das nichtbrennbare (A2-s1, d0) Material basiert auf einer Bindemittelkombination aus Kieselsol und Wasserglas, dagegen sind L\u00f6semittel oder Weichmacher nicht enthalten.<\/p>\n<p><strong>Vielseitige Fassadenfarbe<\/strong><\/p>\n<p>Die innovative Dispersionssilikatfarbe eignet sich wegen ihrer strukturerhaltenden Eigenschaften f\u00fcr die Renovierung historischer Geb\u00e4ude ebenso wie f\u00fcr Neubauten \u2013 auf organischen oder mineralischen Untergr\u00fcnden sowie auf W\u00e4rmed\u00e4mm-Verbundsystemen. Sie wirkt wasserabweisend und hoch witterungsbest\u00e4ndig. Ihr gleichm\u00e4\u00dfiges Auftrocknen reduziert die Bildung von Flecken und Wolken.<\/p>\n<p>Aufgrund ihrer hohen Deckkraft und guten Ausbesserungsf\u00e4higkeit l\u00e4sst sich StoColor Solical schnell, einfach und sicher verarbeiten \u2013 mit Pinsel, Rolle oder Airless-Ger\u00e4t. Die Farbe ist begrenzt t\u00f6nbar nach dem StoColor System und zeichnet sich durch eine hohe Farbtonstabilit\u00e4t aus.<\/p>\n<p>&nbsp;<\/p>\n<hr noshade=\"noshade\" size=\"1\" \/>\n<p>&nbsp;<\/p>\n<p><a href=\"http:\/\/www.pr-neu.de\/newsroom\/wordpress\/wp-content\/uploads\/2016\/03\/16-07-Solical-Fassade_G.jpg\"><img loading=\"lazy\" decoding=\"async\" class=\"aligncenter size-medium wp-image-12627\" src=\"http:\/\/www.pr-neu.de\/newsroom\/wordpress\/wp-content\/uploads\/2016\/03\/16-07-Solical-Fassade_G-201x300.jpg\" alt=\"\" width=\"201\" height=\"300\" srcset=\"https:\/\/www.pr-neu.de\/newsroom\/wordpress\/wp-content\/uploads\/2016\/03\/16-07-Solical-Fassade_G-201x300.jpg 201w, https:\/\/www.pr-neu.de\/newsroom\/wordpress\/wp-content\/uploads\/2016\/03\/16-07-Solical-Fassade_G-687x1024.jpg 687w, https:\/\/www.pr-neu.de\/newsroom\/wordpress\/wp-content\/uploads\/2016\/03\/16-07-Solical-Fassade_G-768x1144.jpg 768w, https:\/\/www.pr-neu.de\/newsroom\/wordpress\/wp-content\/uploads\/2016\/03\/16-07-Solical-Fassade_G-1031x1536.jpg 1031w, https:\/\/www.pr-neu.de\/newsroom\/wordpress\/wp-content\/uploads\/2016\/03\/16-07-Solical-Fassade_G-74x110.jpg 74w, https:\/\/www.pr-neu.de\/newsroom\/wordpress\/wp-content\/uploads\/2016\/03\/16-07-Solical-Fassade_G-282x420.jpg 282w, https:\/\/www.pr-neu.de\/newsroom\/wordpress\/wp-content\/uploads\/2016\/03\/16-07-Solical-Fassade_G-289x430.jpg 289w, https:\/\/www.pr-neu.de\/newsroom\/wordpress\/wp-content\/uploads\/2016\/03\/16-07-Solical-Fassade_G.jpg 1205w\" sizes=\"auto, (max-width: 201px) 100vw, 201px\" \/><\/a><\/p>\n<p style=\"text-align: center;\">Ohne Weichmacher oder L\u00f6semittel, aber mit hoher Deckkraft \u2013 mit diesen Eigenschaften sorgt die neue Fassadenfarbe StoColor Solical f\u00fcr wirtschaftliches Arbeiten und umweltfreundliche Hausw\u00e4nde. Die Farbe wurde wegen ihrer Umweltvertr\u00e4glichkeit mit dem Umweltzeichen &#8222;Der Blaue Engel&#8220; ausgezeichnet.<\/p>\n<p style=\"text-align: center;\">Foto: Martin Baitinger, B\u00f6blingen \/ Sto SE &amp; Co KgaA<\/p>\n<p>&nbsp;<\/p>\n<hr \/>\n<p>&nbsp;<\/p>\n<p>Abdruck honorarfrei, Belegexemplar erbeten<\/p>\n","protected":false},"excerpt":{"rendered":"<p>Neu zur FAF: StoColor Solical mit dem Umweltzeichen \u201eDer Blaue Engel\u201c ausgezeichnet<\/p>\n","protected":false},"author":9,"featured_media":12627,"comment_status":"closed","ping_status":"open","sticky":false,"template":"","format":"standard","meta":{"footnotes":""},"categories":[15],"tags":[],"class_list":["post-4009","post","type-post","status-publish","format-standard","has-post-thumbnail","hentry","category-sto"],"_links":{"self":[{"href":"https:\/\/www.pr-neu.de\/newsroom\/wp-json\/wp\/v2\/posts\/4009","targetHints":{"allow":["GET"]}}],"collection":[{"href":"https:\/\/www.pr-neu.de\/newsroom\/wp-json\/wp\/v2\/posts"}],"about":[{"href":"https:\/\/www.pr-neu.de\/newsroom\/wp-json\/wp\/v2\/types\/post"}],"author":[{"embeddable":true,"href":"https:\/\/www.pr-neu.de\/newsroom\/wp-json\/wp\/v2\/users\/9"}],"replies":[{"embeddable":true,"href":"https:\/\/www.pr-neu.de\/newsroom\/wp-json\/wp\/v2\/comments?post=4009"}],"version-history":[{"count":8,"href":"https:\/\/www.pr-neu.de\/newsroom\/wp-json\/wp\/v2\/posts\/4009\/revisions"}],"predecessor-version":[{"id":16999,"href":"https:\/\/www.pr-neu.de\/newsroom\/wp-json\/wp\/v2\/posts\/4009\/revisions\/16999"}],"wp:featuredmedia":[{"embeddable":true,"href":"https:\/\/www.pr-neu.de\/newsroom\/wp-json\/wp\/v2\/media\/12627"}],"wp:attachment":[{"href":"https:\/\/www.pr-neu.de\/newsroom\/wp-json\/wp\/v2\/media?parent=4009"}],"wp:term":[{"taxonomy":"category","embeddable":true,"href":"https:\/\/www.pr-neu.de\/newsroom\/wp-json\/wp\/v2\/categories?post=4009"},{"taxonomy":"post_tag","embeddable":true,"href":"https:\/\/www.pr-neu.de\/newsroom\/wp-json\/wp\/v2\/tags?post=4009"}],"curies":[{"name":"wp","href":"https:\/\/api.w.org\/{rel}","templated":true}]}}