{"id":3987,"date":"2016-02-11T13:03:21","date_gmt":"2016-02-11T13:03:21","guid":{"rendered":"http:\/\/www.pr-nord.de\/newsroom\/?p=3987"},"modified":"2020-05-28T10:50:39","modified_gmt":"2020-05-28T08:50:39","slug":"sedak-praesentiert-weltgroesste-isolierglaslinie-in-bild-und-ton","status":"publish","type":"post","link":"https:\/\/www.pr-neu.de\/newsroom\/sedak-praesentiert-weltgroesste-isolierglaslinie-in-bild-und-ton\/","title":{"rendered":"sedak pr\u00e4sentiert weltgr\u00f6\u00dfte Isolierglaslinie in Bild und Ton"},"content":{"rendered":"<p><span style=\"text-decoration: underline;\">Einzigartiger Einblick in die Produktion \u00fcbergro\u00dfer Isoliergl\u00e4sern<\/span><\/p>\n<p>Seit 2015 fertigt der Glasveredler sedak Isoliergl\u00e4ser in \u00dcbergr\u00f6\u00dfe mit der weltweit gr\u00f6\u00dften Isolierglaslinie: Auf einer 145-Meter-Anlage entstehen Scheiben mit einer L\u00e4nge bis 15 Metern vollautomatisch und in reproduzierbarer Qualit\u00e4t \u2013 als 2- oder 3-fach-Isolierglas.<\/p>\n<p>Fr\u00fcher wurden die gro\u00dfformatigen Isoliergl\u00e4ser in tagelanger Handarbeit von mehreren Fachkr\u00e4ften hergestellt. Heute durchl\u00e4uft das Produkt in unter einer Stunde den gesamten Fertigungsprozess vollautomatisch: vom Best\u00fccken der Anlage, \u00fcber das millimetergenaue Setzen der Abstandshalter hin zum Abstapeln der fertigen Gl\u00e4ser. Die Scheiben sind dementsprechend schneller verf\u00fcgbar.<\/p>\n<p>Die beeindruckende Fertigung \u00fcbergro\u00dfer Isoliergl\u00e4ser zeigt sedak nun in einem f\u00fcnfmin\u00fctigen Video. Auch gibt der Clip erstmals spannende Einblicke in die weltweit einzigartige Veredelungsst\u00e4tte f\u00fcr \u00fcbergro\u00dfe Glasformate. Der Videoclip ist auf <a href=\"http:\/\/www.sedak.com\" target=\"_blank\" rel=\"noopener noreferrer\">www.sedak.com<\/a> online zu sehen und wird in K\u00fcrze auch auf Vimeo zur Verf\u00fcgung stehen.<\/p>\n<hr noshade=\"noshade\" size=\"1\" \/>\n<table style=\"height: 201px;\" border=\"0\" width=\"642\" cellspacing=\"0\" cellpadding=\"0\">\n<tbody>\n<tr>\n<td valign=\"top\" width=\"370\"><a href=\"http:\/\/www.pr-neu.de\/newsroom\/wordpress\/wp-content\/uploads\/2016\/02\/16-02_launch_isofilm_G_de-2.jpg\"><img loading=\"lazy\" decoding=\"async\" class=\"size-medium wp-image-12645\" src=\"http:\/\/www.pr-neu.de\/newsroom\/wordpress\/wp-content\/uploads\/2016\/02\/16-02_launch_isofilm_G_de-2-300x201.jpg\" alt=\"\" width=\"300\" height=\"201\" srcset=\"https:\/\/www.pr-neu.de\/newsroom\/wordpress\/wp-content\/uploads\/2016\/02\/16-02_launch_isofilm_G_de-2-300x201.jpg 300w, https:\/\/www.pr-neu.de\/newsroom\/wordpress\/wp-content\/uploads\/2016\/02\/16-02_launch_isofilm_G_de-2-1024x686.jpg 1024w, https:\/\/www.pr-neu.de\/newsroom\/wordpress\/wp-content\/uploads\/2016\/02\/16-02_launch_isofilm_G_de-2-768x514.jpg 768w, https:\/\/www.pr-neu.de\/newsroom\/wordpress\/wp-content\/uploads\/2016\/02\/16-02_launch_isofilm_G_de-2-1536x1029.jpg 1536w, https:\/\/www.pr-neu.de\/newsroom\/wordpress\/wp-content\/uploads\/2016\/02\/16-02_launch_isofilm_G_de-2-110x74.jpg 110w, https:\/\/www.pr-neu.de\/newsroom\/wordpress\/wp-content\/uploads\/2016\/02\/16-02_launch_isofilm_G_de-2-420x281.jpg 420w, https:\/\/www.pr-neu.de\/newsroom\/wordpress\/wp-content\/uploads\/2016\/02\/16-02_launch_isofilm_G_de-2-642x430.jpg 642w, https:\/\/www.pr-neu.de\/newsroom\/wordpress\/wp-content\/uploads\/2016\/02\/16-02_launch_isofilm_G_de-2.jpg 1795w\" sizes=\"auto, (max-width: 300px) 100vw, 300px\" \/><\/a><\/td>\n<td valign=\"top\">Auf <a href=\"http:\/\/www.sedak.com\" target=\"_blank\" rel=\"noopener noreferrer\">www.sedak.com<\/a> ist die weltweit gr\u00f6\u00dfte Isolierglaslinie jetzt in einem Videoclip in Aktion zu sehen.<\/p>\n<p>Foto: sedak GmbH &amp; Co. KG<\/td>\n<\/tr>\n<\/tbody>\n<\/table>\n<hr noshade=\"noshade\" size=\"1\" \/>\n<p><strong>R\u00fcckfragen beantwortet gern<\/strong><\/p>\n<table>\n<tbody>\n<tr>\n<td valign=\"top\" width=\"260\" height=\"25\"><strong>sedak GmbH &amp; Co. KG<br \/>\n<\/strong>Tatjana Vinkovic<br \/>\nTel.: +49(0)821\/2494-823<br \/>\nFax: +49(0)821\/2494-777<br \/>\nE-Mail: <a href=\"&#x6d;&#x61;&#105;l&#x74;&#x6f;&#58;ta&#x74;&#x6a;&#97;n&#x61;&#x2e;&#118;&#105;n&#x6b;&#x6f;&#118;i&#x63;&#x40;&#115;&#101;d&#x61;&#x6b;&#46;c&#x6f;&#x6d;\">&#116;&#x61;&#116;&#x6a;a&#x6e;a&#46;&#x76;&#105;&#x6e;&#107;&#x6f;v&#x69;c&#64;&#x73;&#101;&#x64;a&#x6b;&#46;&#x63;&#x6f;&#109;<\/a><\/td>\n<td colspan=\"3\" valign=\"top\" width=\"260\" height=\"21\"><\/td>\n<\/tr>\n<\/tbody>\n<\/table>\n<p>Abdruck honorarfrei, Belegexemplar erbeten<\/p>\n<hr noshade=\"noshade\" size=\"1\" \/>\n<p><span style=\"text-decoration: underline;\">sedak GmbH &amp; Co. KG<\/span><\/p>\n<p><strong> Leading glass<\/strong><\/p>\n<p>Der Glasveredler sedak (Gersthofen), gegr\u00fcndet 2007, ist mit rund 150 Mitarbeitern der weltweit f\u00fchrende Hersteller f\u00fcr Isolier- und Sicherheitsgl\u00e4ser in \u00dcbergr\u00f6\u00dfe. Die Scheiben reichen bis 3,2 x 15 Meter \u2013 bearbeitet, vorgespannt, laminiert, bedruckt, beschichtet und laminationsgebogen. Kernkompetenzen sind Glaslamination, Kantenbearbeitung und das Knowhow bei der Produktion von Glasbauteilen mit zus\u00e4tzlichen funktionalen und dekorativen Elementen. Die Fertigung ist auf die extremen Glasgr\u00f6\u00dfen optimiert, s\u00e4mtliche Veredelungsschritte erfolgen inhouse \u2013 z. B. mit der neuen, voll automatisierten Isolierglaslinie . Als weltweit einziger Full-Supplier f\u00fcr Gl\u00e4ser dieser Gr\u00f6\u00dfe versteht sich sedak als Partner f\u00fcr Architekten, Planer und Fassadenbauer. Herausragende Referenzen sind u. a. der Apple-Cube New York, das Lincoln Center Canopies, New York, das St\u00e4del-Museum, Frankfurt und die Tottenham Court Road Station, London.<\/p>\n<p><strong> Anwendungsgebiete<\/strong><\/p>\n<ul>\n<li>Glasfassaden<\/li>\n<li>Glasd\u00e4cher<\/li>\n<li>Glastreppen<\/li>\n<li>Glasbr\u00fcstungen<\/li>\n<li>Schiffsbau<\/li>\n<li>Sicherheitsverglasungen<\/li>\n<li>Ganzglaskonstruktionen<\/li>\n<li>Innenarchitektur<\/li>\n<li>Sonderanfertigungen<\/li>\n<\/ul>\n","protected":false},"excerpt":{"rendered":"<p>Einzigartiger Einblick in die Produktion \u00fcbergro\u00dfer Isoliergl\u00e4sern Seit 2015 fertigt der Glasveredler sedak Isoliergl\u00e4ser in \u00dcbergr\u00f6\u00dfe mit der weltweit gr\u00f6\u00dften Isolierglaslinie: Auf einer 145-Meter-Anlage entstehen Scheiben mit einer L\u00e4nge bis 15 Metern vollautomatisch und in reproduzierbarer Qualit\u00e4t \u2013 als 2- oder 3-fach-Isolierglas. Fr\u00fcher wurden die gro\u00dfformatigen Isoliergl\u00e4ser in tagelanger Handarbeit von mehreren Fachkr\u00e4ften hergestellt. Heute [&hellip;]<\/p>\n","protected":false},"author":6,"featured_media":7713,"comment_status":"closed","ping_status":"open","sticky":false,"template":"","format":"standard","meta":{"footnotes":""},"categories":[3,12],"tags":[],"class_list":["post-3987","post","type-post","status-publish","format-standard","has-post-thumbnail","hentry","category-kundenmeldungen","category-sedak"],"_links":{"self":[{"href":"https:\/\/www.pr-neu.de\/newsroom\/wp-json\/wp\/v2\/posts\/3987","targetHints":{"allow":["GET"]}}],"collection":[{"href":"https:\/\/www.pr-neu.de\/newsroom\/wp-json\/wp\/v2\/posts"}],"about":[{"href":"https:\/\/www.pr-neu.de\/newsroom\/wp-json\/wp\/v2\/types\/post"}],"author":[{"embeddable":true,"href":"https:\/\/www.pr-neu.de\/newsroom\/wp-json\/wp\/v2\/users\/6"}],"replies":[{"embeddable":true,"href":"https:\/\/www.pr-neu.de\/newsroom\/wp-json\/wp\/v2\/comments?post=3987"}],"version-history":[{"count":4,"href":"https:\/\/www.pr-neu.de\/newsroom\/wp-json\/wp\/v2\/posts\/3987\/revisions"}],"predecessor-version":[{"id":12646,"href":"https:\/\/www.pr-neu.de\/newsroom\/wp-json\/wp\/v2\/posts\/3987\/revisions\/12646"}],"wp:featuredmedia":[{"embeddable":true,"href":"https:\/\/www.pr-neu.de\/newsroom\/wp-json\/wp\/v2\/media\/7713"}],"wp:attachment":[{"href":"https:\/\/www.pr-neu.de\/newsroom\/wp-json\/wp\/v2\/media?parent=3987"}],"wp:term":[{"taxonomy":"category","embeddable":true,"href":"https:\/\/www.pr-neu.de\/newsroom\/wp-json\/wp\/v2\/categories?post=3987"},{"taxonomy":"post_tag","embeddable":true,"href":"https:\/\/www.pr-neu.de\/newsroom\/wp-json\/wp\/v2\/tags?post=3987"}],"curies":[{"name":"wp","href":"https:\/\/api.w.org\/{rel}","templated":true}]}}