{"id":3967,"date":"2016-01-27T12:46:21","date_gmt":"2016-01-27T12:46:21","guid":{"rendered":"http:\/\/www.pr-nord.de\/newsroom\/?p=3967"},"modified":"2020-05-28T10:53:59","modified_gmt":"2020-05-28T08:53:59","slug":"dimmbares-glas-fuer-das-gebaeude-4-0","status":"publish","type":"post","link":"https:\/\/www.pr-neu.de\/newsroom\/dimmbares-glas-fuer-das-gebaeude-4-0\/","title":{"rendered":"Dimmbares Glas f\u00fcr das Geb\u00e4ude 4.0"},"content":{"rendered":"<p><u>EControl-Glas auf der Fensterbau Frontale: Halle 7A\/Stand 103<\/u><\/p>\n<p>Hersteller von dimmbarer Verglasung pr\u00e4sentiert neue Produktgenerationen und intelligente Steuerung<\/p>\n<p><strong>Mit ECONTROL smart 55\/10 und ECONTROL light 57\/13 stellt der Spezialist f\u00fcr dimmbare Verglasungen, EControl-Glas, seine j\u00fcngsten Produktinnovationen auf der Fensterbau Frontale erstmals vor. Die neuen technischen Werte der Gl\u00e4ser sorgen f\u00fcr noch mehr Tageslicht bei gleichzeitiger Verschattung und freier Sicht nach drau\u00dfen. Mit einem optimierten Steuerungskonzept lassen sich die elektrochromen Scheiben unkompliziert in die Geb\u00e4udeautomation integrieren. Das neuentwickelte Bedienelement hat nicht nur ein neues Design, es ist jetzt auch skalierbar und erm\u00f6glicht die Steuerung vom einzelnen B\u00fcro bis zur gesamten Fassade. <\/strong><\/p>\n<p>ECONTROL smart 55\/10 ist das neue Standardglas der ECONTROL-Produktpalette und deckt die gesamte Spannweite der beiden Vorg\u00e4ngerprodukte ab. Die dynamische Selektivit\u00e4t von &gt;5 bei 2-fach-Isolierglas zeigt den hervorragenden Wirkungsgrad des dimmbaren Glases.<\/p>\n<p>ECONTROL light 57\/13 sorgt mit seiner verbesserten Tageslichttransmission von 57 Prozent f\u00fcr einen h\u00f6heren Tageslichteintrag. Im gedimmten Zustand h\u00e4lt es bis zu 87 Prozent der solaren W\u00e4rmeenergie ab. Dieses \u201ehellere\u201c Glas eignet sich besonders f\u00fcr den skandinavischen Raum und wurde speziell hierf\u00fcr weiterentwickelt.<\/p>\n<p><strong>Verschattung f\u00fcr das Geb\u00e4ude 4.0<\/strong><\/p>\n<p>Die Geb\u00e4udeh\u00fclle befindet sich, ebenso wie die Industrie 4.0, auf der Schwelle zu einem neuen Zeitalter. Intelligente Glasfassaden und -d\u00e4cher sind ein Baustein f\u00fcr das Geb\u00e4ude der Zukunft.<\/p>\n<p>ECONTROL ist das Glas f\u00fcr klassische Fassadenl\u00f6sungen mit High-Tech Anspr\u00fcchen. Hierzu geh\u00f6rt auch eine intelligente Ansteuerung.<\/p>\n<p>Das g\u00e4nzlich neu entwickelte ECONTROL-Bedienelement rundet das verbesserte EControl-Produktportfolio ab. Es hat nicht nur ein stylisches Design, sondern ist skalierbar und erm\u00f6glicht die Steuerung vom einzelnen B\u00fcro bis zur gesamten Fassade. Integriert in einen Geb\u00e4ude-BUS lassen sich die Scheiben automatisch und stufenlos dimmen.<\/p>\n<hr noshade=\"noshade\" size=\"1\" \/>\n<table style=\"height: 803px;\" border=\"0\" width=\"685\" cellspacing=\"0\" cellpadding=\"0\">\n<tbody>\n<tr>\n<td valign=\"top\" width=\"370\" height=\"200\"><a href=\"http:\/\/www.pr-neu.de\/newsroom\/wordpress\/wp-content\/uploads\/2016\/01\/16-01_messestand_G-1.jpg\"><img loading=\"lazy\" decoding=\"async\" class=\"size-medium wp-image-12651\" src=\"http:\/\/www.pr-neu.de\/newsroom\/wordpress\/wp-content\/uploads\/2016\/01\/16-01_messestand_G-1-300x202.jpg\" alt=\"\" width=\"300\" height=\"202\" srcset=\"https:\/\/www.pr-neu.de\/newsroom\/wordpress\/wp-content\/uploads\/2016\/01\/16-01_messestand_G-1-300x202.jpg 300w, https:\/\/www.pr-neu.de\/newsroom\/wordpress\/wp-content\/uploads\/2016\/01\/16-01_messestand_G-1-1024x688.jpg 1024w, https:\/\/www.pr-neu.de\/newsroom\/wordpress\/wp-content\/uploads\/2016\/01\/16-01_messestand_G-1-768x516.jpg 768w, https:\/\/www.pr-neu.de\/newsroom\/wordpress\/wp-content\/uploads\/2016\/01\/16-01_messestand_G-1-1536x1032.jpg 1536w, https:\/\/www.pr-neu.de\/newsroom\/wordpress\/wp-content\/uploads\/2016\/01\/16-01_messestand_G-1-2048x1376.jpg 2048w, https:\/\/www.pr-neu.de\/newsroom\/wordpress\/wp-content\/uploads\/2016\/01\/16-01_messestand_G-1-110x74.jpg 110w, https:\/\/www.pr-neu.de\/newsroom\/wordpress\/wp-content\/uploads\/2016\/01\/16-01_messestand_G-1-420x282.jpg 420w, https:\/\/www.pr-neu.de\/newsroom\/wordpress\/wp-content\/uploads\/2016\/01\/16-01_messestand_G-1-640x430.jpg 640w\" sizes=\"auto, (max-width: 300px) 100vw, 300px\" \/><\/a><\/td>\n<td colspan=\"3\" height=\"200\">Die neuen Produktgenerationen von ECONTROL: Halle 7A\/Stand 103.<\/p>\n<p>Foto: EControl-Glas<\/td>\n<\/tr>\n<tr>\n<td valign=\"top\" width=\"370\" height=\"200\"><a href=\"http:\/\/www.pr-neu.de\/newsroom\/wordpress\/wp-content\/uploads\/2016\/01\/16-01_fassade_G.jpg\"><img loading=\"lazy\" decoding=\"async\" class=\"size-medium wp-image-12652\" src=\"http:\/\/www.pr-neu.de\/newsroom\/wordpress\/wp-content\/uploads\/2016\/01\/16-01_fassade_G-300x174.jpg\" alt=\"\" width=\"300\" height=\"174\" srcset=\"https:\/\/www.pr-neu.de\/newsroom\/wordpress\/wp-content\/uploads\/2016\/01\/16-01_fassade_G-300x174.jpg 300w, https:\/\/www.pr-neu.de\/newsroom\/wordpress\/wp-content\/uploads\/2016\/01\/16-01_fassade_G-1024x593.jpg 1024w, https:\/\/www.pr-neu.de\/newsroom\/wordpress\/wp-content\/uploads\/2016\/01\/16-01_fassade_G-768x445.jpg 768w, https:\/\/www.pr-neu.de\/newsroom\/wordpress\/wp-content\/uploads\/2016\/01\/16-01_fassade_G-1536x889.jpg 1536w, https:\/\/www.pr-neu.de\/newsroom\/wordpress\/wp-content\/uploads\/2016\/01\/16-01_fassade_G-110x64.jpg 110w, https:\/\/www.pr-neu.de\/newsroom\/wordpress\/wp-content\/uploads\/2016\/01\/16-01_fassade_G-420x243.jpg 420w, https:\/\/www.pr-neu.de\/newsroom\/wordpress\/wp-content\/uploads\/2016\/01\/16-01_fassade_G-743x430.jpg 743w, https:\/\/www.pr-neu.de\/newsroom\/wordpress\/wp-content\/uploads\/2016\/01\/16-01_fassade_G.jpg 1795w\" sizes=\"auto, (max-width: 300px) 100vw, 300px\" \/><\/a><\/td>\n<td colspan=\"3\" height=\"200\">Verschattung mit freier Sicht nach drau\u00dfen: Mit den optimierten ECONTROL-Gl\u00e4sern bleiben die R\u00e4ume blendfrei, verschattet und taghell.<\/p>\n<p>Foto: EControl-Glas<\/td>\n<\/tr>\n<tr>\n<td valign=\"top\" width=\"370\" height=\"200\"><a href=\"http:\/\/www.pr-neu.de\/newsroom\/wordpress\/wp-content\/uploads\/2016\/01\/16-01_bedienelement_G.jpg\"><img loading=\"lazy\" decoding=\"async\" class=\"size-medium wp-image-12653\" src=\"http:\/\/www.pr-neu.de\/newsroom\/wordpress\/wp-content\/uploads\/2016\/01\/16-01_bedienelement_G-300x223.jpg\" alt=\"\" width=\"300\" height=\"223\" srcset=\"https:\/\/www.pr-neu.de\/newsroom\/wordpress\/wp-content\/uploads\/2016\/01\/16-01_bedienelement_G-300x223.jpg 300w, https:\/\/www.pr-neu.de\/newsroom\/wordpress\/wp-content\/uploads\/2016\/01\/16-01_bedienelement_G-1024x760.jpg 1024w, https:\/\/www.pr-neu.de\/newsroom\/wordpress\/wp-content\/uploads\/2016\/01\/16-01_bedienelement_G-768x570.jpg 768w, https:\/\/www.pr-neu.de\/newsroom\/wordpress\/wp-content\/uploads\/2016\/01\/16-01_bedienelement_G-1536x1140.jpg 1536w, https:\/\/www.pr-neu.de\/newsroom\/wordpress\/wp-content\/uploads\/2016\/01\/16-01_bedienelement_G-2048x1520.jpg 2048w, https:\/\/www.pr-neu.de\/newsroom\/wordpress\/wp-content\/uploads\/2016\/01\/16-01_bedienelement_G-110x82.jpg 110w, https:\/\/www.pr-neu.de\/newsroom\/wordpress\/wp-content\/uploads\/2016\/01\/16-01_bedienelement_G-420x312.jpg 420w, https:\/\/www.pr-neu.de\/newsroom\/wordpress\/wp-content\/uploads\/2016\/01\/16-01_bedienelement_G-579x430.jpg 579w\" sizes=\"auto, (max-width: 300px) 100vw, 300px\" \/><\/a><\/td>\n<td colspan=\"3\" height=\"200\">Das neue stylische Bedienelement rundet das Produktportfolio von EControl-Glas ab.<\/p>\n<p>Foto: EControl-Glas<\/td>\n<\/tr>\n<\/tbody>\n<\/table>\n<hr noshade=\"noshade\" size=\"1\" \/>\n<p>Abdruck honorarfrei, Belegexemplar erbeten<\/p>\n<p><strong>R\u00fcckfragen beantwortet gern<\/strong><\/p>\n<table width=\"532\">\n<tbody>\n<tr>\n<td valign=\"top\" width=\"260\" height=\"25\"><strong>EControl-Glas<\/strong> GmbH &amp; Co. KG<br \/>\nNadine Witt<br \/>\nTel.: +49(0)3741\/14820-116<br \/>\nFax: +49(0)3741\/14820-150<br \/>\nE-Mail: <a href=\"m&#97;&#105;&#x6c;&#x74;&#x6f;:&#112;&#114;&#x65;&#x73;&#x73;e&#64;&#101;&#x63;&#x6f;&#x6e;tr&#111;&#108;&#x2d;&#x67;&#x6c;a&#115;&#46;&#x64;&#x65;\">&#x70;&#x72;&#x65;&#x73;&#115;&#101;&#64;&#101;con&#x74;&#x72;&#x6f;&#x6c;&#x2d;&#103;&#108;&#97;s&#46;d&#x65;<\/a><\/td>\n<td colspan=\"3\" valign=\"top\" width=\"260\" height=\"21\"><\/td>\n<\/tr>\n<\/tbody>\n<\/table>\n","protected":false},"excerpt":{"rendered":"<p>EControl-Glas auf der Fensterbau Frontale: Halle 7A\/Stand 103 Hersteller von dimmbarer Verglasung pr\u00e4sentiert neue Produktgenerationen und intelligente Steuerung Mit ECONTROL smart 55\/10 und ECONTROL light 57\/13 stellt der Spezialist f\u00fcr dimmbare Verglasungen, EControl-Glas, seine j\u00fcngsten Produktinnovationen auf der Fensterbau Frontale erstmals vor. Die neuen technischen Werte der Gl\u00e4ser sorgen f\u00fcr noch mehr Tageslicht bei gleichzeitiger [&hellip;]<\/p>\n","protected":false},"author":6,"featured_media":7764,"comment_status":"closed","ping_status":"open","sticky":false,"template":"","format":"standard","meta":{"footnotes":""},"categories":[25,3],"tags":[],"class_list":["post-3967","post","type-post","status-publish","format-standard","has-post-thumbnail","hentry","category-econtrol","category-kundenmeldungen"],"_links":{"self":[{"href":"https:\/\/www.pr-neu.de\/newsroom\/wp-json\/wp\/v2\/posts\/3967","targetHints":{"allow":["GET"]}}],"collection":[{"href":"https:\/\/www.pr-neu.de\/newsroom\/wp-json\/wp\/v2\/posts"}],"about":[{"href":"https:\/\/www.pr-neu.de\/newsroom\/wp-json\/wp\/v2\/types\/post"}],"author":[{"embeddable":true,"href":"https:\/\/www.pr-neu.de\/newsroom\/wp-json\/wp\/v2\/users\/6"}],"replies":[{"embeddable":true,"href":"https:\/\/www.pr-neu.de\/newsroom\/wp-json\/wp\/v2\/comments?post=3967"}],"version-history":[{"count":7,"href":"https:\/\/www.pr-neu.de\/newsroom\/wp-json\/wp\/v2\/posts\/3967\/revisions"}],"predecessor-version":[{"id":12655,"href":"https:\/\/www.pr-neu.de\/newsroom\/wp-json\/wp\/v2\/posts\/3967\/revisions\/12655"}],"wp:featuredmedia":[{"embeddable":true,"href":"https:\/\/www.pr-neu.de\/newsroom\/wp-json\/wp\/v2\/media\/7764"}],"wp:attachment":[{"href":"https:\/\/www.pr-neu.de\/newsroom\/wp-json\/wp\/v2\/media?parent=3967"}],"wp:term":[{"taxonomy":"category","embeddable":true,"href":"https:\/\/www.pr-neu.de\/newsroom\/wp-json\/wp\/v2\/categories?post=3967"},{"taxonomy":"post_tag","embeddable":true,"href":"https:\/\/www.pr-neu.de\/newsroom\/wp-json\/wp\/v2\/tags?post=3967"}],"curies":[{"name":"wp","href":"https:\/\/api.w.org\/{rel}","templated":true}]}}