{"id":3954,"date":"2016-02-02T08:00:08","date_gmt":"2016-02-02T08:00:08","guid":{"rendered":"http:\/\/www.pr-nord.de\/newsroom\/?p=3954"},"modified":"2020-05-28T10:52:24","modified_gmt":"2020-05-28T08:52:24","slug":"ein-guter-schluss-ziert-alles","status":"publish","type":"post","link":"https:\/\/www.pr-neu.de\/newsroom\/ein-guter-schluss-ziert-alles\/","title":{"rendered":"Ein guter Schluss ziert alles"},"content":{"rendered":"<table border=\"0\" width=\"520\" cellspacing=\"0\" cellpadding=\"0\">\n<tbody>\n<tr>\n<td><u>Sto zur Dach+Holz: Fassadend\u00e4mmsysteme bieten f\u00fcr jede Anforderung vielf\u00e4ltige Gestaltungsm\u00f6glichkeiten<\/u><\/p>\n<p><strong>Ein guter Schluss ziert alles <\/strong><\/p>\n<p><strong>Ob Einfamilienhaus, mehrgeschossiges Haus, Wohnanlage oder kompletter Holzbau \u2013 so vielf\u00e4ltig wie die Anwendungsm\u00f6glichkeiten sind auch die auf dem Markt erh\u00e4ltlichen D\u00e4mmsysteme. Bei der Wahl des perfekten Systems spielen Faktoren wie die D\u00e4mmleistung, \u00d6kologie, Wirtschaftlichkeit, Dauerhaftigkeit und Brandschutz eine wichtige Rolle. Und nat\u00fcrlich die Oberfl\u00e4chenvielfalt. Sto bietet f\u00fcr jede Anforderung die richtige L\u00f6sung und eine ganze Reihe von Schlussbeschichtungen. Ein guter Schluss ziert schlie\u00dflich alles. <\/strong><\/p>\n<p>Seit vielen Jahren bew\u00e4hren sich die D\u00e4mmsysteme von Sto im Holzbau. Ihr Vorteil ist, dass alle Systemkomponenten aus einer Hand kommen und daher perfekt aufeinander abgestimmt sind; von der D\u00e4mmplatte bis zur Schlussbeschichtung. Welches der bauaufsichtlich zugelassenen Systeme am Objekt zum Einsatz kommt, entscheiden Bauherr und Baubeteiligte unter Ber\u00fccksichtigung der genannten Faktoren sowie baurechtlichen Vorgaben gemeinsam. Um in technischer wie gestalterischer Hinsicht m\u00f6glichst viel Freiraum zu bieten, hat Sto f\u00fcr jede Anforderung das passende System parat.<\/p>\n<p><strong>\u00d6kologisch und funktional<\/strong><\/p>\n<p>Nachhaltigkeit h\u00f6rt nicht vor der Fassade auf. Mit StoTherm Wood hat Sto ein \u00f6kologisches W\u00e4rmed\u00e4mm-Verbundsystem mit D\u00e4mmplatten aus Holzweichfasern im Portfolio, das \u00f6kologisches Bauen und gro\u00dfe gestalterische Freiheit mit funktionalen Eigenschaften wie Wetterfestigkeit und Wasserdampfdiffusionsf\u00e4higkeit verbindet. StoTherm Wood ist ein echter Natur-Typ, denn seine D\u00e4mmplatten sind aus dem nachwachsenden Rohstoff Holz hergestellt. Das System bietet einen extrem guten Schallschutz sowie hervorragende W\u00e4rmed\u00e4mmeigenschaften.<\/p>\n<p><strong>Schlagfest und sicher<\/strong><\/p>\n<p>Das zementfreie W\u00e4rmed\u00e4mm-Verbundsystem (WDVS) StoTherm Classic bietet hohe D\u00e4mmleistung selbst bei schlanken Wandquerschnitten, eine bis zu zehnfach h\u00f6here Sto\u00df- und Schlagfestigkeit gegen\u00fcber mineralischen Systemen und maximale Risssicherheit. Seine vielf\u00e4ltigen Gestaltungsm\u00f6glichkeiten mit verschiedensten Oberfl\u00e4chen reichen von Fassadenputzen \u00fcber -farben bis hin zu harten Bel\u00e4gen wie Klinker, Stein oder Keramik. Das System bew\u00e4hrt sich mittlerweile auf \u00fcber 100 Millionen Quadratmetern Fassade weltweit.<\/p>\n<p><strong>Nichtbrennbar und vielf\u00e4ltig<\/strong><\/p>\n<p>Wo besonders hohe Anforderungen an den Brandschutz gefragt sind, kommt StoTherm Classic L zum Einsatz. Sein D\u00e4mmstoff aus einer nichtbrennbaren Steinwollelamelle erf\u00fcllt bei einer D\u00e4mmplattenst\u00e4rke von mindestens 16 Zentimetern auf Massivholzelementen die Kapselklasse K260 sogar ohne Verst\u00e4rkung, also ohne einen zus\u00e4tzlichen Plattenwerkstoff. Bei der Schlussbeschichtung ist Vielfalt geboten: Neben organischen und Siliconharz-Oberputzen stehen Architekturelemente, StoDeco Frame sowie Sto-Flachverblender bereit.<\/p>\n<p><strong>Wirtschaftlich und variabel<\/strong><\/p>\n<p>Wenn es darum geht, Objekte m\u00f6glichst wirtschaftlich und qualit\u00e4tsvoll zu d\u00e4mmen, ist StoTherm Vario die richtige Wahl. Das Kombi-System vereint die Vorteile eines leichten, organischen D\u00e4mmstoffs mit jenen eines mineralischen Oberputzes als Schlussbeschichtung. Ebenfalls geeignet sind silikatische Oberputze. Und schlie\u00dflich sorgen Fassadenfarben mit nat\u00fcrlichem Schutz vor Algen und Pilzen f\u00fcr eine hochwertige und abwechslungsreiche Gestaltung.<\/p>\n<p><strong>Flexibel und frei gestaltbar<\/strong><\/p>\n<p>Auf fast allen Untergr\u00fcnden k\u00f6nnen die StoVentec-Fassadensysteme angewandt werden. Bei Neu- und Altbauten und ideal f\u00fcr Sanierungsma\u00dfnahmen machen die vorgeh\u00e4ngten hinterl\u00fcfteten Systeme eine gute Figur \u2013 insbesondere dort, wo extrem unebene Untergr\u00fcnde zu bezwingen sind. Sie sch\u00fctzen Au\u00dfenw\u00e4nde in Holzbauart mit einer \u00f6kologischen Putztr\u00e4gerplatte gegen Wind und Wetter. Wahlweise k\u00f6nnen auch Glas-, Stein- oder Photovoltaik-Paneele eingesetzt werden. Die StoVentec Fassade bietet optimalen Schallschutz, erm\u00f6glicht fugenlose oder fugenbetonte Oberfl\u00e4chen und er\u00f6ffnet fast unersch\u00f6pfliche Gestaltungsm\u00f6glichkeiten, auch mit extrem dunklen Farbt\u00f6nen.<\/p>\n<hr noshade=\"noshade\" size=\"1\" \/>\n<p>&nbsp;<\/p>\n<table border=\"0\" width=\"520\" cellspacing=\"0\" cellpadding=\"0\">\n<tbody>\n<tr>\n<td valign=\"top\" width=\"370\" height=\"25\"><a href=\"http:\/\/www.pr-neu.de\/newsroom\/wordpress\/wp-content\/uploads\/2016\/02\/16-04-Fassade-Wood_G.jpg\"><img loading=\"lazy\" decoding=\"async\" class=\"size-medium wp-image-12647\" src=\"http:\/\/www.pr-neu.de\/newsroom\/wordpress\/wp-content\/uploads\/2016\/02\/16-04-Fassade-Wood_G-300x142.jpg\" alt=\"\" width=\"300\" height=\"142\" srcset=\"https:\/\/www.pr-neu.de\/newsroom\/wordpress\/wp-content\/uploads\/2016\/02\/16-04-Fassade-Wood_G-300x142.jpg 300w, https:\/\/www.pr-neu.de\/newsroom\/wordpress\/wp-content\/uploads\/2016\/02\/16-04-Fassade-Wood_G-1024x485.jpg 1024w, https:\/\/www.pr-neu.de\/newsroom\/wordpress\/wp-content\/uploads\/2016\/02\/16-04-Fassade-Wood_G-768x364.jpg 768w, https:\/\/www.pr-neu.de\/newsroom\/wordpress\/wp-content\/uploads\/2016\/02\/16-04-Fassade-Wood_G-1536x728.jpg 1536w, https:\/\/www.pr-neu.de\/newsroom\/wordpress\/wp-content\/uploads\/2016\/02\/16-04-Fassade-Wood_G-2048x970.jpg 2048w, https:\/\/www.pr-neu.de\/newsroom\/wordpress\/wp-content\/uploads\/2016\/02\/16-04-Fassade-Wood_G-110x52.jpg 110w, https:\/\/www.pr-neu.de\/newsroom\/wordpress\/wp-content\/uploads\/2016\/02\/16-04-Fassade-Wood_G-420x199.jpg 420w, https:\/\/www.pr-neu.de\/newsroom\/wordpress\/wp-content\/uploads\/2016\/02\/16-04-Fassade-Wood_G-770x365.jpg 770w\" sizes=\"auto, (max-width: 300px) 100vw, 300px\" \/><\/a><\/p>\n<p>&nbsp;<\/td>\n<td colspan=\"3\" valign=\"top\" height=\"21\">Das Fassadend\u00e4mmsystem StoTherm Wood mit dem mineralischen Oberputz StoMiral K sch\u00fctzt dieses Einfamilienhaus in Bad Wurzach vor der Witterung.<\/p>\n<p>Foto: Martin Duckek, Ulm \/ Sto SE &amp; Co. KGaA<\/p>\n<p>&nbsp;<\/td>\n<\/tr>\n<tr>\n<td valign=\"top\" width=\"370\" height=\"25\"><a href=\"http:\/\/www.pr-neu.de\/newsroom\/wordpress\/wp-content\/uploads\/2016\/02\/16-04-Paneele_G.jpg\"><img loading=\"lazy\" decoding=\"async\" class=\"size-medium wp-image-12648\" src=\"http:\/\/www.pr-neu.de\/newsroom\/wordpress\/wp-content\/uploads\/2016\/02\/16-04-Paneele_G-300x195.jpg\" alt=\"\" width=\"300\" height=\"195\" srcset=\"https:\/\/www.pr-neu.de\/newsroom\/wordpress\/wp-content\/uploads\/2016\/02\/16-04-Paneele_G-300x195.jpg 300w, https:\/\/www.pr-neu.de\/newsroom\/wordpress\/wp-content\/uploads\/2016\/02\/16-04-Paneele_G-1024x667.jpg 1024w, https:\/\/www.pr-neu.de\/newsroom\/wordpress\/wp-content\/uploads\/2016\/02\/16-04-Paneele_G-768x500.jpg 768w, https:\/\/www.pr-neu.de\/newsroom\/wordpress\/wp-content\/uploads\/2016\/02\/16-04-Paneele_G-1536x1000.jpg 1536w, https:\/\/www.pr-neu.de\/newsroom\/wordpress\/wp-content\/uploads\/2016\/02\/16-04-Paneele_G-110x72.jpg 110w, https:\/\/www.pr-neu.de\/newsroom\/wordpress\/wp-content\/uploads\/2016\/02\/16-04-Paneele_G-420x274.jpg 420w, https:\/\/www.pr-neu.de\/newsroom\/wordpress\/wp-content\/uploads\/2016\/02\/16-04-Paneele_G-660x430.jpg 660w, https:\/\/www.pr-neu.de\/newsroom\/wordpress\/wp-content\/uploads\/2016\/02\/16-04-Paneele_G.jpg 1795w\" sizes=\"auto, (max-width: 300px) 100vw, 300px\" \/><\/a><\/p>\n<p>&nbsp;<\/td>\n<td colspan=\"3\" valign=\"top\" height=\"21\">Farbe f\u00fcr die Fassade: Der Fachhandwerker h\u00e4ngt die Glaspaneele des vorgeh\u00e4ngten, hinterl\u00fcfteten Systems StoVentec Glass in die Unterkonstruktion ein.<\/p>\n<p>Foto: Sto SE &amp; Co. KGaA<\/p>\n<p>&nbsp;<\/td>\n<\/tr>\n<tr>\n<td valign=\"top\" width=\"370\" height=\"25\"><\/td>\n<td colspan=\"3\" height=\"21\"><\/td>\n<\/tr>\n<\/tbody>\n<\/table>\n<hr noshade=\"noshade\" size=\"1\" \/>\n<p>Abdruck honorarfrei, Belegexemplar erbeten<\/td>\n<\/tr>\n<\/tbody>\n<\/table>\n","protected":false},"excerpt":{"rendered":"<p>Sto zur Dach+Holz: Fassadend\u00e4mmsysteme bieten f\u00fcr jede Anforderung vielf\u00e4ltige Gestaltungsm\u00f6glichkeiten Ein guter Schluss ziert alles Ob Einfamilienhaus, mehrgeschossiges Haus, Wohnanlage oder kompletter Holzbau \u2013 so vielf\u00e4ltig wie die Anwendungsm\u00f6glichkeiten sind auch die auf dem Markt erh\u00e4ltlichen D\u00e4mmsysteme. Bei der Wahl des perfekten Systems spielen Faktoren wie die D\u00e4mmleistung, \u00d6kologie, Wirtschaftlichkeit, Dauerhaftigkeit und Brandschutz eine wichtige [&hellip;]<\/p>\n","protected":false},"author":6,"featured_media":0,"comment_status":"closed","ping_status":"open","sticky":false,"template":"","format":"standard","meta":{"footnotes":""},"categories":[3,15],"tags":[],"class_list":["post-3954","post","type-post","status-publish","format-standard","hentry","category-kundenmeldungen","category-sto"],"_links":{"self":[{"href":"https:\/\/www.pr-neu.de\/newsroom\/wp-json\/wp\/v2\/posts\/3954","targetHints":{"allow":["GET"]}}],"collection":[{"href":"https:\/\/www.pr-neu.de\/newsroom\/wp-json\/wp\/v2\/posts"}],"about":[{"href":"https:\/\/www.pr-neu.de\/newsroom\/wp-json\/wp\/v2\/types\/post"}],"author":[{"embeddable":true,"href":"https:\/\/www.pr-neu.de\/newsroom\/wp-json\/wp\/v2\/users\/6"}],"replies":[{"embeddable":true,"href":"https:\/\/www.pr-neu.de\/newsroom\/wp-json\/wp\/v2\/comments?post=3954"}],"version-history":[{"count":5,"href":"https:\/\/www.pr-neu.de\/newsroom\/wp-json\/wp\/v2\/posts\/3954\/revisions"}],"predecessor-version":[{"id":12650,"href":"https:\/\/www.pr-neu.de\/newsroom\/wp-json\/wp\/v2\/posts\/3954\/revisions\/12650"}],"wp:attachment":[{"href":"https:\/\/www.pr-neu.de\/newsroom\/wp-json\/wp\/v2\/media?parent=3954"}],"wp:term":[{"taxonomy":"category","embeddable":true,"href":"https:\/\/www.pr-neu.de\/newsroom\/wp-json\/wp\/v2\/categories?post=3954"},{"taxonomy":"post_tag","embeddable":true,"href":"https:\/\/www.pr-neu.de\/newsroom\/wp-json\/wp\/v2\/tags?post=3954"}],"curies":[{"name":"wp","href":"https:\/\/api.w.org\/{rel}","templated":true}]}}