{"id":393,"date":"2011-01-17T11:09:03","date_gmt":"2011-01-17T10:09:03","guid":{"rendered":"http:\/\/www.pr-nord.de\/newsroom\/?p=393"},"modified":"2020-05-28T16:21:49","modified_gmt":"2020-05-28T14:21:49","slug":"carteck-garagentore-optimaler-warmeschutz-erhohte-stabilitat","status":"publish","type":"post","link":"https:\/\/www.pr-neu.de\/newsroom\/carteck-garagentore-optimaler-warmeschutz-erhohte-stabilitat\/","title":{"rendered":"CarTeck-Garagentore: Optimaler W\u00e4rmeschutz, erh\u00f6hte Stabilit\u00e4t"},"content":{"rendered":"<p>Technische Verbesserungen f\u00fcr den Antrieb, den W\u00e4rmeschutz und die Stabilit\u00e4t sowie eine erweiterte Design-Palette zeichnen die neue Generation der Garagentor-Serie \u201eCarTeck GSW 40\u201c aus. Zum Jahresbeginn pr\u00e4sentierte Teckentrup (Verl) die technisch und optisch verbesserten Sectionaltore auf der Messe BAU.<\/p>\n","protected":false},"excerpt":{"rendered":"<p>Technische Verbesserungen f\u00fcr den Antrieb, den W\u00e4rmeschutz und die Stabilit\u00e4t sowie eine erweiterte Design-Palette zeichnen die neue Generation der Garagentor-Serie \u201eCarTeck GSW 40\u201c aus. Zum Jahresbeginn pr\u00e4sentierte Teckentrup (Verl) die technisch und optisch verbesserten Sectionaltore auf der Messe BAU.<\/p>\n","protected":false},"author":6,"featured_media":0,"comment_status":"closed","ping_status":"open","sticky":false,"template":"","format":"standard","meta":{"footnotes":""},"categories":[3,6,18],"tags":[73,102,103,217,218,457,565,577,578,589],"class_list":["post-393","post","type-post","status-publish","format-standard","hentry","category-kundenmeldungen","category-messen","category-teckentrup","tag-bau","tag-carteck","tag-carteck-gsw-40","tag-garage","tag-garagentor","tag-sctionaltor","tag-teckentrup","tag-tor","tag-tor-tuer","tag-tur"],"_links":{"self":[{"href":"https:\/\/www.pr-neu.de\/newsroom\/wp-json\/wp\/v2\/posts\/393","targetHints":{"allow":["GET"]}}],"collection":[{"href":"https:\/\/www.pr-neu.de\/newsroom\/wp-json\/wp\/v2\/posts"}],"about":[{"href":"https:\/\/www.pr-neu.de\/newsroom\/wp-json\/wp\/v2\/types\/post"}],"author":[{"embeddable":true,"href":"https:\/\/www.pr-neu.de\/newsroom\/wp-json\/wp\/v2\/users\/6"}],"replies":[{"embeddable":true,"href":"https:\/\/www.pr-neu.de\/newsroom\/wp-json\/wp\/v2\/comments?post=393"}],"version-history":[{"count":3,"href":"https:\/\/www.pr-neu.de\/newsroom\/wp-json\/wp\/v2\/posts\/393\/revisions"}],"predecessor-version":[{"id":13060,"href":"https:\/\/www.pr-neu.de\/newsroom\/wp-json\/wp\/v2\/posts\/393\/revisions\/13060"}],"wp:attachment":[{"href":"https:\/\/www.pr-neu.de\/newsroom\/wp-json\/wp\/v2\/media?parent=393"}],"wp:term":[{"taxonomy":"category","embeddable":true,"href":"https:\/\/www.pr-neu.de\/newsroom\/wp-json\/wp\/v2\/categories?post=393"},{"taxonomy":"post_tag","embeddable":true,"href":"https:\/\/www.pr-neu.de\/newsroom\/wp-json\/wp\/v2\/tags?post=393"}],"curies":[{"name":"wp","href":"https:\/\/api.w.org\/{rel}","templated":true}]}}