{"id":39,"date":"2010-04-30T15:54:08","date_gmt":"2010-04-30T13:54:08","guid":{"rendered":"http:\/\/www.pr-nord.de\/sm-newsroom\/wordpress\/?p=39"},"modified":"2018-07-11T12:09:17","modified_gmt":"2018-07-11T10:09:17","slug":"markt-machen-mit-dem-energiepass","status":"publish","type":"post","link":"https:\/\/www.pr-neu.de\/newsroom\/markt-machen-mit-dem-energiepass\/","title":{"rendered":"Markt machen mit dem Energiepass"},"content":{"rendered":"<p>F\u00fcr Fenster- und Fassadenbauer, Isolierglashersteller und  Glasveredler er\u00f6ffnet der Energiepass zus\u00e4tzliche Gesch\u00e4ftsfelder: Mit  der neuen Brosch\u00fcre &#8222;Markt machen mit dem Energiepass&#8220; unterst\u00fctzen der  Verband der Fenster- und Fassadenhersteller (VFF) und der Bundesverband  Flachglas (BF) aktive Unternehmer. Sie informieren \u00fcber das neue  Instrument und geben Tipps zur Zusatzqualifikation  &#8222;Geb\u00e4ude-Energieberater&#8220;.<br \/>\n<a href=\"..\/..\/..\/vff_text2.html\" target=\"_blank\"><strong>Mehr&#8230;<\/strong><\/a><\/p>\n<table width=\"95%\"  border=\"0\">\n<tr >\n<td><!-- AddThis Button BEGIN --><\/p>\n<div align=\"right\" class=\"addthis_toolbox addthis_default_style\">\n<div align=\"right\"><a class=\"addthis_button_compact\" href=\"http:\/\/www.addthis.com\/bookmark.php?v=250&amp;username=xa-4bcef6844aa77bdd\">Share<\/a><span class=\"addthis_separator\">|<\/span><a class=\"addthis_button_facebook\"><\/a><a class=\"addthis_button_myspace\"><\/a><a class=\"addthis_button_google\"><\/a><a class=\"addthis_button_twitter\"><\/a>\n<\/div>\n<\/div>\n<p><script src=\"http:\/\/s7.addthis.com\/js\/250\/addthis_widget.js#username=xa-4bcef6844aa77bdd\" type=\"text\/javascript\"><\/script><!-- AddThis Button END --><\/td>\n<\/tr>\n<\/table>\n","protected":false},"excerpt":{"rendered":"<p>F\u00fcr Fenster- und Fassadenbauer, Isolierglashersteller und  Glasveredler er\u00f6ffnet der Energiepass zus\u00e4tzliche Gesch\u00e4ftsfelder: Mit  der neuen Brosch\u00fcre &#8222;Markt machen mit dem Energiepass&#8220; unterst\u00fctzen der  Verband der Fenster- und Fassadenhersteller (VFF) und der Bundesverband  Flachglas (BF) aktive Unternehmer. Sie informieren \u00fcber das neue  Instrument und geben Tipps zur Zusatzqualifikation  &#8222;Geb\u00e4ude-Energieberater&#8220;.<br \/>\n<a href=\"..\/..\/..\/vff_text2.html\" target=\"_blank\"><strong>Mehr&#8230;<\/strong><\/a><\/p>\n","protected":false},"author":6,"featured_media":0,"comment_status":"closed","ping_status":"open","sticky":false,"template":"","format":"standard","meta":{"footnotes":""},"categories":[3],"tags":[157],"class_list":["post-39","post","type-post","status-publish","format-standard","hentry","category-kundenmeldungen","tag-energieausweis"],"_links":{"self":[{"href":"https:\/\/www.pr-neu.de\/newsroom\/wp-json\/wp\/v2\/posts\/39","targetHints":{"allow":["GET"]}}],"collection":[{"href":"https:\/\/www.pr-neu.de\/newsroom\/wp-json\/wp\/v2\/posts"}],"about":[{"href":"https:\/\/www.pr-neu.de\/newsroom\/wp-json\/wp\/v2\/types\/post"}],"author":[{"embeddable":true,"href":"https:\/\/www.pr-neu.de\/newsroom\/wp-json\/wp\/v2\/users\/6"}],"replies":[{"embeddable":true,"href":"https:\/\/www.pr-neu.de\/newsroom\/wp-json\/wp\/v2\/comments?post=39"}],"version-history":[{"count":2,"href":"https:\/\/www.pr-neu.de\/newsroom\/wp-json\/wp\/v2\/posts\/39\/revisions"}],"predecessor-version":[{"id":8083,"href":"https:\/\/www.pr-neu.de\/newsroom\/wp-json\/wp\/v2\/posts\/39\/revisions\/8083"}],"wp:attachment":[{"href":"https:\/\/www.pr-neu.de\/newsroom\/wp-json\/wp\/v2\/media?parent=39"}],"wp:term":[{"taxonomy":"category","embeddable":true,"href":"https:\/\/www.pr-neu.de\/newsroom\/wp-json\/wp\/v2\/categories?post=39"},{"taxonomy":"post_tag","embeddable":true,"href":"https:\/\/www.pr-neu.de\/newsroom\/wp-json\/wp\/v2\/tags?post=39"}],"curies":[{"name":"wp","href":"https:\/\/api.w.org\/{rel}","templated":true}]}}