{"id":3874,"date":"2015-12-09T15:25:47","date_gmt":"2015-12-09T15:25:47","guid":{"rendered":"http:\/\/www.pr-nord.de\/newsroom\/?p=3874"},"modified":"2020-05-28T14:23:31","modified_gmt":"2020-05-28T12:23:31","slug":"fassadendaemmsystem-studie-unter-top-10-bei-greentec-awards","status":"publish","type":"post","link":"https:\/\/www.pr-neu.de\/newsroom\/fassadendaemmsystem-studie-unter-top-10-bei-greentec-awards\/","title":{"rendered":"Fassadend\u00e4mmsystem-Studie unter Top 10 bei GreenTec Awards"},"content":{"rendered":"<table border=\"0\" width=\"520\" cellspacing=\"0\" cellpadding=\"0\">\n<tbody>\n<tr>\n<td><strong>Fassadend\u00e4mmsystem-Studie unter Top 10 bei GreenTec Awards<\/strong><\/p>\n<p><strong>Das Forschungsprojekt \u201efacade4zeroWaste\u201c zielt auf ein nahezu vollst\u00e4ndig recyclierbares und gr\u00f6\u00dftenteils wiederverwendbares Fassadend\u00e4mmsystem und konnte bereits den Europ\u00e4ischen Recyclingpreis 2015 f\u00fcr sich entscheiden. Jetzt wurde es bei den GreenTec Awards 2016 in die Gruppe der letzten zehn der Kategorie \u201eBauen &amp; Wohnen\u201c gew\u00e4hlt. Bei der nun folgenden Online-Abstimmung entscheiden an Innovation und Nachhaltigkeit interessierte Menschen in aller Welt \u00fcber den Erfolg der Produktstudie.<\/strong><\/p>\n<p>Im Rahmen eines gemeinsamen Forschungsprojekts haben Sto und ein Team der Technischen Universit\u00e4t Graz eine m\u00f6gliche Weiterentwicklung von Fassadend\u00e4mmsystemen untersucht. Die Studie unter dem Titel \u201efacade4zeroWaste\u201c verfolgt die Vision eines D\u00e4mmsystems, bei dem keine Kleber zum Einsatz kommen, sondern Klettverschl\u00fcsse die Haupttragkomponenten des Fassadensystems verbinden. Das vereinfacht Montage und Demontage und sorgt nach Ablauf der Standzeit daf\u00fcr, dass die einzelnen Bestandteile leicht voneinander getrennt und anschlie\u00dfend fast vollst\u00e4ndig wiederverwertet werden k\u00f6nnen.<\/p>\n<p>Die Produktstudie wurde bereits mit dem Europ\u00e4ischen Recyclingpreis 2015 ausgezeichnet und erreichte nun die Gruppe der Top 10 bei den GreenTec Awards 2016. Bei diesem Wettbewerb werden aus einer Vielzahl von Bewerbern jeweils zehn Projekte in 16 Kategorien vorausgew\u00e4hlt, die sich dann einer Online-Abstimmung zu stellen haben. Bei der Wahl der pers\u00f6nlichen Favoriten kann noch bis zum 13. Januar 2016 jeder Interessierte eine Stimme pro Kategorie in beliebig vielen Kategorien abgeben. Zur Teilnahme (s. greentec-awards.com) ist keine Anmeldung erforderlich \u2013 es wird nur der Vor- und Nachname sowie eine E-Mailadresse zur Best\u00e4tigung der Stimmabgabe ben\u00f6tigt.<\/p>\n<hr noshade=\"noshade\" size=\"1\" \/>\n<p>&nbsp;<\/p>\n<table border=\"0\" width=\"520\" cellspacing=\"0\" cellpadding=\"0\">\n<tbody>\n<tr>\n<td valign=\"top\" width=\"370\" height=\"25\"><a href=\"http:\/\/www.pr-neu.de\/newsroom\/wordpress\/wp-content\/uploads\/2015\/12\/15-53-greentecaward_G.jpg\"><img loading=\"lazy\" decoding=\"async\" class=\"aligncenter size-medium wp-image-12665\" src=\"http:\/\/www.pr-neu.de\/newsroom\/wordpress\/wp-content\/uploads\/2015\/12\/15-53-greentecaward_G-145x300.jpg\" alt=\"\" width=\"145\" height=\"300\" srcset=\"https:\/\/www.pr-neu.de\/newsroom\/wordpress\/wp-content\/uploads\/2015\/12\/15-53-greentecaward_G-145x300.jpg 145w, https:\/\/www.pr-neu.de\/newsroom\/wordpress\/wp-content\/uploads\/2015\/12\/15-53-greentecaward_G-53x110.jpg 53w, https:\/\/www.pr-neu.de\/newsroom\/wordpress\/wp-content\/uploads\/2015\/12\/15-53-greentecaward_G-203x420.jpg 203w, https:\/\/www.pr-neu.de\/newsroom\/wordpress\/wp-content\/uploads\/2015\/12\/15-53-greentecaward_G-208x430.jpg 208w, https:\/\/www.pr-neu.de\/newsroom\/wordpress\/wp-content\/uploads\/2015\/12\/15-53-greentecaward_G.jpg 450w\" sizes=\"auto, (max-width: 145px) 100vw, 145px\" \/><\/a><\/p>\n<p>&nbsp;<\/td>\n<td colspan=\"3\" valign=\"top\" height=\"21\">Das Forschungsprojekt \u201efacade4zeroWaste\u201c von Sto und der Uni Graz z\u00e4hlt zu den zehn ausgew\u00e4hlten Projekten f\u00fcr den GreenTec Award in der Kategorie \u201eBauen &amp; Wohnen\u201c. Aktuell l\u00e4uft eine Online-Abstimmung.<\/p>\n<p>Bild: GreenTec Awards<\/p>\n<p>&nbsp;<\/td>\n<\/tr>\n<tr>\n<td valign=\"top\" width=\"370\" height=\"25\"><\/td>\n<td colspan=\"3\" height=\"21\"><\/td>\n<\/tr>\n<\/tbody>\n<\/table>\n<hr noshade=\"noshade\" size=\"1\" \/>\n<p>Abdruck honorarfrei, Belegexemplar erbeten<\/td>\n<\/tr>\n<\/tbody>\n<\/table>\n","protected":false},"excerpt":{"rendered":"<p>Fassadend\u00e4mmsystem-Studie unter Top 10 bei GreenTec Awards Das Forschungsprojekt \u201efacade4zeroWaste\u201c zielt auf ein nahezu vollst\u00e4ndig recyclierbares und gr\u00f6\u00dftenteils wiederverwendbares Fassadend\u00e4mmsystem und konnte bereits den Europ\u00e4ischen Recyclingpreis 2015 f\u00fcr sich entscheiden. Jetzt wurde es bei den GreenTec Awards 2016 in die Gruppe der letzten zehn der Kategorie \u201eBauen &amp; Wohnen\u201c gew\u00e4hlt. Bei der nun folgenden Online-Abstimmung [&hellip;]<\/p>\n","protected":false},"author":6,"featured_media":0,"comment_status":"closed","ping_status":"open","sticky":false,"template":"","format":"standard","meta":{"footnotes":""},"categories":[3,15],"tags":[],"class_list":["post-3874","post","type-post","status-publish","format-standard","hentry","category-kundenmeldungen","category-sto"],"_links":{"self":[{"href":"https:\/\/www.pr-neu.de\/newsroom\/wp-json\/wp\/v2\/posts\/3874","targetHints":{"allow":["GET"]}}],"collection":[{"href":"https:\/\/www.pr-neu.de\/newsroom\/wp-json\/wp\/v2\/posts"}],"about":[{"href":"https:\/\/www.pr-neu.de\/newsroom\/wp-json\/wp\/v2\/types\/post"}],"author":[{"embeddable":true,"href":"https:\/\/www.pr-neu.de\/newsroom\/wp-json\/wp\/v2\/users\/6"}],"replies":[{"embeddable":true,"href":"https:\/\/www.pr-neu.de\/newsroom\/wp-json\/wp\/v2\/comments?post=3874"}],"version-history":[{"count":5,"href":"https:\/\/www.pr-neu.de\/newsroom\/wp-json\/wp\/v2\/posts\/3874\/revisions"}],"predecessor-version":[{"id":12666,"href":"https:\/\/www.pr-neu.de\/newsroom\/wp-json\/wp\/v2\/posts\/3874\/revisions\/12666"}],"wp:attachment":[{"href":"https:\/\/www.pr-neu.de\/newsroom\/wp-json\/wp\/v2\/media?parent=3874"}],"wp:term":[{"taxonomy":"category","embeddable":true,"href":"https:\/\/www.pr-neu.de\/newsroom\/wp-json\/wp\/v2\/categories?post=3874"},{"taxonomy":"post_tag","embeddable":true,"href":"https:\/\/www.pr-neu.de\/newsroom\/wp-json\/wp\/v2\/tags?post=3874"}],"curies":[{"name":"wp","href":"https:\/\/api.w.org\/{rel}","templated":true}]}}