{"id":3854,"date":"2015-11-26T14:52:45","date_gmt":"2015-11-26T14:52:45","guid":{"rendered":"http:\/\/www.pr-nord.de\/newsroom\/?p=3854"},"modified":"2020-05-28T14:32:29","modified_gmt":"2020-05-28T12:32:29","slug":"handwerk-erleben","status":"publish","type":"post","link":"https:\/\/www.pr-neu.de\/newsroom\/handwerk-erleben\/","title":{"rendered":"Handwerk erleben"},"content":{"rendered":"<table border=\"0\" width=\"520\" cellspacing=\"0\" cellpadding=\"0\">\n<tbody>\n<tr>\n<td><u>Sto auf der FAF 2016 \u2013 Halle A2\/ Stand 102<\/u><\/p>\n<p><strong>Handwerk erleben<\/strong><\/p>\n<p><strong>Bionische Farben, sichere Innend\u00e4mmsysteme, harte Fassadenbel\u00e4ge: Trends und Kompetenzen stehen im Mittelpunkt des Messeauftritts von Sto. <\/strong><\/p>\n<p>Die Baubranche trifft sich vom 2. bis 5. M\u00e4rz 2016 auf der Farbe, Ausbau &amp; Fassade (FAF) in M\u00fcnchen. Nat\u00fcrlich ist die Sto SE &amp; Co. KGaA auf dieser internationalen Leitmesse des Maler- und Stuckateurhandwerks vertreten. Auf dem 325 Quadratmeter gro\u00dfen Stand erleben die Besucher lebendiges Fachhandwerk in spannenden Live-Vorf\u00fchrungen und erfahren Bew\u00e4hrtes, Beachtenswertes und Besonderes unter anderem zu folgenden Themen:<\/p>\n<ul>\n<li>Die bionische Fassadenfarbe StoColor Dryonic, vom Fraunhofer IPA zur Oberfl\u00e4che des Jahres 2015 gew\u00e4hlt, \u00fcberzeugt auf nahezu allen Untergr\u00fcnden<\/li>\n<li>Das Sto-Innend\u00e4mmsortiment bietet f\u00fcr alle Anforderungen beim D\u00e4mmen von Innen die passenden Systeme und Komponenten<\/li>\n<li>Die durch das Feuer gingen: Klinkerriemchen auf ged\u00e4mmten Fassaden sind Trend<\/li>\n<li>Eine Frage des guten Tons: Akustikdecken<\/li>\n<li>Neue Putztechniken<\/li>\n<li>Naturstein<\/li>\n<\/ul>\n<p>Zahlreiche Sto-Fachberater freuen sich darauf, viele Fragen umfassend zu beantworten und erneut rund 12.000 G\u00e4ste in Halle A2 Stand 102 willkommen zu hei\u00dfen.<\/p>\n<hr noshade=\"noshade\" size=\"1\" \/>\n<p>&nbsp;<\/p>\n<table border=\"0\" width=\"520\" cellspacing=\"0\" cellpadding=\"0\">\n<tbody>\n<tr>\n<td valign=\"top\" width=\"370\" height=\"25\"><a href=\"http:\/\/www.pr-neu.de\/newsroom\/wordpress\/wp-content\/uploads\/2015\/11\/15-50-StoColor-Dryonic_G.jpg\"><img loading=\"lazy\" decoding=\"async\" class=\"size-medium wp-image-12676\" src=\"http:\/\/www.pr-neu.de\/newsroom\/wordpress\/wp-content\/uploads\/2015\/11\/15-50-StoColor-Dryonic_G-300x169.jpg\" alt=\"\" width=\"300\" height=\"169\" srcset=\"https:\/\/www.pr-neu.de\/newsroom\/wordpress\/wp-content\/uploads\/2015\/11\/15-50-StoColor-Dryonic_G-300x169.jpg 300w, https:\/\/www.pr-neu.de\/newsroom\/wordpress\/wp-content\/uploads\/2015\/11\/15-50-StoColor-Dryonic_G-1024x576.jpg 1024w, https:\/\/www.pr-neu.de\/newsroom\/wordpress\/wp-content\/uploads\/2015\/11\/15-50-StoColor-Dryonic_G-768x432.jpg 768w, https:\/\/www.pr-neu.de\/newsroom\/wordpress\/wp-content\/uploads\/2015\/11\/15-50-StoColor-Dryonic_G-1536x864.jpg 1536w, https:\/\/www.pr-neu.de\/newsroom\/wordpress\/wp-content\/uploads\/2015\/11\/15-50-StoColor-Dryonic_G-110x62.jpg 110w, https:\/\/www.pr-neu.de\/newsroom\/wordpress\/wp-content\/uploads\/2015\/11\/15-50-StoColor-Dryonic_G-420x236.jpg 420w, https:\/\/www.pr-neu.de\/newsroom\/wordpress\/wp-content\/uploads\/2015\/11\/15-50-StoColor-Dryonic_G-770x430.jpg 770w, https:\/\/www.pr-neu.de\/newsroom\/wordpress\/wp-content\/uploads\/2015\/11\/15-50-StoColor-Dryonic_G-764x430.jpg 764w, https:\/\/www.pr-neu.de\/newsroom\/wordpress\/wp-content\/uploads\/2015\/11\/15-50-StoColor-Dryonic_G.jpg 1920w\" sizes=\"auto, (max-width: 300px) 100vw, 300px\" \/><\/a><\/p>\n<p>&nbsp;<\/td>\n<td colspan=\"3\" height=\"21\">Kleiner K\u00e4fer, gro\u00dfer Nutzen; der Panzer des Nebeltrinker-K\u00e4fers stand Pate f\u00fcr die \u201eOberfl\u00e4che des Jahres 2015\u201d \u2013 die Fassadenfarbe f\u00fcr schnellste Trocknung: StoColor Dryonic.<\/p>\n<p>Foto: STEP-ANI-MOTION, K\u00f6ln<\/p>\n<p>&nbsp;<\/td>\n<\/tr>\n<\/tbody>\n<\/table>\n<hr noshade=\"noshade\" size=\"1\" \/>\n<p>Abdruck honorarfrei, Belegexemplar erbeten<\/td>\n<\/tr>\n<\/tbody>\n<\/table>\n","protected":false},"excerpt":{"rendered":"<p>Sto auf der FAF 2016 \u2013 Halle A2\/ Stand 102 Handwerk erleben Bionische Farben, sichere Innend\u00e4mmsysteme, harte Fassadenbel\u00e4ge: Trends und Kompetenzen stehen im Mittelpunkt des Messeauftritts von Sto. Die Baubranche trifft sich vom 2. bis 5. M\u00e4rz 2016 auf der Farbe, Ausbau &amp; Fassade (FAF) in M\u00fcnchen. Nat\u00fcrlich ist die Sto SE &amp; Co. KGaA [&hellip;]<\/p>\n","protected":false},"author":6,"featured_media":0,"comment_status":"closed","ping_status":"open","sticky":false,"template":"","format":"standard","meta":{"footnotes":""},"categories":[3,15],"tags":[],"class_list":["post-3854","post","type-post","status-publish","format-standard","hentry","category-kundenmeldungen","category-sto"],"_links":{"self":[{"href":"https:\/\/www.pr-neu.de\/newsroom\/wp-json\/wp\/v2\/posts\/3854","targetHints":{"allow":["GET"]}}],"collection":[{"href":"https:\/\/www.pr-neu.de\/newsroom\/wp-json\/wp\/v2\/posts"}],"about":[{"href":"https:\/\/www.pr-neu.de\/newsroom\/wp-json\/wp\/v2\/types\/post"}],"author":[{"embeddable":true,"href":"https:\/\/www.pr-neu.de\/newsroom\/wp-json\/wp\/v2\/users\/6"}],"replies":[{"embeddable":true,"href":"https:\/\/www.pr-neu.de\/newsroom\/wp-json\/wp\/v2\/comments?post=3854"}],"version-history":[{"count":5,"href":"https:\/\/www.pr-neu.de\/newsroom\/wp-json\/wp\/v2\/posts\/3854\/revisions"}],"predecessor-version":[{"id":12677,"href":"https:\/\/www.pr-neu.de\/newsroom\/wp-json\/wp\/v2\/posts\/3854\/revisions\/12677"}],"wp:attachment":[{"href":"https:\/\/www.pr-neu.de\/newsroom\/wp-json\/wp\/v2\/media?parent=3854"}],"wp:term":[{"taxonomy":"category","embeddable":true,"href":"https:\/\/www.pr-neu.de\/newsroom\/wp-json\/wp\/v2\/categories?post=3854"},{"taxonomy":"post_tag","embeddable":true,"href":"https:\/\/www.pr-neu.de\/newsroom\/wp-json\/wp\/v2\/tags?post=3854"}],"curies":[{"name":"wp","href":"https:\/\/api.w.org\/{rel}","templated":true}]}}