{"id":3842,"date":"2015-11-23T13:42:13","date_gmt":"2015-11-23T13:42:13","guid":{"rendered":"http:\/\/www.pr-nord.de\/newsroom\/?p=3842"},"modified":"2020-05-28T14:34:58","modified_gmt":"2020-05-28T12:34:58","slug":"wenn-industrie-4-0-in-der-gebaeudehuelle-beginnt","status":"publish","type":"post","link":"https:\/\/www.pr-neu.de\/newsroom\/wenn-industrie-4-0-in-der-gebaeudehuelle-beginnt\/","title":{"rendered":"Wenn Industrie 4.0 in der Geb\u00e4udeh\u00fclle beginnt \u2026"},"content":{"rendered":"<p><span style=\"text-decoration: underline;\">Dimmbares Glas ECONTROL f\u00fcr das Geb\u00e4ude der Zukunft<\/span><\/p>\n<p>Festo-AutomationCenter vereint \u00c4sthetik, Technologie, Energieeffizienz und Nachhaltigkeit<\/p>\n<p><strong>Mit dem neuen AutomationCenter startet die FESTO AG &amp; Co. KG (Esslingen) in eine neue \u00c4ra. Das hochmoderne Geb\u00e4ude bietet 400 Mitarbeitern auf 16 Hochgeschossen Raum f\u00fcr Innovation und die Entwicklung neuer Kundenl\u00f6sungen. Das Hochhaus mit rhombischem Grundriss ist ein architektonisches Highlight und \u00fcberzeugt zus\u00e4tzlich mit seinen \u201einneren Werten\u201c. Das ausgekl\u00fcgelte nachhaltige Konzept sorgt mit der Kombination innovativer Technologien f\u00fcr eine maximale Energieeffizienz. In der Fassade tragen zirka 1.000 Quadratmeter dimmbares Glas der Firma EControl-Glas (Plauen) ihren Teil zur Geb\u00e4udeh\u00fclle der Zukunft bei. Verbaut in 441 Parallelausstellfenstern, erm\u00f6glicht das Glas einen allzeit freien Blick nach drau\u00dfen, w\u00e4hrend bei der herk\u00f6mmlichen Sonnenschutzverglasung gerade bei sch\u00f6nstem Wetter der innere Blendschutz die Sicht beeintr\u00e4chtigt.<\/strong><\/p>\n<p>Festo z\u00e4hlt zu den Weltmarktf\u00fchrern in der Automatisierungstechnik und in der technischen Aus- und Weiterbildung. Seinen Stammsitz hat das Unternehmen seit seiner Gr\u00fcndung im Jahr 1925 in der Ingenieursstadt Esslingen. Hier wurde mit dem neu errichteten AutomationCenter jetzt auch ein neues Firmen-Wahrzeichen geschaffen. Mit einer Geb\u00e4udeh\u00f6he von 67 Metern ist das Hochhaus schon aus der Ferne sichtbar. Auch sein au\u00dfergew\u00f6hnlicher Grundriss in Form eines Rhombus sticht schon von Weitem hervor. So wie die herausragende architektonische Qualit\u00e4t \u00fcberzeugt auch das hocheffiziente Energiekonzept des Festo-Neubaus.<\/p>\n<p><strong>Anspruchsvolle Architektur k\u00fcsst Nachhaltigkeit<\/strong><\/p>\n<p>Die dynamische Architektur des AutomationCenters schl\u00e4gt eine Br\u00fccke zwischen Gebrauchsf\u00e4higkeit, Wirtschaftlichkeit und Funktionalit\u00e4t. Au\u00dferdem f\u00fchrt die \u00e4u\u00dfere Form das fort, was im Inneren stattfindet: \u00c4sthetik gepaart mit Nachhaltigkeit. Der rautenf\u00f6rmige Geb\u00e4ude-Grundriss entstand nicht nur aus \u00e4sthetischem Anspruch, sondern auch um Luftstr\u00f6me in dem energieautarken Geb\u00e4ude zu optimieren. Die Geb\u00e4udeautomation im Center umfasst die gesamte technische Infrastruktur: Heizung, L\u00fcftung, Klima, Elektroanlagen, Beleuchtung, Beschattung, Zutrittskontrolle, Sicherheit und Energiemanagement.<\/p>\n<p><strong>Mehr Transparenz: intelligente Glasfassade <\/strong><\/p>\n<p>Die str\u00f6mungsoptimierte, pneumatische Abluftfassade hat eine Gesamtfl\u00e4che von insgesamt 8.500 Quadratmetern und besteht zu einem Gro\u00dfteil aus Glas. Dies sorgt f\u00fcr Offenheit und Transparenz. Ein faszinierender Aspekt der Fassade ist Ihre Wandlungsf\u00e4higkeit: Je nach Jahreszeit und Tageslichteinfall zeigt sie ihre verschiedenen Facetten. So schillern rund 1.000 Quadratmeter der Verglasung vor allem im Sommer in einem geheimnisvollen Blau, das nicht nur die Firmenfarbe zitiert, sondern einen ganz praktischen Zweck verfolgt. Verantwortlich f\u00fcr den blauen Schimmer ist das dimmbare elektrochrome Glas ECONTROL, dessen Licht- und Energieeintrag ins Geb\u00e4ude ver\u00e4ndert werden kann. Die Sicht nach drau\u00dfen ist gerade bei sch\u00f6nem Wetter ein Erlebnis. Auch eine nat\u00fcrliche L\u00fcftung ist jederzeit m\u00f6glich, da sich die Fenster mit ECONTROL manuell \u00f6ffnen lassen.<\/p>\n<p><strong>ECONTROL: Verglasung 4.0<\/strong><\/p>\n<p>Das dimmbare elektrochrome Glas ist in den 441 Parallelausstellfenstern des Geb\u00e4udes verbaut. Es l\u00e4sst sich \u00fcber die Geb\u00e4udeleittechnik stufenlos und automatisiert von hell bis blau einf\u00e4rben. Je Stockwerk und Fassade sorgen sieben raumhohe Fensterelemente gerade auch in eingedunkeltem Zustand f\u00fcr eine offene Kommunikation mit der Au\u00dfenwelt.<\/p>\n<p>\u201eECONTROL ist eine zukunftsweisende Komponente f\u00fcr eine klassische Fassadenl\u00f6sung aber mit High-Tech-Anspr\u00fcchen\u201c, sagt Andreas Beccard von \u02c8priedemann fassadenberatung\u02c8. Aufgrund der exponierten Lage, der Geb\u00e4udekubatur, der Wirtschaftlichkeit und des FESTO-eigenen Corporate-Identity fiel die Wahl beim AutomationCenter bewusst auf eine einschalige, vollst\u00e4ndig vormontierte Elementfassade \u2013 eine vorgeh\u00e4ngte zweite Glasebene oder Raffstoren kamen f\u00fcr das Geb\u00e4udekonzept nicht infrage.<\/p>\n<hr noshade=\"noshade\" size=\"1\" \/>\n<p><span style=\"text-decoration: underline;\"><strong>Bautafel<\/strong><\/span><\/p>\n<p><strong>Projekt:<\/strong><br \/>\nFESTO AutomationCenter<\/p>\n<p><strong>Bauherr:<\/strong><br \/>\nFESTO AG &amp; Co. KG, Esslingen<\/p>\n<p><strong>Objektadresse:<\/strong><br \/>\nFesto Campus 1, 73734 Esslingen<\/p>\n<p><strong>Architekten:<\/strong><br \/>\nUlrich &amp; Jens Jaschek, Stuttgart<\/p>\n<p><strong>Fassadenplanung:<\/strong><br \/>\npriedemann fassadenberatung GmbH, Gro\u00dfbeeren\/Berlin<\/p>\n<p><strong>Fassade:<\/strong><br \/>\nSchindler Fenster + Fassaden GmbH, Roding<\/p>\n<p><strong>Glasprodukt:<\/strong><br \/>\nECONTROL smart Typ 50\/10 (ca. 1.000 Quadratmeter)<\/p>\n<p><strong>Glashersteller dimmbares Glas:<\/strong><br \/>\nEControl-Glas GmbH, Plauen<\/p>\n<hr noshade=\"noshade\" size=\"1\" \/>\n<table style=\"height: 803px;\" border=\"0\" width=\"685\" cellspacing=\"0\" cellpadding=\"0\">\n<tbody>\n<tr>\n<td valign=\"top\" width=\"370\" height=\"200\"><a href=\"http:\/\/www.pr-neu.de\/newsroom\/wordpress\/wp-content\/uploads\/2015\/11\/15-10_festo_gebaeude_G.jpg\"><img loading=\"lazy\" decoding=\"async\" class=\"size-medium wp-image-12681\" src=\"http:\/\/www.pr-neu.de\/newsroom\/wordpress\/wp-content\/uploads\/2015\/11\/15-10_festo_gebaeude_G-300x213.jpg\" alt=\"\" width=\"300\" height=\"213\" srcset=\"https:\/\/www.pr-neu.de\/newsroom\/wordpress\/wp-content\/uploads\/2015\/11\/15-10_festo_gebaeude_G-300x213.jpg 300w, https:\/\/www.pr-neu.de\/newsroom\/wordpress\/wp-content\/uploads\/2015\/11\/15-10_festo_gebaeude_G-1024x727.jpg 1024w, https:\/\/www.pr-neu.de\/newsroom\/wordpress\/wp-content\/uploads\/2015\/11\/15-10_festo_gebaeude_G-768x545.jpg 768w, https:\/\/www.pr-neu.de\/newsroom\/wordpress\/wp-content\/uploads\/2015\/11\/15-10_festo_gebaeude_G-1536x1091.jpg 1536w, https:\/\/www.pr-neu.de\/newsroom\/wordpress\/wp-content\/uploads\/2015\/11\/15-10_festo_gebaeude_G-2048x1454.jpg 2048w, https:\/\/www.pr-neu.de\/newsroom\/wordpress\/wp-content\/uploads\/2015\/11\/15-10_festo_gebaeude_G-110x78.jpg 110w, https:\/\/www.pr-neu.de\/newsroom\/wordpress\/wp-content\/uploads\/2015\/11\/15-10_festo_gebaeude_G-420x298.jpg 420w, https:\/\/www.pr-neu.de\/newsroom\/wordpress\/wp-content\/uploads\/2015\/11\/15-10_festo_gebaeude_G-606x430.jpg 606w\" sizes=\"auto, (max-width: 300px) 100vw, 300px\" \/><\/a><\/td>\n<td colspan=\"3\" height=\"200\">Je nach Jahreszeit und Tageslichteinfall \u00e4ndert die Ganzglasfassade des AutomationCenters ihr Erscheinungsbild und zeigt all ihre architektonischen Facetten.<\/p>\n<p>Foto: \u00a9Festo AG &amp; Co. KG, alle Rechte vorbehalten<\/td>\n<\/tr>\n<tr>\n<td valign=\"top\" width=\"370\" height=\"200\"><a href=\"http:\/\/www.pr-neu.de\/newsroom\/wordpress\/wp-content\/uploads\/2015\/11\/15-10_festo_ausblick_G.jpg\"><img loading=\"lazy\" decoding=\"async\" class=\"size-medium wp-image-12682\" src=\"http:\/\/www.pr-neu.de\/newsroom\/wordpress\/wp-content\/uploads\/2015\/11\/15-10_festo_ausblick_G-300x241.jpg\" alt=\"\" width=\"300\" height=\"241\" srcset=\"https:\/\/www.pr-neu.de\/newsroom\/wordpress\/wp-content\/uploads\/2015\/11\/15-10_festo_ausblick_G-300x241.jpg 300w, https:\/\/www.pr-neu.de\/newsroom\/wordpress\/wp-content\/uploads\/2015\/11\/15-10_festo_ausblick_G-1024x821.jpg 1024w, https:\/\/www.pr-neu.de\/newsroom\/wordpress\/wp-content\/uploads\/2015\/11\/15-10_festo_ausblick_G-768x616.jpg 768w, https:\/\/www.pr-neu.de\/newsroom\/wordpress\/wp-content\/uploads\/2015\/11\/15-10_festo_ausblick_G-1536x1232.jpg 1536w, https:\/\/www.pr-neu.de\/newsroom\/wordpress\/wp-content\/uploads\/2015\/11\/15-10_festo_ausblick_G-2048x1642.jpg 2048w, https:\/\/www.pr-neu.de\/newsroom\/wordpress\/wp-content\/uploads\/2015\/11\/15-10_festo_ausblick_G-110x88.jpg 110w, https:\/\/www.pr-neu.de\/newsroom\/wordpress\/wp-content\/uploads\/2015\/11\/15-10_festo_ausblick_G-420x337.jpg 420w, https:\/\/www.pr-neu.de\/newsroom\/wordpress\/wp-content\/uploads\/2015\/11\/15-10_festo_ausblick_G-536x430.jpg 536w\" sizes=\"auto, (max-width: 300px) 100vw, 300px\" \/><\/a><\/td>\n<td colspan=\"3\" height=\"200\">Die Transparenz der Glasfassade sorgt f\u00fcr Offenheit und erm\u00f6glicht die Kommunikation zwischen Innenraum und Au\u00dfenwelt.<\/p>\n<p>Foto: \u00a9Festo AG &amp; Co. KG, alle Rechte vorbehalten<\/td>\n<\/tr>\n<tr>\n<td valign=\"top\" width=\"370\" height=\"200\"><a href=\"http:\/\/www.pr-neu.de\/newsroom\/wordpress\/wp-content\/uploads\/2015\/11\/15-10_festo_dimmbares_glas_G-2.jpg\"><img loading=\"lazy\" decoding=\"async\" class=\"size-medium wp-image-12683\" src=\"http:\/\/www.pr-neu.de\/newsroom\/wordpress\/wp-content\/uploads\/2015\/11\/15-10_festo_dimmbares_glas_G-2-300x243.jpg\" alt=\"\" width=\"300\" height=\"243\" srcset=\"https:\/\/www.pr-neu.de\/newsroom\/wordpress\/wp-content\/uploads\/2015\/11\/15-10_festo_dimmbares_glas_G-2-300x243.jpg 300w, https:\/\/www.pr-neu.de\/newsroom\/wordpress\/wp-content\/uploads\/2015\/11\/15-10_festo_dimmbares_glas_G-2-1024x829.jpg 1024w, https:\/\/www.pr-neu.de\/newsroom\/wordpress\/wp-content\/uploads\/2015\/11\/15-10_festo_dimmbares_glas_G-2-768x622.jpg 768w, https:\/\/www.pr-neu.de\/newsroom\/wordpress\/wp-content\/uploads\/2015\/11\/15-10_festo_dimmbares_glas_G-2-1536x1243.jpg 1536w, https:\/\/www.pr-neu.de\/newsroom\/wordpress\/wp-content\/uploads\/2015\/11\/15-10_festo_dimmbares_glas_G-2-2048x1658.jpg 2048w, https:\/\/www.pr-neu.de\/newsroom\/wordpress\/wp-content\/uploads\/2015\/11\/15-10_festo_dimmbares_glas_G-2-110x89.jpg 110w, https:\/\/www.pr-neu.de\/newsroom\/wordpress\/wp-content\/uploads\/2015\/11\/15-10_festo_dimmbares_glas_G-2-420x340.jpg 420w, https:\/\/www.pr-neu.de\/newsroom\/wordpress\/wp-content\/uploads\/2015\/11\/15-10_festo_dimmbares_glas_G-2-531x430.jpg 531w\" sizes=\"auto, (max-width: 300px) 100vw, 300px\" \/><\/a><\/td>\n<td colspan=\"3\" height=\"200\">Das in den Parallelausstellfenstern eingebaute dimmbare Glas ECONTROL sperrt die Hitze aus, w\u00e4hrend die R\u00e4ume angenehm hell bleiben. Eine Interaktion mit der Umwelt ist so jederzeit m\u00f6glich.<\/p>\n<p>Foto: \u00a9Festo AG &amp; Co. KG, alle Rechte vorbehalten<\/td>\n<\/tr>\n<\/tbody>\n<\/table>\n<hr noshade=\"noshade\" size=\"1\" \/>\n<p>Abdruck honorarfrei, Belegexemplar erbeten<\/p>\n<p><strong>R\u00fcckfragen beantwortet gern<\/strong><\/p>\n<table width=\"532\">\n<tbody>\n<tr>\n<td valign=\"top\" width=\"260\" height=\"25\"><strong>EControl-Glas<\/strong> GmbH &amp; Co. KG<br \/>\nNadine Witt<br \/>\nTel.: +49(0)3741\/14820-116<br \/>\nFax: +49(0)3741\/14820-150<br \/>\nE-Mail: <a href=\"&#109;a&#x69;l&#x74;o&#x3a;p&#x72;&#101;&#x73;&#115;&#x65;&#64;&#x65;&#99;o&#110;t&#x72;o&#x6c;-&#x67;&#108;&#x61;&#115;&#x2e;&#100;&#x65;\">&#112;&#x72;e&#x73;&#x73;&#101;&#x40;e&#x63;&#x6f;&#110;&#x74;r&#x6f;&#x6c;&#45;&#x67;l&#x61;&#x73;&#46;&#x64;e<\/a><\/td>\n<td colspan=\"3\" valign=\"top\" width=\"260\" height=\"21\"><\/td>\n<\/tr>\n<\/tbody>\n<\/table>\n","protected":false},"excerpt":{"rendered":"<p>Dimmbares Glas ECONTROL f\u00fcr das Geb\u00e4ude der Zukunft Festo-AutomationCenter vereint \u00c4sthetik, Technologie, Energieeffizienz und Nachhaltigkeit Mit dem neuen AutomationCenter startet die FESTO AG &amp; Co. KG (Esslingen) in eine neue \u00c4ra. Das hochmoderne Geb\u00e4ude bietet 400 Mitarbeitern auf 16 Hochgeschossen Raum f\u00fcr Innovation und die Entwicklung neuer Kundenl\u00f6sungen. Das Hochhaus mit rhombischem Grundriss ist ein [&hellip;]<\/p>\n","protected":false},"author":6,"featured_media":7767,"comment_status":"closed","ping_status":"open","sticky":false,"template":"","format":"standard","meta":{"footnotes":""},"categories":[25,3],"tags":[],"class_list":["post-3842","post","type-post","status-publish","format-standard","has-post-thumbnail","hentry","category-econtrol","category-kundenmeldungen"],"_links":{"self":[{"href":"https:\/\/www.pr-neu.de\/newsroom\/wp-json\/wp\/v2\/posts\/3842","targetHints":{"allow":["GET"]}}],"collection":[{"href":"https:\/\/www.pr-neu.de\/newsroom\/wp-json\/wp\/v2\/posts"}],"about":[{"href":"https:\/\/www.pr-neu.de\/newsroom\/wp-json\/wp\/v2\/types\/post"}],"author":[{"embeddable":true,"href":"https:\/\/www.pr-neu.de\/newsroom\/wp-json\/wp\/v2\/users\/6"}],"replies":[{"embeddable":true,"href":"https:\/\/www.pr-neu.de\/newsroom\/wp-json\/wp\/v2\/comments?post=3842"}],"version-history":[{"count":5,"href":"https:\/\/www.pr-neu.de\/newsroom\/wp-json\/wp\/v2\/posts\/3842\/revisions"}],"predecessor-version":[{"id":12684,"href":"https:\/\/www.pr-neu.de\/newsroom\/wp-json\/wp\/v2\/posts\/3842\/revisions\/12684"}],"wp:featuredmedia":[{"embeddable":true,"href":"https:\/\/www.pr-neu.de\/newsroom\/wp-json\/wp\/v2\/media\/7767"}],"wp:attachment":[{"href":"https:\/\/www.pr-neu.de\/newsroom\/wp-json\/wp\/v2\/media?parent=3842"}],"wp:term":[{"taxonomy":"category","embeddable":true,"href":"https:\/\/www.pr-neu.de\/newsroom\/wp-json\/wp\/v2\/categories?post=3842"},{"taxonomy":"post_tag","embeddable":true,"href":"https:\/\/www.pr-neu.de\/newsroom\/wp-json\/wp\/v2\/tags?post=3842"}],"curies":[{"name":"wp","href":"https:\/\/api.w.org\/{rel}","templated":true}]}}