{"id":3822,"date":"2015-11-05T07:49:24","date_gmt":"2015-11-05T07:49:24","guid":{"rendered":"http:\/\/www.pr-nord.de\/newsroom\/?p=3822"},"modified":"2020-05-28T14:35:58","modified_gmt":"2020-05-28T12:35:58","slug":"sedak-glasklar-auf-facebook-und-twitter","status":"publish","type":"post","link":"https:\/\/www.pr-neu.de\/newsroom\/sedak-glasklar-auf-facebook-und-twitter\/","title":{"rendered":"sedak \u2013 glasklar auf Facebook und Twitter"},"content":{"rendered":"<p><u>Sedak startet Social Media-Kommunikation<\/u><\/p>\n<p>Mit den Kan\u00e4len <a href=\"http:\/\/www.twitter.com\/sedak_de\" target=\"_blank\" rel=\"noopener noreferrer\">@sedak_de<\/a> und <a href=\"http:\/\/www.twitter.com\/sedak_int\" target=\"_blank\" rel=\"noopener noreferrer\">@sedak_int<\/a> twittert sedak jetzt f\u00fcr seine deutschen und internationalen Follower, unter <a href=\"http:\/\/www.facebook.com\/sedak.leading.glass\" target=\"_blank\" rel=\"noopener noreferrer\">facebook.com\/sedak.leading.glass<\/a> ist der Glasspezialist aus Gersthofen nun auch bei Facebook vertreten. Zwar l\u00e4sst sich auf den oftmals kleinen Bildschirmen von Facebook- und Twitter-Usern die Wirkung von Gl\u00e4sern in Maxi-Gr\u00f6\u00dfe nur erahnen, f\u00fcr aktuelle Projekte und News bieten sich die sozialen Netzwerke als Infokan\u00e4le dennoch an. Gerade die Facebook-Pr\u00e4senz bietet viele M\u00f6glichkeiten, \u00fcber Veranstaltungen, Produktentwicklungen und die Fertigung zu berichten. \u201eAls Unternehmen m\u00fcssen wir dort pr\u00e4sent sein, wo unsere Kunden sind \u2013 und dazu geh\u00f6ren auch die sozialen Netze\u201c, meint Bernhard Veh, Gesch\u00e4ftsf\u00fchrer der sedak GmbH &amp; Co. KG. Ein eigenes Profil im Architektur-Portal Archello rundet die erweiterte Online-Kommunikation von sedak ab (<a href=\"http:\/\/www.archello.com\/en\/company\/sedak-gmbh-co-kg\" target=\"_blank\" rel=\"noopener noreferrer\">archello.com\/en\/company\/sedak-gmbh-co-kg<\/a>).<\/p>\n<hr noshade=\"noshade\" size=\"1\" \/>\n<table style=\"height: 246px;\" border=\"0\" width=\"680\" cellspacing=\"0\" cellpadding=\"0\">\n<tbody>\n<tr>\n<td valign=\"top\" width=\"370\"><a href=\"http:\/\/www.pr-neu.de\/newsroom\/wordpress\/wp-content\/uploads\/2015\/11\/15-06_sedak_facebook_G-2.jpg\"><img loading=\"lazy\" decoding=\"async\" class=\"size-medium wp-image-12685\" src=\"http:\/\/www.pr-neu.de\/newsroom\/wordpress\/wp-content\/uploads\/2015\/11\/15-06_sedak_facebook_G-2-300x230.jpg\" alt=\"\" width=\"300\" height=\"230\" srcset=\"https:\/\/www.pr-neu.de\/newsroom\/wordpress\/wp-content\/uploads\/2015\/11\/15-06_sedak_facebook_G-2-300x230.jpg 300w, https:\/\/www.pr-neu.de\/newsroom\/wordpress\/wp-content\/uploads\/2015\/11\/15-06_sedak_facebook_G-2-1024x785.jpg 1024w, https:\/\/www.pr-neu.de\/newsroom\/wordpress\/wp-content\/uploads\/2015\/11\/15-06_sedak_facebook_G-2-768x589.jpg 768w, https:\/\/www.pr-neu.de\/newsroom\/wordpress\/wp-content\/uploads\/2015\/11\/15-06_sedak_facebook_G-2-110x84.jpg 110w, https:\/\/www.pr-neu.de\/newsroom\/wordpress\/wp-content\/uploads\/2015\/11\/15-06_sedak_facebook_G-2-420x322.jpg 420w, https:\/\/www.pr-neu.de\/newsroom\/wordpress\/wp-content\/uploads\/2015\/11\/15-06_sedak_facebook_G-2-561x430.jpg 561w, https:\/\/www.pr-neu.de\/newsroom\/wordpress\/wp-content\/uploads\/2015\/11\/15-06_sedak_facebook_G-2.jpg 1487w\" sizes=\"auto, (max-width: 300px) 100vw, 300px\" \/><\/a><\/td>\n<td valign=\"top\">Neu eingerichtet: sedak ist jetzt auch unter <a href=\"http:\/\/www.facebook.com\/sedak.leading.glass\" target=\"_blank\" rel=\"noopener noreferrer\">facebook.com\/sedak.leading.glass<\/a> aktiv.<\/p>\n<p>Foto: sedak GmbH &amp; Co. KG<\/td>\n<\/tr>\n<\/tbody>\n<\/table>\n<hr noshade=\"noshade\" size=\"1\" \/>\n<p><strong>R\u00fcckfragen beantwortet gern<\/strong><\/p>\n<table>\n<tbody>\n<tr>\n<td valign=\"top\" width=\"260\" height=\"25\"><strong>sedak GmbH &amp; Co. KG<br \/>\n<\/strong>Tatjana Vinkovic<br \/>\nTel.: +49(0)821\/2494-823<br \/>\nFax: +49(0)821\/2494-777<br \/>\nE-Mail: <a href=\"m&#97;&#x69;&#x6c;t&#111;&#x3a;&#x74;a&#116;&#x6a;&#x61;n&#97;&#x2e;&#x76;i&#110;&#x6b;&#x6f;v&#105;&#99;&#x40;&#x73;e&#100;&#x61;&#x6b;&#46;&#99;&#x6f;&#x6d;\">&#116;&#x61;t&#x6a;&#x61;&#110;&#x61;&#46;&#x76;&#x69;&#110;&#x6b;o&#x76;&#x69;&#99;&#x40;s&#x65;&#x64;&#97;&#x6b;&#46;&#x63;&#x6f;&#109;<\/a><\/td>\n<td colspan=\"3\" valign=\"top\" width=\"260\" height=\"21\"><\/td>\n<\/tr>\n<\/tbody>\n<\/table>\n<p>Abdruck honorarfrei, Belegexemplar erbeten<\/p>\n","protected":false},"excerpt":{"rendered":"<p>Sedak startet Social Media-Kommunikation Mit den Kan\u00e4len @sedak_de und @sedak_int twittert sedak jetzt f\u00fcr seine deutschen und internationalen Follower, unter facebook.com\/sedak.leading.glass ist der Glasspezialist aus Gersthofen nun auch bei Facebook vertreten. Zwar l\u00e4sst sich auf den oftmals kleinen Bildschirmen von Facebook- und Twitter-Usern die Wirkung von Gl\u00e4sern in Maxi-Gr\u00f6\u00dfe nur erahnen, f\u00fcr aktuelle Projekte und [&hellip;]<\/p>\n","protected":false},"author":6,"featured_media":7692,"comment_status":"closed","ping_status":"open","sticky":false,"template":"","format":"standard","meta":{"footnotes":""},"categories":[3,12],"tags":[],"class_list":["post-3822","post","type-post","status-publish","format-standard","has-post-thumbnail","hentry","category-kundenmeldungen","category-sedak"],"_links":{"self":[{"href":"https:\/\/www.pr-neu.de\/newsroom\/wp-json\/wp\/v2\/posts\/3822","targetHints":{"allow":["GET"]}}],"collection":[{"href":"https:\/\/www.pr-neu.de\/newsroom\/wp-json\/wp\/v2\/posts"}],"about":[{"href":"https:\/\/www.pr-neu.de\/newsroom\/wp-json\/wp\/v2\/types\/post"}],"author":[{"embeddable":true,"href":"https:\/\/www.pr-neu.de\/newsroom\/wp-json\/wp\/v2\/users\/6"}],"replies":[{"embeddable":true,"href":"https:\/\/www.pr-neu.de\/newsroom\/wp-json\/wp\/v2\/comments?post=3822"}],"version-history":[{"count":5,"href":"https:\/\/www.pr-neu.de\/newsroom\/wp-json\/wp\/v2\/posts\/3822\/revisions"}],"predecessor-version":[{"id":12686,"href":"https:\/\/www.pr-neu.de\/newsroom\/wp-json\/wp\/v2\/posts\/3822\/revisions\/12686"}],"wp:featuredmedia":[{"embeddable":true,"href":"https:\/\/www.pr-neu.de\/newsroom\/wp-json\/wp\/v2\/media\/7692"}],"wp:attachment":[{"href":"https:\/\/www.pr-neu.de\/newsroom\/wp-json\/wp\/v2\/media?parent=3822"}],"wp:term":[{"taxonomy":"category","embeddable":true,"href":"https:\/\/www.pr-neu.de\/newsroom\/wp-json\/wp\/v2\/categories?post=3822"},{"taxonomy":"post_tag","embeddable":true,"href":"https:\/\/www.pr-neu.de\/newsroom\/wp-json\/wp\/v2\/tags?post=3822"}],"curies":[{"name":"wp","href":"https:\/\/api.w.org\/{rel}","templated":true}]}}