{"id":3773,"date":"2015-09-28T06:59:54","date_gmt":"2015-09-28T06:59:54","guid":{"rendered":"http:\/\/www.pr-nord.de\/newsroom\/?p=3773"},"modified":"2020-05-28T14:40:47","modified_gmt":"2020-05-28T12:40:47","slug":"teuer-erzeugte-waerme-im-haus-halten","status":"publish","type":"post","link":"https:\/\/www.pr-neu.de\/newsroom\/teuer-erzeugte-waerme-im-haus-halten\/","title":{"rendered":"Teuer erzeugte W\u00e4rme im Haus halten"},"content":{"rendered":"<table border=\"0\" width=\"520\" cellspacing=\"0\" cellpadding=\"0\">\n<tbody>\n<tr>\n<td><u> Kalte Jahreszeit steht vor der T\u00fcr:<\/u><\/p>\n<p><strong>Teuer erzeugte W\u00e4rme im Haus halten<\/strong><\/p>\n<p>Tipps von Energie-Experte Ronny Meyer<\/p>\n<p><strong>Eine gute Geb\u00e4ude-D\u00e4mmung reduziert die Heizkosten, schafft Behaglichkeit im Wohnraum und reduziert die CO2-Emissionen. Deshalb werden viele Hauseigent\u00fcmer aktiv, d\u00e4mmen Fassaden, Keller und Dach und setzen moderne Fenster ein. Da das energiesparende Sanieren ein wichtiger Beitrag f\u00fcr den Umweltschutz ist, f\u00f6rdert die \u00f6ffentliche Hand diese Ma\u00dfnahmen schon seit einiger Zeit. \u201eJetzt k\u00f6nnen auch Wohnungseigent\u00fcmergemeinschaften (WEG) leichter Sanierungen durchf\u00fchren\u201c, sagt Experte Ronny Meyer, \u201edenn es gibt endlich F\u00f6rderangebote, die deren spezifische Besonderheiten ber\u00fccksichtigen\u201c. Der Diplom-Ingenieur setzt sich seit Langem f\u00fcr energieeffizientes Bauen und Sanieren ein. \u201eSo wird dem \u201aLagerfeuer-Effekt\u2019 in vielen Alt-Geb\u00e4uden eine Ende gesetzt. Schluss mit kaltem R\u00fccken und hei\u00dfem Gesicht vor der Heizung!\u201c<\/strong><\/p>\n<p>Bislang profitierten vor allem Eigenheimbesitzer und Mieter von Wohnungsgesellschaften von den guten F\u00f6rderbedingungen f\u00fcr das energetische Sanieren. Wohnungseigent\u00fcmer hatten es wesentlich schwerer, ihre Immobilie in Sachen Energieeinsparung auf den neuesten Stand der Technik zu bringen. Das lag zum einen an der oft aufw\u00e4ndigen Abstimmung innerhalb der Wohnungseigent\u00fcmergemeinschaften, zum anderen an der h\u00f6heren H\u00fcrde f\u00fcr WEGen f\u00fcr Kredite. Dort hat sich nun einiges verbessert. Ronny Meyer: \u201eIn Baden W\u00fcrttemberg gibt das Land beispielsweise B\u00fcrgschaften und verbilligt die KfW-Kredite, wenn WEGen sich f\u00fcr eine energetische Sanierung entscheiden\u201c. Dem baden-w\u00fcrttembergischen Modell sind inzwischen weitere Bundesl\u00e4nder gefolgt. \u201eAu\u00dferdem gibt es heute Energieberatungs-Angebote, die auf die Belange von WEGen zugeschnitten sind und deren Leistung ebenfalls bezuschusst wird\u201c, erg\u00e4nzt der Sanierungsexperte.<\/p>\n<p>An der Sinnhaftigkeit energetischer Sanierungen gibt es ohnehin keine Zweifel: Heizkosten sinken, die Behaglichkeit zuhause steigt und die Umwelt profitiert von weniger CO2-Emission. Auch der Wert der Immobilie erh\u00f6ht sich durch eine Sanierung und wer seine Wohnung nicht selbst nutzt, kann sie besser vermieten. Was es allerdings nicht gibt: Einen generellen Plan, der zu jedem Geb\u00e4ude passt. \u201eDenn jede Immobilie hat ihre eigene Geschichte und braucht ihren einen eigenen Sanierungsfahrplan. Deshalb ist es wichtig, mit seri\u00f6sen Energieberatern zusammen zu arbeiten\u201c, r\u00e4t Meyer.<\/p>\n<p>Wer sich vorab informieren will, findet \u00fcbrigens eine Reihe guter Informationsseiten im Internet. Das Portal \u201eenbausa.de\u201c informiert zum Beispiel umfassend \u00fcber das Baugeschehen und hat mit dem Blog wdvs.enbausa.de speziell f\u00fcr die Fassadend\u00e4mmung aufbereitete Inhalte. Ronny Meyer bietet mit der Seite \u201efaktencheck-daemmung.com\u201c ebenfalls neutrale Informationen rund ums Sanieren.<\/p>\n<p>\u201eDas schlechteste, was Eigent\u00fcmer alter Geb\u00e4ude tun k\u00f6nnen, ist nichts zu tun. Teuer erzeugte W\u00e4rme geht schnell an die Umwelt verloren, es ist zugig und kalt. Mit den neuen Angeboten sollten Wohnungseigent\u00fcmer jetzt die Initiative ergreifen und ihre Immobilie energetisch anpacken\u201c, sagt Meyer.<\/p>\n<hr noshade=\"noshade\" size=\"1\" \/>\n<p>&nbsp;<\/p>\n<p><strong> F\u00f6rderangebote f\u00fcr WEGen<\/strong><\/p>\n<p>Seit 2014 entwickeln einige Bundesl\u00e4nder spezielle F\u00f6rderangebote f\u00fcr WEGen. In Baden-W\u00fcrttemberg \u00fcbernimmt die landeseigene L-Bank zum Beispiel B\u00fcrgschaften f\u00fcr Eigent\u00fcmer und verbilligt den Zins der KfW-Darlehen bis auf null Prozent. Zum Teil kommen kommunale F\u00f6rderangebote hinzu. Wie die Situation vor Ort ist, wissen die regionalen Energieberater. Seri\u00f6se Profis finden Sie u.a. \u00fcber das Portal stofoerderplanplus.de.<\/p>\n<p>&nbsp;<\/p>\n<hr noshade=\"noshade\" size=\"1\" \/>\n<p>&nbsp;<\/p>\n<table border=\"0\" width=\"520\" cellspacing=\"0\" cellpadding=\"0\">\n<tbody>\n<tr>\n<td valign=\"top\" width=\"370\" height=\"25\"><a href=\"http:\/\/www.pr-neu.de\/newsroom\/wordpress\/wp-content\/uploads\/2015\/09\/15-39-Lagerfeuer_G.jpg\"><img loading=\"lazy\" decoding=\"async\" class=\"size-medium wp-image-12693\" src=\"http:\/\/www.pr-neu.de\/newsroom\/wordpress\/wp-content\/uploads\/2015\/09\/15-39-Lagerfeuer_G-300x106.jpg\" alt=\"\" width=\"300\" height=\"106\" srcset=\"https:\/\/www.pr-neu.de\/newsroom\/wordpress\/wp-content\/uploads\/2015\/09\/15-39-Lagerfeuer_G-300x106.jpg 300w, https:\/\/www.pr-neu.de\/newsroom\/wordpress\/wp-content\/uploads\/2015\/09\/15-39-Lagerfeuer_G-1024x362.jpg 1024w, https:\/\/www.pr-neu.de\/newsroom\/wordpress\/wp-content\/uploads\/2015\/09\/15-39-Lagerfeuer_G-768x271.jpg 768w, https:\/\/www.pr-neu.de\/newsroom\/wordpress\/wp-content\/uploads\/2015\/09\/15-39-Lagerfeuer_G-1536x543.jpg 1536w, https:\/\/www.pr-neu.de\/newsroom\/wordpress\/wp-content\/uploads\/2015\/09\/15-39-Lagerfeuer_G-110x39.jpg 110w, https:\/\/www.pr-neu.de\/newsroom\/wordpress\/wp-content\/uploads\/2015\/09\/15-39-Lagerfeuer_G-420x148.jpg 420w, https:\/\/www.pr-neu.de\/newsroom\/wordpress\/wp-content\/uploads\/2015\/09\/15-39-Lagerfeuer_G-770x272.jpg 770w, https:\/\/www.pr-neu.de\/newsroom\/wordpress\/wp-content\/uploads\/2015\/09\/15-39-Lagerfeuer_G.jpg 1795w\" sizes=\"auto, (max-width: 300px) 100vw, 300px\" \/><\/a><\/p>\n<p>&nbsp;<\/td>\n<td width=\"10\"><\/td>\n<td colspan=\"3\" height=\"21\">\u201eLagerfeuer-Effekt\u201c: kalter R\u00fccken, hei\u00dfe Knie. Besser ist es, die W\u00e4rme in einem Haus zu halten. Nur: In alten Geb\u00e4uden ist es oft noch fast wie am Lagerfeuer, weil W\u00e4rme nahezu ungehindert nach au\u00dfen str\u00f6mt. Wird hier der W\u00e4rmeschutz (von Keller, Fassaden und Dach) verbessert, verschwindet der \u201eLagerfeuer-Effekt\u201c.<\/p>\n<p>Bild: Sto SE &amp; Co. KGaA \/ Mohrenberg<\/p>\n<p>&nbsp;<\/td>\n<\/tr>\n<tr>\n<td valign=\"top\" width=\"370\" height=\"25\"><a href=\"http:\/\/www.pr-neu.de\/newsroom\/wordpress\/wp-content\/uploads\/2015\/09\/15-39-Wohnhaus_G.jpg\"><img loading=\"lazy\" decoding=\"async\" class=\"size-medium wp-image-12694\" src=\"http:\/\/www.pr-neu.de\/newsroom\/wordpress\/wp-content\/uploads\/2015\/09\/15-39-Wohnhaus_G-300x225.jpg\" alt=\"\" width=\"300\" height=\"225\" srcset=\"https:\/\/www.pr-neu.de\/newsroom\/wordpress\/wp-content\/uploads\/2015\/09\/15-39-Wohnhaus_G-300x225.jpg 300w, https:\/\/www.pr-neu.de\/newsroom\/wordpress\/wp-content\/uploads\/2015\/09\/15-39-Wohnhaus_G-1024x768.jpg 1024w, https:\/\/www.pr-neu.de\/newsroom\/wordpress\/wp-content\/uploads\/2015\/09\/15-39-Wohnhaus_G-768x576.jpg 768w, https:\/\/www.pr-neu.de\/newsroom\/wordpress\/wp-content\/uploads\/2015\/09\/15-39-Wohnhaus_G-1536x1152.jpg 1536w, https:\/\/www.pr-neu.de\/newsroom\/wordpress\/wp-content\/uploads\/2015\/09\/15-39-Wohnhaus_G-110x83.jpg 110w, https:\/\/www.pr-neu.de\/newsroom\/wordpress\/wp-content\/uploads\/2015\/09\/15-39-Wohnhaus_G-420x315.jpg 420w, https:\/\/www.pr-neu.de\/newsroom\/wordpress\/wp-content\/uploads\/2015\/09\/15-39-Wohnhaus_G-573x430.jpg 573w, https:\/\/www.pr-neu.de\/newsroom\/wordpress\/wp-content\/uploads\/2015\/09\/15-39-Wohnhaus_G.jpg 1772w\" sizes=\"auto, (max-width: 300px) 100vw, 300px\" \/><\/a><\/p>\n<p>&nbsp;<\/td>\n<td><\/td>\n<td colspan=\"3\" height=\"21\">Die Rahmenbedingungen zum Sanieren sind mittlerweile auch f\u00fcr Wohnungseigent\u00fcmergemeinschaften sehr gut. Bund, L\u00e4nder und Kommunen bezuschussen Beratung und Energiesparendes Sanieren.<\/p>\n<p>Bild: Sto SE &amp; Co. KGaA<\/p>\n<p>&nbsp;<\/p>\n<p>&nbsp;<\/td>\n<\/tr>\n<\/tbody>\n<\/table>\n<hr noshade=\"noshade\" size=\"1\" \/>\n<p>Abdruck honorarfrei, Belegexemplar erbeten<\/td>\n<\/tr>\n<\/tbody>\n<\/table>\n","protected":false},"excerpt":{"rendered":"<p>Kalte Jahreszeit steht vor der T\u00fcr: Teuer erzeugte W\u00e4rme im Haus halten Tipps von Energie-Experte Ronny Meyer Eine gute Geb\u00e4ude-D\u00e4mmung reduziert die Heizkosten, schafft Behaglichkeit im Wohnraum und reduziert die CO2-Emissionen. Deshalb werden viele Hauseigent\u00fcmer aktiv, d\u00e4mmen Fassaden, Keller und Dach und setzen moderne Fenster ein. Da das energiesparende Sanieren ein wichtiger Beitrag f\u00fcr den [&hellip;]<\/p>\n","protected":false},"author":6,"featured_media":0,"comment_status":"closed","ping_status":"open","sticky":false,"template":"","format":"standard","meta":{"footnotes":""},"categories":[3,15],"tags":[],"class_list":["post-3773","post","type-post","status-publish","format-standard","hentry","category-kundenmeldungen","category-sto"],"_links":{"self":[{"href":"https:\/\/www.pr-neu.de\/newsroom\/wp-json\/wp\/v2\/posts\/3773","targetHints":{"allow":["GET"]}}],"collection":[{"href":"https:\/\/www.pr-neu.de\/newsroom\/wp-json\/wp\/v2\/posts"}],"about":[{"href":"https:\/\/www.pr-neu.de\/newsroom\/wp-json\/wp\/v2\/types\/post"}],"author":[{"embeddable":true,"href":"https:\/\/www.pr-neu.de\/newsroom\/wp-json\/wp\/v2\/users\/6"}],"replies":[{"embeddable":true,"href":"https:\/\/www.pr-neu.de\/newsroom\/wp-json\/wp\/v2\/comments?post=3773"}],"version-history":[{"count":6,"href":"https:\/\/www.pr-neu.de\/newsroom\/wp-json\/wp\/v2\/posts\/3773\/revisions"}],"predecessor-version":[{"id":12697,"href":"https:\/\/www.pr-neu.de\/newsroom\/wp-json\/wp\/v2\/posts\/3773\/revisions\/12697"}],"wp:attachment":[{"href":"https:\/\/www.pr-neu.de\/newsroom\/wp-json\/wp\/v2\/media?parent=3773"}],"wp:term":[{"taxonomy":"category","embeddable":true,"href":"https:\/\/www.pr-neu.de\/newsroom\/wp-json\/wp\/v2\/categories?post=3773"},{"taxonomy":"post_tag","embeddable":true,"href":"https:\/\/www.pr-neu.de\/newsroom\/wp-json\/wp\/v2\/tags?post=3773"}],"curies":[{"name":"wp","href":"https:\/\/api.w.org\/{rel}","templated":true}]}}