{"id":37,"date":"2010-04-30T15:53:11","date_gmt":"2010-04-30T13:53:11","guid":{"rendered":"http:\/\/www.pr-nord.de\/sm-newsroom\/wordpress\/?p=37"},"modified":"2020-05-28T16:06:23","modified_gmt":"2020-05-28T14:06:23","slug":"neues-tor-mit-optimaler-warmedammung-und-kalteschutz","status":"publish","type":"post","link":"https:\/\/www.pr-neu.de\/newsroom\/neues-tor-mit-optimaler-warmedammung-und-kalteschutz\/","title":{"rendered":"Neues Tor mit optimaler W\u00e4rmed\u00e4mmung \u2013 und K\u00e4lteschutz"},"content":{"rendered":"<p>Das neue Teckentrup Sectionaltor SW 80 verbessert den K\u00e4lte- und W\u00e4rmeschutz f\u00fcr Lager, Hallen und K\u00fchlh\u00e4user. 80 Millimeter dicke Sectionen sorgen f\u00fcr eine mehr als 50 Prozent h\u00f6here W\u00e4rmed\u00e4mmung. Das Spezialtor tr\u00e4gt so erheblich dazu bei, die Energiekosten zu senken<\/p>\n","protected":false},"excerpt":{"rendered":"<p>Das neue Teckentrup Sectionaltor SW 80 verbessert den K\u00e4lte- und W\u00e4rmeschutz f\u00fcr Lager, Hallen und K\u00fchlh\u00e4user. 80 Millimeter dicke Sectionen sorgen f\u00fcr eine mehr als 50 Prozent h\u00f6here W\u00e4rmed\u00e4mmung. Das Spezialtor tr\u00e4gt so erheblich dazu bei, die Energiekosten zu senken<\/p>\n","protected":false},"author":6,"featured_media":0,"comment_status":"closed","ping_status":"open","sticky":false,"template":"","format":"standard","meta":{"footnotes":""},"categories":[3,18],"tags":[124,578],"class_list":["post-37","post","type-post","status-publish","format-standard","hentry","category-kundenmeldungen","category-teckentrup","tag-dammung","tag-tor-tuer"],"_links":{"self":[{"href":"https:\/\/www.pr-neu.de\/newsroom\/wp-json\/wp\/v2\/posts\/37","targetHints":{"allow":["GET"]}}],"collection":[{"href":"https:\/\/www.pr-neu.de\/newsroom\/wp-json\/wp\/v2\/posts"}],"about":[{"href":"https:\/\/www.pr-neu.de\/newsroom\/wp-json\/wp\/v2\/types\/post"}],"author":[{"embeddable":true,"href":"https:\/\/www.pr-neu.de\/newsroom\/wp-json\/wp\/v2\/users\/6"}],"replies":[{"embeddable":true,"href":"https:\/\/www.pr-neu.de\/newsroom\/wp-json\/wp\/v2\/comments?post=37"}],"version-history":[{"count":3,"href":"https:\/\/www.pr-neu.de\/newsroom\/wp-json\/wp\/v2\/posts\/37\/revisions"}],"predecessor-version":[{"id":12968,"href":"https:\/\/www.pr-neu.de\/newsroom\/wp-json\/wp\/v2\/posts\/37\/revisions\/12968"}],"wp:attachment":[{"href":"https:\/\/www.pr-neu.de\/newsroom\/wp-json\/wp\/v2\/media?parent=37"}],"wp:term":[{"taxonomy":"category","embeddable":true,"href":"https:\/\/www.pr-neu.de\/newsroom\/wp-json\/wp\/v2\/categories?post=37"},{"taxonomy":"post_tag","embeddable":true,"href":"https:\/\/www.pr-neu.de\/newsroom\/wp-json\/wp\/v2\/tags?post=37"}],"curies":[{"name":"wp","href":"https:\/\/api.w.org\/{rel}","templated":true}]}}