{"id":3614,"date":"2015-07-13T08:36:33","date_gmt":"2015-07-13T08:36:33","guid":{"rendered":"http:\/\/www.pr-nord.de\/newsroom\/?p=3614"},"modified":"2020-05-19T09:03:36","modified_gmt":"2020-05-19T07:03:36","slug":"leading-glass_kurz","status":"publish","type":"post","link":"https:\/\/www.pr-neu.de\/newsroom\/leading-glass_kurz\/","title":{"rendered":"Leading glass"},"content":{"rendered":"<p><u>sedak GmbH &amp; Co. KG<\/u><\/p>\n<p>Der Glasveredler sedak (Gersthofen), gegr\u00fcndet 2007, ist mit rund 150 Mitarbeitern der weltweit f\u00fchrende Hersteller f\u00fcr Isolier- und Sicherheitsgl\u00e4ser in \u00dcbergr\u00f6\u00dfe. Die Scheiben reichen bis 3,2 x 16 Meter \u2013 bearbeitet, vorgespannt, laminiert, bedruckt, beschichtet und laminationsgebogen. Kernkompetenzen sind Glaslamination, Kantenbearbeitung und das Knowhow bei der Produktion von Glasbauteilen mit zus\u00e4tzlichen funktionalen und dekorativen Elementen. Die Fertigung ist auf die extremen Glasgr\u00f6\u00dfen optimiert, s\u00e4mtliche Veredelungsschritte erfolgen inhouse \u2013 z. B. mit der neuen, voll automatisierten Isolierglaslinie. Als weltweit einziger Full-Supplier f\u00fcr Gl\u00e4ser dieser Gr\u00f6\u00dfe versteht sich sedak als Partner f\u00fcr Architekten, Planer und Fassadenbauer. Herausragende Referenzen sind u. a. der Apple-Cube New York, das Lincoln Center Canopies, New York, das St\u00e4del-Museum, Frankfurt und die Tottenham Court Road Station, London.<\/p>\n<hr noshade=\"noshade\" size=\"1\" \/>\n<p><strong>Anwendungsgebiete<\/strong><\/p>\n<p>\u2022 Glasfassaden<br \/>\n\u2022 Glasd\u00e4cher<br \/>\n\u2022 Glastreppen<br \/>\n\u2022 Glasbr\u00fcstungen<br \/>\n\u2022 Schiffsbau<br \/>\n\u2022 Sicherheitsverglasungen<br \/>\n\u2022 Ganzglaskonstruktionen<br \/>\n\u2022 Innenarchitektur<br \/>\n\u2022 Sonderanfertigungen<\/p>\n<hr noshade=\"noshade\" size=\"1\" \/>\n<p><strong>R\u00fcckfragen beantwortet gern<\/strong><\/p>\n<table>\n<tbody>\n<tr>\n<td valign=\"top\" width=\"260\" height=\"25\"><strong>sedak GmbH &amp; Co. KG<br \/>\n<\/strong>Tatjana Vinkovic<br \/>\nTel.: +49(0)821\/2494-823<br \/>\nFax: +49(0)821\/2494-777<br \/>\nE-Mail: <a href=\"&#x6d;&#97;i&#x6c;&#116;o&#x3a;&#116;a&#x74;&#106;a&#x6e;&#97;&#46;&#x76;&#x69;n&#x6b;&#x6f;&#118;&#x69;&#x63;&#64;&#x73;&#x65;&#100;a&#x6b;&#46;c&#x6f;&#109;\">t&#97;&#116;&#x6a;&#x61;&#x6e;&#x61;&#46;&#118;&#105;&#110;&#x6b;&#x6f;&#x76;ic&#64;&#115;&#x65;&#x64;&#x61;k&#46;&#99;&#111;&#x6d;<\/a><\/td>\n<td colspan=\"3\" valign=\"top\" width=\"260\" height=\"21\"><\/td>\n<\/tr>\n<\/tbody>\n<\/table>\n<p>Abdruck honorarfrei, Belegexemplar erbeten<\/p>\n","protected":false},"excerpt":{"rendered":"<p>Der Glasveredler sedak (Gersthofen), gegr\u00fcndet 2007, ist mit rund 150 Mitarbeitern der weltweit f\u00fchrende Hersteller f\u00fcr Isolier- und Sicherheitsgl\u00e4ser in \u00dcbergr\u00f6\u00dfe. Die Scheiben reichen bis 3,2 x 16 Meter \u2013 bearbeitet, vorgespannt, laminiert, bedruckt, beschichtet und laminationsgebogen.<\/p>\n<table border=\"0\" width=\"95%\">\n<tbody>\n<tr>\n<td><!-- AddThis Button BEGIN --><\/p>\n<div class=\"addthis_toolbox addthis_default_style\">\n<div><a class=\"addthis_button_compact\" href=\"http:\/\/www.addthis.com\/bookmark.php?v=250&amp;username=xa-4bcef6844aa77bdd\">Share<\/a><span class=\"addthis_separator\">|<\/span><a class=\"addthis_button_facebook\"><\/a><a class=\"addthis_button_myspace\"><\/a><a class=\"addthis_button_google\"><\/a><a class=\"addthis_button_twitter\"><\/a><\/div>\n<\/div>\n<p><script src=\"http:\/\/s7.addthis.com\/js\/250\/addthis_widget.js#username=xa-4bcef6844aa77bdd\" type=\"text\/javascript\"><\/script><!-- AddThis Button END --><\/td>\n<\/tr>\n<\/tbody>\n<\/table>\n","protected":false},"author":6,"featured_media":0,"comment_status":"closed","ping_status":"open","sticky":false,"template":"","format":"standard","meta":{"footnotes":""},"categories":[3,12],"tags":[],"class_list":["post-3614","post","type-post","status-publish","format-standard","hentry","category-kundenmeldungen","category-sedak"],"_links":{"self":[{"href":"https:\/\/www.pr-neu.de\/newsroom\/wp-json\/wp\/v2\/posts\/3614","targetHints":{"allow":["GET"]}}],"collection":[{"href":"https:\/\/www.pr-neu.de\/newsroom\/wp-json\/wp\/v2\/posts"}],"about":[{"href":"https:\/\/www.pr-neu.de\/newsroom\/wp-json\/wp\/v2\/types\/post"}],"author":[{"embeddable":true,"href":"https:\/\/www.pr-neu.de\/newsroom\/wp-json\/wp\/v2\/users\/6"}],"replies":[{"embeddable":true,"href":"https:\/\/www.pr-neu.de\/newsroom\/wp-json\/wp\/v2\/comments?post=3614"}],"version-history":[{"count":3,"href":"https:\/\/www.pr-neu.de\/newsroom\/wp-json\/wp\/v2\/posts\/3614\/revisions"}],"predecessor-version":[{"id":11638,"href":"https:\/\/www.pr-neu.de\/newsroom\/wp-json\/wp\/v2\/posts\/3614\/revisions\/11638"}],"wp:attachment":[{"href":"https:\/\/www.pr-neu.de\/newsroom\/wp-json\/wp\/v2\/media?parent=3614"}],"wp:term":[{"taxonomy":"category","embeddable":true,"href":"https:\/\/www.pr-neu.de\/newsroom\/wp-json\/wp\/v2\/categories?post=3614"},{"taxonomy":"post_tag","embeddable":true,"href":"https:\/\/www.pr-neu.de\/newsroom\/wp-json\/wp\/v2\/tags?post=3614"}],"curies":[{"name":"wp","href":"https:\/\/api.w.org\/{rel}","templated":true}]}}