{"id":3599,"date":"2015-07-06T12:12:33","date_gmt":"2015-07-06T12:12:33","guid":{"rendered":"http:\/\/www.pr-nord.de\/newsroom\/?p=3599"},"modified":"2020-05-28T14:49:48","modified_gmt":"2020-05-28T12:49:48","slug":"grosses-glas-fuer-neuen-hygienestandard-in-kliniken","status":"publish","type":"post","link":"https:\/\/www.pr-neu.de\/newsroom\/grosses-glas-fuer-neuen-hygienestandard-in-kliniken\/","title":{"rendered":"Gro\u00dfes Glas f\u00fcr neuen Hygienestandard in Kliniken"},"content":{"rendered":"<p><span style=\"text-decoration: underline;\">Wie sedak die Schweizer Alpen nach Mittelfranken brachte<\/span><\/p>\n<p>Eine saubere Sache: 27-Quadratmeter-Glasscheibe mit fotorealistischem keramischen Digitaldruck<\/p>\n<p><strong>Der Glasveredler sedak kann nicht nur Gl\u00e4ser in \u00dcbergr\u00f6\u00dfe, er kann sogar Berge versetzen. F\u00fcr die HT-Group, einen Anbieter von Raumkonzepten in der medizinischen Versorgungstechnik, fertigte das Unternehmen eine digital bedruckte, neun mal drei Meter gro\u00dfe Glasscheibe. Das 10 Millimeter starke, teilvorgespannte Wei\u00dfglas ist fotorealistisch mit einem Bergpanorama der Schweizer Alpen bedruckt. sedak vereint damit zwei au\u00dfergew\u00f6hnliche Kompetenzen: Zum Einen die Herstellung von Gl\u00e4sern in Gro\u00dfformaten und zum Anderen die Bedruckung derselben mit dem weltgr\u00f6\u00dften Digitaldrucker f\u00fcr keramische Farben.<\/strong><\/p>\n<p>Um den Hygienestandard in Laboren und Kliniken auf ein neues Level zu bringen, setzen Planer seit einiger Zeit auf Glas als Wandverkleidung. Es er\u00f6ffnet neue M\u00f6glichkeiten, wo herk\u00f6mmlichen Materialien Grenzen gesetzt sind: Durch die nahezu porenfreie Oberfl\u00e4che l\u00e4sst sich der robuste und langlebige Werkstoff problemlos und schnell aseptisch reinigen. Glas ist also f\u00fcr R\u00e4ume mit hohen Hygieneanspr\u00fcchen wie Operationss\u00e4le, Intensivstationen oder Reinr\u00e4ume besonders gut geeignet.<\/p>\n<p>Noch einen Schritt weiter geht der Einsatz von Glas in Maximalformaten. So setzt die HT Group auf eine Scheibe, die mit einer Gesamtfl\u00e4che von 27 Quadratmetern eine ganze Wand bekleidet. Hierdurch ist die komplette Fl\u00e4che fugenfrei. Bakterien und andere Keime finden dort keinen N\u00e4hrboden.<\/p>\n<p><strong>\u00c4sthetik k\u00fcsst Funktion<\/strong><\/p>\n<p>Die HT Group setzt mit der gl\u00e4sernen Wand auch einen neuen Designstandard: Hier kommt eine der ersten im Geb\u00e4udeinneren verbaute und mit fotorealistischem Druck versehene Glasscheibe in den Maximalma\u00dfen neun mal drei Meter zum Einsatz.<\/p>\n<p>Produziert hat das Glas sedak (Gersthofen), weltweit f\u00fchrender Hersteller f\u00fcr Isolier- und Sicherheitsgl\u00e4ser in \u00dcbergr\u00f6\u00dfe. Das zehn Millimeter starke Sicherheitsglas \u201esedak secudecor\u201c wurde mit einem Bergpanorama der Schweizer Alpen bedruckt. Der Digitaldruck erfolgte mit keramischen Natursteinfarben direkt auf die Glasoberfl\u00e4che. Nach dem Druck wurde das Glas vorgespannt, die Farbe geschmolzen und eingebrannt (emailliert). Das Ergebnis \u00fcberzeugt nicht nur optisch, sondern auch technisch, denn die bedruckte Oberfl\u00e4che ist weitestgehend kratzfest und sogar bedingt s\u00e4ureresistent. \u201eDie Brillanz des Drucks ist einzigartig. Man erkennt selbst aus gro\u00dfer Entfernung noch kleinste Details wie Blumen oder Gesichter\u201c, zeigt sich Thomas Fritsch, CEO der HT-Group, begeistert. Die UV- und Haftbest\u00e4ndigkeit des Druckes erreichen die hohen Werte keramischer Schmelzfarben. Dies erm\u00f6glicht den Einsatz der Verglasung auch in lichtdurchfluteten Bereichen wie der Lobby, Aufenthaltsr\u00e4umen, Korridoren oder Stationsfluren.<\/p>\n<p><strong>Positives Raumempfinden f\u00fcr schnellere Genesung<\/strong><\/p>\n<p>V\u00f6llig unabh\u00e4ngig von Hygiene und einfacher Reinigungsm\u00f6glichkeit kommt noch ein medizinischer Aspekt ins Spiel: Gew\u00f6hnlich h\u00e4ngen an den W\u00e4nden von Intensivstationen keine Bilder \u2013 aus hygienischen Gr\u00fcnden. Bedruckte Glasscheiben geben der Fantasie nun freien Raum. Mit stimmungsvollen Motiven (wie dem Bergpanorama) l\u00e4sst sich das Raumempfinden der Patienten und so deren Stimmung verbessern \u2013 was wiederum positiv auf die Genesung wirkt. Fritsch: \u201eWir freuen uns, unseren Kunden dank sedak eine solche L\u00f6sung anbieten zu k\u00f6nnen. Vor allem, weil die Qualit\u00e4t des Druckes jegliche Motivwahl erm\u00f6glicht.\u201c<\/p>\n<hr noshade=\"noshade\" size=\"1\" \/>\n<table style=\"height: 610px;\" border=\"0\" width=\"707\" cellspacing=\"0\" cellpadding=\"0\">\n<tbody>\n<tr>\n<td valign=\"top\" width=\"370\"><a href=\"http:\/\/www.pr-neu.de\/newsroom\/wordpress\/wp-content\/uploads\/2015\/07\/15-02_Bergpanorama_G.jpg\"><img loading=\"lazy\" decoding=\"async\" class=\"size-medium wp-image-12723\" src=\"http:\/\/www.pr-neu.de\/newsroom\/wordpress\/wp-content\/uploads\/2015\/07\/15-02_Bergpanorama_G-300x217.jpg\" alt=\"\" width=\"300\" height=\"217\" srcset=\"https:\/\/www.pr-neu.de\/newsroom\/wordpress\/wp-content\/uploads\/2015\/07\/15-02_Bergpanorama_G-300x217.jpg 300w, https:\/\/www.pr-neu.de\/newsroom\/wordpress\/wp-content\/uploads\/2015\/07\/15-02_Bergpanorama_G-1024x740.jpg 1024w, https:\/\/www.pr-neu.de\/newsroom\/wordpress\/wp-content\/uploads\/2015\/07\/15-02_Bergpanorama_G-768x555.jpg 768w, https:\/\/www.pr-neu.de\/newsroom\/wordpress\/wp-content\/uploads\/2015\/07\/15-02_Bergpanorama_G-1536x1110.jpg 1536w, https:\/\/www.pr-neu.de\/newsroom\/wordpress\/wp-content\/uploads\/2015\/07\/15-02_Bergpanorama_G-110x79.jpg 110w, https:\/\/www.pr-neu.de\/newsroom\/wordpress\/wp-content\/uploads\/2015\/07\/15-02_Bergpanorama_G-420x303.jpg 420w, https:\/\/www.pr-neu.de\/newsroom\/wordpress\/wp-content\/uploads\/2015\/07\/15-02_Bergpanorama_G-595x430.jpg 595w, https:\/\/www.pr-neu.de\/newsroom\/wordpress\/wp-content\/uploads\/2015\/07\/15-02_Bergpanorama_G.jpg 1920w\" sizes=\"auto, (max-width: 300px) 100vw, 300px\" \/><\/a><\/td>\n<td valign=\"top\">Die 27 Quadratmeter gro\u00dfe gl\u00e4serne Wandverkleidung von sedak sorgt f\u00fcr \u00c4sthetik und hebt den Hygienestandard in Kliniken und Laboren auf ein neues Niveau. Das Fotomotiv der Oberli Engineering GmbH wurde von sedak im keramischen Digitaldruckverfahren vollfl\u00e4chig auf das Glas aufgebracht.<\/p>\n<p>Foto: sedak GmbH &amp; Co. KG<\/td>\n<\/tr>\n<tr>\n<td valign=\"top\" width=\"370\"><a href=\"http:\/\/www.pr-neu.de\/newsroom\/wordpress\/wp-content\/uploads\/2015\/07\/15-02_Transport_G-2.jpg\"><img loading=\"lazy\" decoding=\"async\" class=\"size-medium wp-image-12724\" src=\"http:\/\/www.pr-neu.de\/newsroom\/wordpress\/wp-content\/uploads\/2015\/07\/15-02_Transport_G-2-300x223.jpg\" alt=\"\" width=\"300\" height=\"223\" srcset=\"https:\/\/www.pr-neu.de\/newsroom\/wordpress\/wp-content\/uploads\/2015\/07\/15-02_Transport_G-2-300x223.jpg 300w, https:\/\/www.pr-neu.de\/newsroom\/wordpress\/wp-content\/uploads\/2015\/07\/15-02_Transport_G-2-1024x759.jpg 1024w, https:\/\/www.pr-neu.de\/newsroom\/wordpress\/wp-content\/uploads\/2015\/07\/15-02_Transport_G-2-768x570.jpg 768w, https:\/\/www.pr-neu.de\/newsroom\/wordpress\/wp-content\/uploads\/2015\/07\/15-02_Transport_G-2-1536x1139.jpg 1536w, https:\/\/www.pr-neu.de\/newsroom\/wordpress\/wp-content\/uploads\/2015\/07\/15-02_Transport_G-2-110x82.jpg 110w, https:\/\/www.pr-neu.de\/newsroom\/wordpress\/wp-content\/uploads\/2015\/07\/15-02_Transport_G-2-420x312.jpg 420w, https:\/\/www.pr-neu.de\/newsroom\/wordpress\/wp-content\/uploads\/2015\/07\/15-02_Transport_G-2-580x430.jpg 580w, https:\/\/www.pr-neu.de\/newsroom\/wordpress\/wp-content\/uploads\/2015\/07\/15-02_Transport_G-2.jpg 1920w\" sizes=\"auto, (max-width: 300px) 100vw, 300px\" \/><\/a><\/td>\n<td valign=\"top\">sedak fertigt nicht nur Scheiben in Maximalformaten \u2013 der Full-Service schlie\u00dft auch die Logistik und somit den sicheren Transport zum Einsatzort ein.<\/p>\n<p>Foto: sedak GmbH &amp; Co. KG<\/td>\n<\/tr>\n<\/tbody>\n<\/table>\n<hr noshade=\"noshade\" size=\"1\" \/>\n<p><strong> HT Group GmbH <\/strong><\/p>\n<p>Weltweit entwickelt, produziert und vertreibt die HT Labor + Hospitaltechnik AG innovative modulare Raumsysteme und deren Einzelkomponenten f\u00fcr den Hospital- und Laborbau. Seit der Gr\u00fcndung des Unternehmens im Jahr 1963 ist der Mittelst\u00e4ndler mit \u00fcber 200 Mitarbeitern zu einer Weltmarke gewachsen und global f\u00fcr eine gro\u00dfe Zahl von Unternehmen, Institutionen und Beh\u00f6rden t\u00e4tig. Mit der Gr\u00fcndung der HT Group baut HT seine Marktf\u00fchrerschaft weiter aus.<\/p>\n<p>Die HT Group betreute den Einsatz der bedruckten Gro\u00dfformatscheibe und demonstriert damit die Zukunft der Hygiene in Reinr\u00e4umen.<\/p>\n<hr noshade=\"noshade\" size=\"1\" \/>\n<p><strong> Digitaler Gro\u00dfformatdruck auf Glas<\/strong><\/p>\n<p>Seit einiger Zeit hat sedak seine Kompetenz bei Gl\u00e4sern in \u00dcbergr\u00f6\u00dfe um die M\u00f6glichkeit des gro\u00dfformatigen Drucks erweitert. Scheiben bis zu einer Gr\u00f6\u00dfe von 3,2 x 15 Meter k\u00f6nnen mittlerweile neben dem vollfl\u00e4chigen Druck im Rollercoater-Verfahren auch digital im Flachbettdrucker mit komplexen mehrfarbigen Rasterdesigns und in hochaufl\u00f6sender Fotoqualit\u00e4t bedruckt werden: \u201eMit einer Aufl\u00f6sung von 720 dpi drucken wir in exzellenter Qualit\u00e4t. Durch das digitale Druckverfahren ist der Farbauftrag zudem deutlich d\u00fcnner als beim Sieb- oder Walzendruck\u201c, erl\u00e4utert Bernhard Veh, Gesch\u00e4ftsf\u00fchrer der sedak, \u201edies erm\u00f6glicht transluzenten Druck und die Gestaltung flie\u00dfender \u00dcberg\u00e4nge.\u201c Der Druckvorgang verh\u00e4lt sich wie beim Inkjet-Druck auf Papier. Die Druckfarben bestehen allerdings aus feinsten Keramikpartikeln, die ein Plotter auf die Scheibe spritzt. Durch den Brennvorgang im Ofen verbinden sich die Farben dauerhaft mit der Glasscheibe und die Farbschicht bleibt UV- und kratzbest\u00e4ndig. Die Scheiben k\u00f6nnen dann laminiert, zu Isolierglas weiter verarbeitet oder laminationsgebogen werden. Als Motive eignen sich Fotos ebenso wie die Imitation von Materialstrukturen oder der Rapport einer Ornamentik. Der keramische Digitaldruck bietet somit einen kosteng\u00fcnstigen Weg zur individuellen Fassaden- und Wandgestaltung.<\/p>\n<hr noshade=\"noshade\" size=\"1\" \/>\n<p><strong>R\u00fcckfragen beantwortet gern<\/strong><\/p>\n<table>\n<tbody>\n<tr>\n<td valign=\"top\" width=\"260\" height=\"25\"><strong>sedak GmbH &amp; Co. KG<br \/>\n<\/strong>Tatjana Vinkovic<br \/>\nTel.: +49(0)821\/2494-823<br \/>\nFax: +49(0)821\/2494-777<br \/>\nE-Mail: <a href=\"&#109;&#x61;&#105;&#x6c;&#116;&#x6f;&#58;&#x74;&#97;&#x74;&#106;&#x61;&#110;&#x61;&#46;&#x76;&#105;&#x6e;&#107;&#x6f;&#118;&#x69;&#99;&#x40;&#115;&#x65;&#100;&#x61;&#107;&#x2e;&#99;&#x6f;&#109;\">&#x74;&#97;t&#x6a;&#x61;&#110;a&#x2e;&#118;i&#x6e;&#x6b;&#111;v&#x69;&#99;&#64;&#x73;&#x65;&#100;a&#x6b;&#x2e;&#99;&#x6f;&#x6d;<\/a><\/td>\n<td colspan=\"3\" valign=\"top\" width=\"260\" height=\"21\"><\/td>\n<\/tr>\n<\/tbody>\n<\/table>\n<p>Abdruck honorarfrei, Belegexemplar erbeten<\/p>\n<hr noshade=\"noshade\" size=\"1\" \/>\n<p><span style=\"text-decoration: underline;\">sedak GmbH &amp; Co. KG<\/span><\/p>\n<p><strong> Leading glass<\/strong><\/p>\n<p>Der Glasveredler sedak (Gersthofen), gegr\u00fcndet 2007, ist mit rund 150 Mitarbeitern der weltweit f\u00fchrende Hersteller f\u00fcr Isolier- und Sicherheitsgl\u00e4ser in \u00dcbergr\u00f6\u00dfe. Die Scheiben reichen bis 3,2 x 15 Meter \u2013 bearbeitet, vorgespannt, laminiert, bedruckt, beschichtet und laminationsgebogen. Kernkompetenzen sind Glaslamination, Kantenbearbeitung und das Knowhow bei der Produktion von Glasbauteilen mit zus\u00e4tzlichen funktionalen und dekorativen Elementen. Die Fertigung ist auf die extremen Glasgr\u00f6\u00dfen optimiert, s\u00e4mtliche Veredelungsschritte erfolgen inhouse \u2013 z. B. mit der neuen, voll automatisierten Isolierglaslinie . Als weltweit einziger Full-Supplier f\u00fcr Gl\u00e4ser dieser Gr\u00f6\u00dfe versteht sich sedak als Partner f\u00fcr Architekten, Planer und Fassadenbauer. Herausragende Referenzen sind u. a. der Apple-Cube New York, das Lincoln Center Canopies, New York, das St\u00e4del-Museum, Frankfurt und die Tottenham Court Road Station, London.<\/p>\n<p><strong> Anwendungsgebiete<\/strong><\/p>\n<ul>\n<li>Glasfassaden<\/li>\n<li>Glasd\u00e4cher<\/li>\n<li>Glastreppen<\/li>\n<li>Glasbr\u00fcstungen<\/li>\n<li>Schiffsbau<\/li>\n<li>Sicherheitsverglasungen<\/li>\n<li>Ganzglaskonstruktionen<\/li>\n<li>Innenarchitektur<\/li>\n<li>Sonderanfertigungen<\/li>\n<\/ul>\n","protected":false},"excerpt":{"rendered":"<p>Wie sedak die Schweizer Alpen nach Mittelfranken brachte Eine saubere Sache: 27-Quadratmeter-Glasscheibe mit fotorealistischem keramischen Digitaldruck Der Glasveredler sedak kann nicht nur Gl\u00e4ser in \u00dcbergr\u00f6\u00dfe, er kann sogar Berge versetzen. F\u00fcr die HT-Group, einen Anbieter von Raumkonzepten in der medizinischen Versorgungstechnik, fertigte das Unternehmen eine digital bedruckte, neun mal drei Meter gro\u00dfe Glasscheibe. Das 10 [&hellip;]<\/p>\n","protected":false},"author":6,"featured_media":7680,"comment_status":"closed","ping_status":"open","sticky":false,"template":"","format":"standard","meta":{"footnotes":""},"categories":[3,12],"tags":[],"class_list":["post-3599","post","type-post","status-publish","format-standard","has-post-thumbnail","hentry","category-kundenmeldungen","category-sedak"],"_links":{"self":[{"href":"https:\/\/www.pr-neu.de\/newsroom\/wp-json\/wp\/v2\/posts\/3599","targetHints":{"allow":["GET"]}}],"collection":[{"href":"https:\/\/www.pr-neu.de\/newsroom\/wp-json\/wp\/v2\/posts"}],"about":[{"href":"https:\/\/www.pr-neu.de\/newsroom\/wp-json\/wp\/v2\/types\/post"}],"author":[{"embeddable":true,"href":"https:\/\/www.pr-neu.de\/newsroom\/wp-json\/wp\/v2\/users\/6"}],"replies":[{"embeddable":true,"href":"https:\/\/www.pr-neu.de\/newsroom\/wp-json\/wp\/v2\/comments?post=3599"}],"version-history":[{"count":4,"href":"https:\/\/www.pr-neu.de\/newsroom\/wp-json\/wp\/v2\/posts\/3599\/revisions"}],"predecessor-version":[{"id":12725,"href":"https:\/\/www.pr-neu.de\/newsroom\/wp-json\/wp\/v2\/posts\/3599\/revisions\/12725"}],"wp:featuredmedia":[{"embeddable":true,"href":"https:\/\/www.pr-neu.de\/newsroom\/wp-json\/wp\/v2\/media\/7680"}],"wp:attachment":[{"href":"https:\/\/www.pr-neu.de\/newsroom\/wp-json\/wp\/v2\/media?parent=3599"}],"wp:term":[{"taxonomy":"category","embeddable":true,"href":"https:\/\/www.pr-neu.de\/newsroom\/wp-json\/wp\/v2\/categories?post=3599"},{"taxonomy":"post_tag","embeddable":true,"href":"https:\/\/www.pr-neu.de\/newsroom\/wp-json\/wp\/v2\/tags?post=3599"}],"curies":[{"name":"wp","href":"https:\/\/api.w.org\/{rel}","templated":true}]}}