{"id":3559,"date":"2015-06-30T10:34:06","date_gmt":"2015-06-30T10:34:06","guid":{"rendered":"http:\/\/www.pr-nord.de\/newsroom\/?p=3559"},"modified":"2020-05-28T14:52:29","modified_gmt":"2020-05-28T12:52:29","slug":"econtrol-glas-schneller-als-die-konkurrenz","status":"publish","type":"post","link":"https:\/\/www.pr-neu.de\/newsroom\/econtrol-glas-schneller-als-die-konkurrenz\/","title":{"rendered":"EControl-Glas: Schneller als die Konkurrenz"},"content":{"rendered":"<p><span style=\"text-decoration: underline;\">Nachfrage nach dimmbaren Geb\u00e4udeverglasungen steigt europaweit<\/span><\/p>\n<p>Hidden Champion der Glasindustrie erweitert Produktion \/ Lieferzeit verk\u00fcrzt sich<\/p>\n<p><strong>Die EControl-Glas GmbH aus Plauen, einziger europ\u00e4ischer Hersteller dimmbarer Geb\u00e4udeverglasungen, baut ihre Fertigungskapazit\u00e4t aus. Sie reagiert damit auf die steigende Nachfrage nach schaltbaren Verglasungen und verk\u00fcrzt die Lieferzeit durch die Produktionserweiterung gegen\u00fcber den amerikanischen Wettbewerbern auf gerade einmal neun bis zehn Wochen. EControl investiert bis 2016 insgesamt acht Millionen Euro in den Ausbau des Standortes im s\u00e4chsischen Vogtland.<\/strong><\/p>\n<p>Elektronisch dimmbare Verglasungen sind erst seit rund f\u00fcnf Jahren am Markt verf\u00fcgbar und ein wirklicher Meilenstein f\u00fcr den sommerlichen W\u00e4rmeschutz von Glasfassaden. Das dimmbare Glas blockt bis zu 90 Prozent Sonnenenergie, damit werden mechanische Verschattungen \u00fcberfl\u00fcssig. Hierdurch bleibt gerade bei sch\u00f6nstem Wetter der freie Blick nach drau\u00dfen erhalten.<\/p>\n<p>Um die steigende Nachfrage nach elektronisch dimmbarer Verglasung zu bedienen, baut EControl-Glas \u2013 einer von weltweit lediglich drei Herstellern dieser innovativen Gl\u00e4ser \u2013 aktuell seine Produktion aus. In der bereits 2014 auf 7.000 Quadratmeter vergr\u00f6\u00dferten Fertigungshalle wurden Anlagen und Maschinen f\u00fcr eine integrierte Fertigung aufgebaut und in Betrieb genommen. Kurze Reaktions- und Lieferzeiten gegen\u00fcber den amerikanischen Wettbewerbern standen hierbei im Vordergrund. In Verbindung mit der bereits 2010 installierten Beschichtungs- und der Verbundanlage erfolgt jetzt die vollst\u00e4ndige Herstellung des elektronisch steuerbaren Glases am s\u00e4chsischen Standort in Plauen.<\/p>\n<p>EControl-Gesch\u00e4ftsf\u00fchrer Dr. Hartmut Wittkopf zeigt sich \u00fcberzeugt: \u201eWir sind zwar klein im Vergleich zu den gro\u00dfen Glaskonzernen, aber gerade das ist unser Vorteil: Die eigene Fertigung versetzt uns in die Lage, die Lieferzeiten deutlich zu verk\u00fcrzen, Projekte schneller zu realisieren und h\u00f6here Qualit\u00e4tsstandards sicherzustellen.\u201c<\/p>\n<p>Aktuell erhielt das Unternehmen einen Gro\u00dfauftrag aus Ungarn, weitere gr\u00f6\u00dfere Auftr\u00e4ge in 2015 stehen bereits an.<\/p>\n<hr noshade=\"noshade\" size=\"1\" \/>\n<table style=\"height: 785px;\" border=\"0\" width=\"686\" cellspacing=\"0\" cellpadding=\"0\">\n<tbody>\n<tr>\n<td valign=\"top\" width=\"370\" height=\"200\"><a href=\"http:\/\/www.pr-neu.de\/newsroom\/wordpress\/wp-content\/uploads\/2015\/06\/15-06_Fertigungshalle_G.jpg\"><img loading=\"lazy\" decoding=\"async\" class=\"size-medium wp-image-12728\" src=\"http:\/\/www.pr-neu.de\/newsroom\/wordpress\/wp-content\/uploads\/2015\/06\/15-06_Fertigungshalle_G-300x200.jpg\" alt=\"\" width=\"300\" height=\"200\" srcset=\"https:\/\/www.pr-neu.de\/newsroom\/wordpress\/wp-content\/uploads\/2015\/06\/15-06_Fertigungshalle_G-300x200.jpg 300w, https:\/\/www.pr-neu.de\/newsroom\/wordpress\/wp-content\/uploads\/2015\/06\/15-06_Fertigungshalle_G-1024x682.jpg 1024w, https:\/\/www.pr-neu.de\/newsroom\/wordpress\/wp-content\/uploads\/2015\/06\/15-06_Fertigungshalle_G-768x512.jpg 768w, https:\/\/www.pr-neu.de\/newsroom\/wordpress\/wp-content\/uploads\/2015\/06\/15-06_Fertigungshalle_G-1536x1023.jpg 1536w, https:\/\/www.pr-neu.de\/newsroom\/wordpress\/wp-content\/uploads\/2015\/06\/15-06_Fertigungshalle_G-110x73.jpg 110w, https:\/\/www.pr-neu.de\/newsroom\/wordpress\/wp-content\/uploads\/2015\/06\/15-06_Fertigungshalle_G-420x280.jpg 420w, https:\/\/www.pr-neu.de\/newsroom\/wordpress\/wp-content\/uploads\/2015\/06\/15-06_Fertigungshalle_G-645x430.jpg 645w, https:\/\/www.pr-neu.de\/newsroom\/wordpress\/wp-content\/uploads\/2015\/06\/15-06_Fertigungshalle_G.jpg 1795w\" sizes=\"auto, (max-width: 300px) 100vw, 300px\" \/><\/a><\/td>\n<td colspan=\"3\" height=\"200\">Bereits 2014 auf eine Gesamtfl\u00e4che von 7.000 Quadratmeter erweitert: Die Fertigungshalle der EControl-Glas GmbH am Standort Plauen.<\/p>\n<p>Foto: EControl-Glas<\/td>\n<\/tr>\n<tr>\n<td valign=\"top\" width=\"370\" height=\"200\"><a href=\"http:\/\/www.pr-neu.de\/newsroom\/wordpress\/wp-content\/uploads\/2015\/06\/15-06_Vorspannofen_G.jpg\"><img loading=\"lazy\" decoding=\"async\" class=\"size-medium wp-image-12729\" src=\"http:\/\/www.pr-neu.de\/newsroom\/wordpress\/wp-content\/uploads\/2015\/06\/15-06_Vorspannofen_G-300x200.jpg\" alt=\"\" width=\"300\" height=\"200\" srcset=\"https:\/\/www.pr-neu.de\/newsroom\/wordpress\/wp-content\/uploads\/2015\/06\/15-06_Vorspannofen_G-300x200.jpg 300w, https:\/\/www.pr-neu.de\/newsroom\/wordpress\/wp-content\/uploads\/2015\/06\/15-06_Vorspannofen_G-1024x683.jpg 1024w, https:\/\/www.pr-neu.de\/newsroom\/wordpress\/wp-content\/uploads\/2015\/06\/15-06_Vorspannofen_G-768x512.jpg 768w, https:\/\/www.pr-neu.de\/newsroom\/wordpress\/wp-content\/uploads\/2015\/06\/15-06_Vorspannofen_G-1536x1024.jpg 1536w, https:\/\/www.pr-neu.de\/newsroom\/wordpress\/wp-content\/uploads\/2015\/06\/15-06_Vorspannofen_G-110x73.jpg 110w, https:\/\/www.pr-neu.de\/newsroom\/wordpress\/wp-content\/uploads\/2015\/06\/15-06_Vorspannofen_G-420x280.jpg 420w, https:\/\/www.pr-neu.de\/newsroom\/wordpress\/wp-content\/uploads\/2015\/06\/15-06_Vorspannofen_G-645x430.jpg 645w, https:\/\/www.pr-neu.de\/newsroom\/wordpress\/wp-content\/uploads\/2015\/06\/15-06_Vorspannofen_G.jpg 1795w\" sizes=\"auto, (max-width: 300px) 100vw, 300px\" \/><\/a><\/td>\n<td colspan=\"3\" height=\"200\">Der neue Vorspannofen erm\u00f6glicht in Kombination mit der bereits vorhandenen Beschichtungs- und Verbundanlage die komplette Fertigung der elektronisch steuerbaren Verglasung.<\/p>\n<p>Foto: EControl-Glas<\/td>\n<\/tr>\n<tr>\n<td valign=\"top\" width=\"370\" height=\"200\"><a href=\"http:\/\/www.pr-neu.de\/newsroom\/wordpress\/wp-content\/uploads\/2015\/06\/15-06_Fertigung_G-1.jpg\"><img loading=\"lazy\" decoding=\"async\" class=\"size-medium wp-image-12730\" src=\"http:\/\/www.pr-neu.de\/newsroom\/wordpress\/wp-content\/uploads\/2015\/06\/15-06_Fertigung_G-1-300x200.jpg\" alt=\"\" width=\"300\" height=\"200\" srcset=\"https:\/\/www.pr-neu.de\/newsroom\/wordpress\/wp-content\/uploads\/2015\/06\/15-06_Fertigung_G-1-300x200.jpg 300w, https:\/\/www.pr-neu.de\/newsroom\/wordpress\/wp-content\/uploads\/2015\/06\/15-06_Fertigung_G-1-1024x683.jpg 1024w, https:\/\/www.pr-neu.de\/newsroom\/wordpress\/wp-content\/uploads\/2015\/06\/15-06_Fertigung_G-1-768x512.jpg 768w, https:\/\/www.pr-neu.de\/newsroom\/wordpress\/wp-content\/uploads\/2015\/06\/15-06_Fertigung_G-1-1536x1024.jpg 1536w, https:\/\/www.pr-neu.de\/newsroom\/wordpress\/wp-content\/uploads\/2015\/06\/15-06_Fertigung_G-1-110x73.jpg 110w, https:\/\/www.pr-neu.de\/newsroom\/wordpress\/wp-content\/uploads\/2015\/06\/15-06_Fertigung_G-1-420x280.jpg 420w, https:\/\/www.pr-neu.de\/newsroom\/wordpress\/wp-content\/uploads\/2015\/06\/15-06_Fertigung_G-1-645x430.jpg 645w, https:\/\/www.pr-neu.de\/newsroom\/wordpress\/wp-content\/uploads\/2015\/06\/15-06_Fertigung_G-1.jpg 1795w\" sizes=\"auto, (max-width: 300px) 100vw, 300px\" \/><\/a><\/td>\n<td colspan=\"3\" height=\"200\">Alles aus einer Hand: Die integrierte Fertigung verk\u00fcrzt die Lieferzeiten und stellt den hohen Qualit\u00e4tsstandard sicher.<\/p>\n<p>Foto: EControl-Glas<\/td>\n<\/tr>\n<\/tbody>\n<\/table>\n<hr noshade=\"noshade\" size=\"1\" \/>\n<p>Abdruck honorarfrei, Belegexemplar erbeten<\/p>\n<p><strong>R\u00fcckfragen beantwortet gern<\/strong><\/p>\n<table width=\"532\">\n<tbody>\n<tr>\n<td valign=\"top\" width=\"260\" height=\"25\"><strong>EControl-Glas<\/strong> GmbH &amp; Co. KG<br \/>\nNadine Witt<br \/>\nTel.: +49(0)3741\/14820-116<br \/>\nFax: +49(0)3741\/14820-150<br \/>\nE-Mail: <a href=\"&#x6d;&#x61;&#105;l&#x74;&#x6f;&#58;pr&#x65;&#x73;&#115;e&#x40;&#x65;&#99;&#111;n&#x74;&#x72;&#111;l&#x2d;&#x67;&#108;&#97;s&#x2e;&#x64;&#101;\">&#112;&#x72;&#101;&#x73;&#115;&#x65;&#64;&#x65;&#99;&#x6f;&#110;&#x74;&#114;&#x6f;&#108;&#x2d;&#103;&#x6c;&#97;&#x73;&#46;&#x64;&#101;<\/a><\/td>\n<td colspan=\"3\" valign=\"top\" width=\"260\" height=\"21\"><\/td>\n<\/tr>\n<\/tbody>\n<\/table>\n","protected":false},"excerpt":{"rendered":"<p>Nachfrage nach dimmbaren Geb\u00e4udeverglasungen steigt europaweit Hidden Champion der Glasindustrie erweitert Produktion \/ Lieferzeit verk\u00fcrzt sich Die EControl-Glas GmbH aus Plauen, einziger europ\u00e4ischer Hersteller dimmbarer Geb\u00e4udeverglasungen, baut ihre Fertigungskapazit\u00e4t aus. Sie reagiert damit auf die steigende Nachfrage nach schaltbaren Verglasungen und verk\u00fcrzt die Lieferzeit durch die Produktionserweiterung gegen\u00fcber den amerikanischen Wettbewerbern auf gerade einmal neun [&hellip;]<\/p>\n","protected":false},"author":6,"featured_media":7775,"comment_status":"closed","ping_status":"open","sticky":false,"template":"","format":"standard","meta":{"footnotes":""},"categories":[25,3],"tags":[],"class_list":["post-3559","post","type-post","status-publish","format-standard","has-post-thumbnail","hentry","category-econtrol","category-kundenmeldungen"],"_links":{"self":[{"href":"https:\/\/www.pr-neu.de\/newsroom\/wp-json\/wp\/v2\/posts\/3559","targetHints":{"allow":["GET"]}}],"collection":[{"href":"https:\/\/www.pr-neu.de\/newsroom\/wp-json\/wp\/v2\/posts"}],"about":[{"href":"https:\/\/www.pr-neu.de\/newsroom\/wp-json\/wp\/v2\/types\/post"}],"author":[{"embeddable":true,"href":"https:\/\/www.pr-neu.de\/newsroom\/wp-json\/wp\/v2\/users\/6"}],"replies":[{"embeddable":true,"href":"https:\/\/www.pr-neu.de\/newsroom\/wp-json\/wp\/v2\/comments?post=3559"}],"version-history":[{"count":5,"href":"https:\/\/www.pr-neu.de\/newsroom\/wp-json\/wp\/v2\/posts\/3559\/revisions"}],"predecessor-version":[{"id":12732,"href":"https:\/\/www.pr-neu.de\/newsroom\/wp-json\/wp\/v2\/posts\/3559\/revisions\/12732"}],"wp:featuredmedia":[{"embeddable":true,"href":"https:\/\/www.pr-neu.de\/newsroom\/wp-json\/wp\/v2\/media\/7775"}],"wp:attachment":[{"href":"https:\/\/www.pr-neu.de\/newsroom\/wp-json\/wp\/v2\/media?parent=3559"}],"wp:term":[{"taxonomy":"category","embeddable":true,"href":"https:\/\/www.pr-neu.de\/newsroom\/wp-json\/wp\/v2\/categories?post=3559"},{"taxonomy":"post_tag","embeddable":true,"href":"https:\/\/www.pr-neu.de\/newsroom\/wp-json\/wp\/v2\/tags?post=3559"}],"curies":[{"name":"wp","href":"https:\/\/api.w.org\/{rel}","templated":true}]}}