{"id":3553,"date":"2015-06-26T12:59:47","date_gmt":"2015-06-26T12:59:47","guid":{"rendered":"http:\/\/www.pr-nord.de\/newsroom\/?p=3553"},"modified":"2020-05-28T15:00:21","modified_gmt":"2020-05-28T13:00:21","slug":"individuell-ausgebaut-wohnen-unterm-dach","status":"publish","type":"post","link":"https:\/\/www.pr-neu.de\/newsroom\/individuell-ausgebaut-wohnen-unterm-dach\/","title":{"rendered":"Individuell ausgebaut \u2013 Wohnen unterm Dach"},"content":{"rendered":"<p><span style=\"text-decoration: underline;\">Wohntraum Dach: Ausbau mit neuer Leichtbauplatte<\/span><\/p>\n<p><strong> Familie B\u00f6hler hat sich ihren Traum vom Wohnen unterm Dach erf\u00fcllt \u2013 mit einem neuen Dachgeschoss auf einem robusten Altbau. Ihre kreativen Ideen setzen sie in Trockenbauweise um. Statt konventionellen Gipsarten verwendeten die B\u00f6hlers Leichtbauplatten aus Bl\u00e4hglas (VeroBoard Rapid von Verotec). Diese sind formbar, hoch belastbar und leicht zu verarbeiten. Ohne Spachteln, Schleifen und Grundieren ging der Innenausbau schnell und staubfrei von der Hand. Bauherr, Do-it-yourselfer und Familienvater Ralf B\u00f6hler erz\u00e4hlt von seinen Erfahrungen und Ergebnissen.<\/strong><\/p>\n<p>\u201eSp\u00e4testens mit der Geburt unseres zweiten Kindes war klar: Wir wollten unsere Wohnsituation verbessern und zugleich die N\u00e4he zu den Gro\u00dfeltern nutzen. Die herrliche Lage des Elternhauses meiner Frau in der N\u00e4he des Kinzigtals mit dem gro\u00dfartigen Ausblick hat uns letztlich dazu bewogen, das Dachgeschoss f\u00fcr unsere Bed\u00fcrfnisse aus- und umzubauen.\u201c Familie B\u00f6hler \u2013 Vater Ralf, Mutter Marion mit den Kindern Theo (8) und Nina (2) wusste genau, wie sie bald wohnen und leben wollte.<\/p>\n<p><strong> Raum f\u00fcr die Familie<\/strong><\/p>\n<p>Zun\u00e4chst definierte die junge Familie, wie viel Wohnraum sie ben\u00f6tigt und weitere Details. Ganz klar war der Wunsch nach zwei separaten Kinderzimmern, jedes Kind sollte sein eigenes Reich bekommen. Au\u00dferdem wollten die Bauherren in einer gro\u00dfz\u00fcgigen, offenen Wohnlandschaft die M\u00f6glichkeit schaffen, auch gr\u00f6\u00dfere Familienfeste mit bis zu 20 Personen zu feiern. Auch ein effizienter Heiz-Kamin mit sichtbarer Feuerstelle stand auf der Wunschliste ganz oben.<\/p>\n<p>\u201eMit dem alten Neunzig-Quadratmeter-Grundriss des Dachgeschosses kamen wir schnell an unsere planerischen Grenzen: Zu wenig Fl\u00e4che, zu viele Dachschr\u00e4gen, veraltete Elektrik, schlecht ged\u00e4mmtes Dach. Alles zusammengenommen schien ein Umbau nur mit schlechten Kompromissen realisierbar\u201c, berichtet B\u00f6hler. Also zogen sie eine andere Variante in Betracht: Kompletter Neubau und Aufstockung des vorhandenen Dachgeschosses \u2013 bei nahezu gleichem finanziellen Aufwand.<\/p>\n<p>So entstand der Spielraum, um die sehr konkreten Ideen umzusetzen. Die Grundfl\u00e4che wurde \u00fcber den Anbau von gro\u00dfen Gauben erheblich vergr\u00f6\u00dfert und der Wunsch von zwei Kinderzimmern und offener Wohnlandschaft verwirklicht. Bis zum Genehmigungsverfahren half den B\u00f6hlers ein Architekt, der auch die erforderlichen Pl\u00e4ne entwarf. Der Innenausbau erfolgte dann in Eigenregie \u2013 in enger Zusammenarbeit mit einem Zimmermann.<\/p>\n<p><strong> Innenausbau in nur wenigen Tagen <\/strong><\/p>\n<p>Der Innenausbau erfolgte mit Holzst\u00e4ndern, beplankt mit VeroBoard Rapid, einer hochwertigen Ausbauplatte aus Bl\u00e4hglasgranulat. Diese leichte Trockenbauplatte bot enorme Verarbeitungsvorteile. B\u00f6hler: \u201eDa wir weder spachteln, schleifen noch grundieren mussten, sparten wir uns enorm viel Arbeitszeit. Au\u00dferdem mussten wir die W\u00e4nde aufgrund der hohen Stabilit\u00e4t und der guten Schalld\u00e4mmwirkung nur einfach beplanken. Die Fugenkaschierung mit dem selbstklebenden Gewebeband war einfach und der Putz konnte direkt aufgetragen werden.\u201c Im Bad wurde direkt auf die Platte verfliest. Lediglich in den wasserablaufenden Zonen wie Dusche und Badewanne waren die Platten zus\u00e4tzlich abzudichten. Die komplette Beplankung der Innenw\u00e4nde, rund 380 Quadratmeter, brauchte so nur wenige Tage. \u201eVeroBoard Rapid war wirklich super-einfach und sauber zu verarbeiten \u2013 sogar meine Frau montierte einige Platten\u201c, schmunzelt B\u00f6hler. Restst\u00fccke der Platten dienen als Balkonverkleidung: Die universelle Bauplatte ist auch au\u00dfen verwendbar.<\/p>\n<p><strong> Eingebaute Nischen als praktische Eye-Catcher <\/strong><\/p>\n<p>Etwas aufw\u00e4ndiger wurde der Ausbau durch eine Vielzahl an Ecken und Kanten. \u201eWir sind keine Freunde herk\u00f6mmlicher Einbaum\u00f6bel. Deshalb war uns der Einbau von Nischen und Durchblicken sehr wichtig, um unserer Wohnung ein individuelles Gesicht zu geben und zugleich praktische Ablagen zu kreieren, wie in Bad und Dusche f\u00fcr Duschgel und Shampoo oder in der Garderobe f\u00fcr Telefon und Notizzettel.\u201c In der kleinen, schmalen Toilette wurde durch die Versenkung des Spiegels und des Waschtisches weitere zehn Zentimeter Raum gewonnen. All diese architektonischen Grundideen f\u00fchrten zu viel Zusatzarbeit. Aber mit der einfachen Handhabung von VeroBoard Rapid gelang dies schneller als gedacht. \u201eSelbst unser langj\u00e4hriger und erfahrener Zimmermann war begeistert, dass es so schnell und einfach ging. Wir sind uns einig, dass wir die Platte jederzeit wieder einsetzen werden\u201c, lautet das Res\u00fcmee des Familienvaters.<\/p>\n<p>Weitere Infos unter <a href=\"www.verotec.de\" target=\"_blank\" rel=\"noopener noreferrer\">www.verotec.de<\/a><\/p>\n<hr noshade=\"noshade\" size=\"1\" \/>\n<p><strong>Zitat Ralf B\u00f6hler <\/strong><\/p>\n<p><em> \u201eWir hatten von Anfang an sehr konkrete Vorstellungen, aber nur begrenztes Budget. Also wurden wir kreativ und konnten so unsere Ideen verwirklichen.\u201c Ralf B\u00f6hler <\/em><\/p>\n<hr noshade=\"noshade\" size=\"1\" \/>\n<p><strong><span style=\"text-decoration: underline;\">Innenausbau mit Leichtbauplatten aus Bl\u00e4hglas:<br \/>\n<\/span><\/strong><span style=\"text-decoration: underline;\"><strong>VeroBoard Rapid als Alternative zu Gipskarton<\/strong><\/span><\/p>\n<p>VeroBoard Rapid besteht aus leichtem Bl\u00e4hglas, welches ausschlie\u00dflich aus Altglas gewonnen wird. Durch den Bl\u00e4hprozess wird das Glas leicht, schalld\u00e4mmend und druckstabil und tr\u00e4gt selbst schwere Lasten. Die Bauplatte ist universell einsetzbar und f\u00fcr Innen-, Au\u00dfen- und selbst Feuchtr\u00e4ume geeignet. Schimmel hat durch die alkalisch-mineralische Zusammensetzung keine Chance. Die Platten lassen sich leicht zuschneiden, montieren und fixieren. Auch geschwungene Fl\u00e4chen wie Badewannen lassen sich mit ihnen verkleiden. VeroBoard Rapid ist so stabil, dass W\u00e4nde nur einfach beplankt werden m\u00fcssen \u2013 bei hervorragenden Schalld\u00e4mmwerten. Da typische Trockenbau-Arbeitsschritte wie Spachteln, Schleifen und Grundieren nicht erforderlich sind, gelingt der Ausbau innerhalb k\u00fcrzester Zeit.<\/p>\n<hr noshade=\"noshade\" size=\"1\" \/>\n<table style=\"height: 3390px;\" border=\"0\" width=\"730\" cellspacing=\"0\" cellpadding=\"0\">\n<tbody>\n<tr>\n<td valign=\"top\" width=\"370\" height=\"25\"><a href=\"http:\/\/www.pr-neu.de\/newsroom\/wordpress\/wp-content\/uploads\/2015\/06\/15-03_Anwenderbericht_Boehler_4_G.jpg\"><img loading=\"lazy\" decoding=\"async\" class=\"aligncenter size-medium wp-image-12734\" src=\"http:\/\/www.pr-neu.de\/newsroom\/wordpress\/wp-content\/uploads\/2015\/06\/15-03_Anwenderbericht_Boehler_4_G-300x177.jpg\" alt=\"\" width=\"300\" height=\"177\" srcset=\"https:\/\/www.pr-neu.de\/newsroom\/wordpress\/wp-content\/uploads\/2015\/06\/15-03_Anwenderbericht_Boehler_4_G-300x177.jpg 300w, https:\/\/www.pr-neu.de\/newsroom\/wordpress\/wp-content\/uploads\/2015\/06\/15-03_Anwenderbericht_Boehler_4_G-1024x605.jpg 1024w, https:\/\/www.pr-neu.de\/newsroom\/wordpress\/wp-content\/uploads\/2015\/06\/15-03_Anwenderbericht_Boehler_4_G-768x454.jpg 768w, https:\/\/www.pr-neu.de\/newsroom\/wordpress\/wp-content\/uploads\/2015\/06\/15-03_Anwenderbericht_Boehler_4_G-1536x908.jpg 1536w, https:\/\/www.pr-neu.de\/newsroom\/wordpress\/wp-content\/uploads\/2015\/06\/15-03_Anwenderbericht_Boehler_4_G-110x65.jpg 110w, https:\/\/www.pr-neu.de\/newsroom\/wordpress\/wp-content\/uploads\/2015\/06\/15-03_Anwenderbericht_Boehler_4_G-420x248.jpg 420w, https:\/\/www.pr-neu.de\/newsroom\/wordpress\/wp-content\/uploads\/2015\/06\/15-03_Anwenderbericht_Boehler_4_G-727x430.jpg 727w, https:\/\/www.pr-neu.de\/newsroom\/wordpress\/wp-content\/uploads\/2015\/06\/15-03_Anwenderbericht_Boehler_4_G.jpg 1795w\" sizes=\"auto, (max-width: 300px) 100vw, 300px\" \/><\/a><\/td>\n<td colspan=\"3\" height=\"21\">Gro\u00dfz\u00fcgige Wohnlandschaft mit offener K\u00fcche. Der Kronleuchter ist mit einer Schiene verschiebbar, falls der Tisch f\u00fcr Familienfeste erweitert werden muss.<\/p>\n<p>Foto: Verotec<\/td>\n<\/tr>\n<tr>\n<td valign=\"top\" width=\"370\" height=\"25\"><a href=\"http:\/\/www.pr-neu.de\/newsroom\/wordpress\/wp-content\/uploads\/2015\/06\/15-03_Anwenderbericht_Boehler_12_G.jpg\"><img loading=\"lazy\" decoding=\"async\" class=\"aligncenter size-medium wp-image-12735\" src=\"http:\/\/www.pr-neu.de\/newsroom\/wordpress\/wp-content\/uploads\/2015\/06\/15-03_Anwenderbericht_Boehler_12_G-300x193.jpg\" alt=\"\" width=\"300\" height=\"193\" srcset=\"https:\/\/www.pr-neu.de\/newsroom\/wordpress\/wp-content\/uploads\/2015\/06\/15-03_Anwenderbericht_Boehler_12_G-300x193.jpg 300w, https:\/\/www.pr-neu.de\/newsroom\/wordpress\/wp-content\/uploads\/2015\/06\/15-03_Anwenderbericht_Boehler_12_G-1024x660.jpg 1024w, https:\/\/www.pr-neu.de\/newsroom\/wordpress\/wp-content\/uploads\/2015\/06\/15-03_Anwenderbericht_Boehler_12_G-768x495.jpg 768w, https:\/\/www.pr-neu.de\/newsroom\/wordpress\/wp-content\/uploads\/2015\/06\/15-03_Anwenderbericht_Boehler_12_G-1536x990.jpg 1536w, https:\/\/www.pr-neu.de\/newsroom\/wordpress\/wp-content\/uploads\/2015\/06\/15-03_Anwenderbericht_Boehler_12_G-110x71.jpg 110w, https:\/\/www.pr-neu.de\/newsroom\/wordpress\/wp-content\/uploads\/2015\/06\/15-03_Anwenderbericht_Boehler_12_G-420x271.jpg 420w, https:\/\/www.pr-neu.de\/newsroom\/wordpress\/wp-content\/uploads\/2015\/06\/15-03_Anwenderbericht_Boehler_12_G-667x430.jpg 667w, https:\/\/www.pr-neu.de\/newsroom\/wordpress\/wp-content\/uploads\/2015\/06\/15-03_Anwenderbericht_Boehler_12_G.jpg 1795w\" sizes=\"auto, (max-width: 300px) 100vw, 300px\" \/><\/a><\/td>\n<td colspan=\"3\" height=\"21\">Der alte Dachstuhl wurde bis zur Geschossdecke abgetragen und neu aufgebaut (links im Bauzustand, rechts nach Fertigstellung).<\/p>\n<p>Foto: Verotec<\/td>\n<\/tr>\n<tr>\n<td valign=\"top\" width=\"370\" height=\"25\"><a href=\"http:\/\/www.pr-neu.de\/newsroom\/wordpress\/wp-content\/uploads\/2015\/06\/15-03_Anwenderbericht_Boehler_3_G-1.jpg\"><img loading=\"lazy\" decoding=\"async\" class=\"aligncenter size-medium wp-image-12736\" src=\"http:\/\/www.pr-neu.de\/newsroom\/wordpress\/wp-content\/uploads\/2015\/06\/15-03_Anwenderbericht_Boehler_3_G-1-300x200.jpg\" alt=\"\" width=\"300\" height=\"200\" srcset=\"https:\/\/www.pr-neu.de\/newsroom\/wordpress\/wp-content\/uploads\/2015\/06\/15-03_Anwenderbericht_Boehler_3_G-1-300x200.jpg 300w, https:\/\/www.pr-neu.de\/newsroom\/wordpress\/wp-content\/uploads\/2015\/06\/15-03_Anwenderbericht_Boehler_3_G-1-1024x683.jpg 1024w, https:\/\/www.pr-neu.de\/newsroom\/wordpress\/wp-content\/uploads\/2015\/06\/15-03_Anwenderbericht_Boehler_3_G-1-768x512.jpg 768w, https:\/\/www.pr-neu.de\/newsroom\/wordpress\/wp-content\/uploads\/2015\/06\/15-03_Anwenderbericht_Boehler_3_G-1-1536x1024.jpg 1536w, https:\/\/www.pr-neu.de\/newsroom\/wordpress\/wp-content\/uploads\/2015\/06\/15-03_Anwenderbericht_Boehler_3_G-1-110x73.jpg 110w, https:\/\/www.pr-neu.de\/newsroom\/wordpress\/wp-content\/uploads\/2015\/06\/15-03_Anwenderbericht_Boehler_3_G-1-420x280.jpg 420w, https:\/\/www.pr-neu.de\/newsroom\/wordpress\/wp-content\/uploads\/2015\/06\/15-03_Anwenderbericht_Boehler_3_G-1-645x430.jpg 645w, https:\/\/www.pr-neu.de\/newsroom\/wordpress\/wp-content\/uploads\/2015\/06\/15-03_Anwenderbericht_Boehler_3_G-1.jpg 1795w\" sizes=\"auto, (max-width: 300px) 100vw, 300px\" \/><\/a><\/td>\n<td colspan=\"3\" height=\"21\">Der alte Dachstuhl wurde bis zur Geschossdecke abgetragen und neu aufgebaut (links im Bauzustand, rechts nach Fertigstellung).<\/p>\n<p>Foto: Verotec<\/td>\n<\/tr>\n<tr>\n<td valign=\"top\" width=\"370\" height=\"25\"><a href=\"http:\/\/www.pr-neu.de\/newsroom\/wordpress\/wp-content\/uploads\/2015\/06\/15-03_Anwenderbericht_Boehler_2_G.jpg\"><img loading=\"lazy\" decoding=\"async\" class=\"aligncenter size-medium wp-image-12737\" src=\"http:\/\/www.pr-neu.de\/newsroom\/wordpress\/wp-content\/uploads\/2015\/06\/15-03_Anwenderbericht_Boehler_2_G-200x300.jpg\" alt=\"\" width=\"200\" height=\"300\" srcset=\"https:\/\/www.pr-neu.de\/newsroom\/wordpress\/wp-content\/uploads\/2015\/06\/15-03_Anwenderbericht_Boehler_2_G-200x300.jpg 200w, https:\/\/www.pr-neu.de\/newsroom\/wordpress\/wp-content\/uploads\/2015\/06\/15-03_Anwenderbericht_Boehler_2_G-683x1024.jpg 683w, https:\/\/www.pr-neu.de\/newsroom\/wordpress\/wp-content\/uploads\/2015\/06\/15-03_Anwenderbericht_Boehler_2_G-768x1152.jpg 768w, https:\/\/www.pr-neu.de\/newsroom\/wordpress\/wp-content\/uploads\/2015\/06\/15-03_Anwenderbericht_Boehler_2_G-1024x1536.jpg 1024w, https:\/\/www.pr-neu.de\/newsroom\/wordpress\/wp-content\/uploads\/2015\/06\/15-03_Anwenderbericht_Boehler_2_G-73x110.jpg 73w, https:\/\/www.pr-neu.de\/newsroom\/wordpress\/wp-content\/uploads\/2015\/06\/15-03_Anwenderbericht_Boehler_2_G-280x420.jpg 280w, https:\/\/www.pr-neu.de\/newsroom\/wordpress\/wp-content\/uploads\/2015\/06\/15-03_Anwenderbericht_Boehler_2_G-287x430.jpg 287w, https:\/\/www.pr-neu.de\/newsroom\/wordpress\/wp-content\/uploads\/2015\/06\/15-03_Anwenderbericht_Boehler_2_G.jpg 1197w\" sizes=\"auto, (max-width: 200px) 100vw, 200px\" \/><\/a><\/td>\n<td colspan=\"3\" height=\"21\">Optische Raffinesse und praktische Ablage: Die Zuschnitte mit VeroBoard Rapid waren super-einfach.<\/p>\n<p>Foto: Verotec<\/td>\n<\/tr>\n<tr>\n<td valign=\"top\" width=\"370\" height=\"25\"><a href=\"http:\/\/www.pr-neu.de\/newsroom\/wordpress\/wp-content\/uploads\/2015\/06\/15-03_Anwenderbericht_Boehler_10_G.jpg\"><img loading=\"lazy\" decoding=\"async\" class=\"aligncenter size-medium wp-image-12738\" src=\"http:\/\/www.pr-neu.de\/newsroom\/wordpress\/wp-content\/uploads\/2015\/06\/15-03_Anwenderbericht_Boehler_10_G-265x300.jpg\" alt=\"\" width=\"265\" height=\"300\" srcset=\"https:\/\/www.pr-neu.de\/newsroom\/wordpress\/wp-content\/uploads\/2015\/06\/15-03_Anwenderbericht_Boehler_10_G-265x300.jpg 265w, https:\/\/www.pr-neu.de\/newsroom\/wordpress\/wp-content\/uploads\/2015\/06\/15-03_Anwenderbericht_Boehler_10_G-906x1024.jpg 906w, https:\/\/www.pr-neu.de\/newsroom\/wordpress\/wp-content\/uploads\/2015\/06\/15-03_Anwenderbericht_Boehler_10_G-768x868.jpg 768w, https:\/\/www.pr-neu.de\/newsroom\/wordpress\/wp-content\/uploads\/2015\/06\/15-03_Anwenderbericht_Boehler_10_G-1359x1536.jpg 1359w, https:\/\/www.pr-neu.de\/newsroom\/wordpress\/wp-content\/uploads\/2015\/06\/15-03_Anwenderbericht_Boehler_10_G-97x110.jpg 97w, https:\/\/www.pr-neu.de\/newsroom\/wordpress\/wp-content\/uploads\/2015\/06\/15-03_Anwenderbericht_Boehler_10_G-372x420.jpg 372w, https:\/\/www.pr-neu.de\/newsroom\/wordpress\/wp-content\/uploads\/2015\/06\/15-03_Anwenderbericht_Boehler_10_G-380x430.jpg 380w, https:\/\/www.pr-neu.de\/newsroom\/wordpress\/wp-content\/uploads\/2015\/06\/15-03_Anwenderbericht_Boehler_10_G.jpg 1588w\" sizes=\"auto, (max-width: 265px) 100vw, 265px\" \/><\/a><\/td>\n<td colspan=\"3\" height=\"21\">Optische Raffinesse und praktische Ablage: Die Zuschnitte mit VeroBoard Rapid waren super-einfach.<\/p>\n<p>Foto: Verotec<\/td>\n<\/tr>\n<tr>\n<td valign=\"top\" width=\"370\" height=\"25\"><a href=\"http:\/\/www.pr-neu.de\/newsroom\/wordpress\/wp-content\/uploads\/2015\/06\/15-03_Anwenderbericht_Boehler_6_G.jpg\"><img loading=\"lazy\" decoding=\"async\" class=\"aligncenter size-medium wp-image-12739\" src=\"http:\/\/www.pr-neu.de\/newsroom\/wordpress\/wp-content\/uploads\/2015\/06\/15-03_Anwenderbericht_Boehler_6_G-300x214.jpg\" alt=\"\" width=\"300\" height=\"214\" srcset=\"https:\/\/www.pr-neu.de\/newsroom\/wordpress\/wp-content\/uploads\/2015\/06\/15-03_Anwenderbericht_Boehler_6_G-300x214.jpg 300w, https:\/\/www.pr-neu.de\/newsroom\/wordpress\/wp-content\/uploads\/2015\/06\/15-03_Anwenderbericht_Boehler_6_G-1024x729.jpg 1024w, https:\/\/www.pr-neu.de\/newsroom\/wordpress\/wp-content\/uploads\/2015\/06\/15-03_Anwenderbericht_Boehler_6_G-768x547.jpg 768w, https:\/\/www.pr-neu.de\/newsroom\/wordpress\/wp-content\/uploads\/2015\/06\/15-03_Anwenderbericht_Boehler_6_G-1536x1094.jpg 1536w, https:\/\/www.pr-neu.de\/newsroom\/wordpress\/wp-content\/uploads\/2015\/06\/15-03_Anwenderbericht_Boehler_6_G-110x78.jpg 110w, https:\/\/www.pr-neu.de\/newsroom\/wordpress\/wp-content\/uploads\/2015\/06\/15-03_Anwenderbericht_Boehler_6_G-420x299.jpg 420w, https:\/\/www.pr-neu.de\/newsroom\/wordpress\/wp-content\/uploads\/2015\/06\/15-03_Anwenderbericht_Boehler_6_G-604x430.jpg 604w, https:\/\/www.pr-neu.de\/newsroom\/wordpress\/wp-content\/uploads\/2015\/06\/15-03_Anwenderbericht_Boehler_6_G.jpg 1795w\" sizes=\"auto, (max-width: 300px) 100vw, 300px\" \/><\/a><\/td>\n<td colspan=\"3\" height=\"21\">F\u00fchlen sich sichtlich wohl im neuen Zuhause: Papa Ralf mit Nina und Theo.<\/p>\n<p>Foto: Verotec<\/td>\n<\/tr>\n<tr>\n<td valign=\"top\" width=\"370\" height=\"25\"><a href=\"http:\/\/www.pr-neu.de\/newsroom\/wordpress\/wp-content\/uploads\/2015\/06\/15-03_Anwenderbericht_Boehler_8_G.jpg\"><img loading=\"lazy\" decoding=\"async\" class=\"aligncenter size-medium wp-image-12740\" src=\"http:\/\/www.pr-neu.de\/newsroom\/wordpress\/wp-content\/uploads\/2015\/06\/15-03_Anwenderbericht_Boehler_8_G-229x300.jpg\" alt=\"\" width=\"229\" height=\"300\" srcset=\"https:\/\/www.pr-neu.de\/newsroom\/wordpress\/wp-content\/uploads\/2015\/06\/15-03_Anwenderbericht_Boehler_8_G-229x300.jpg 229w, https:\/\/www.pr-neu.de\/newsroom\/wordpress\/wp-content\/uploads\/2015\/06\/15-03_Anwenderbericht_Boehler_8_G-781x1024.jpg 781w, https:\/\/www.pr-neu.de\/newsroom\/wordpress\/wp-content\/uploads\/2015\/06\/15-03_Anwenderbericht_Boehler_8_G-768x1007.jpg 768w, https:\/\/www.pr-neu.de\/newsroom\/wordpress\/wp-content\/uploads\/2015\/06\/15-03_Anwenderbericht_Boehler_8_G-1171x1536.jpg 1171w, https:\/\/www.pr-neu.de\/newsroom\/wordpress\/wp-content\/uploads\/2015\/06\/15-03_Anwenderbericht_Boehler_8_G-84x110.jpg 84w, https:\/\/www.pr-neu.de\/newsroom\/wordpress\/wp-content\/uploads\/2015\/06\/15-03_Anwenderbericht_Boehler_8_G-320x420.jpg 320w, https:\/\/www.pr-neu.de\/newsroom\/wordpress\/wp-content\/uploads\/2015\/06\/15-03_Anwenderbericht_Boehler_8_G-328x430.jpg 328w, https:\/\/www.pr-neu.de\/newsroom\/wordpress\/wp-content\/uploads\/2015\/06\/15-03_Anwenderbericht_Boehler_8_G.jpg 1369w\" sizes=\"auto, (max-width: 229px) 100vw, 229px\" \/><\/a><\/td>\n<td colspan=\"3\" height=\"21\">H\u00fcbsche Nischen, die praktischen Raum schaffen in WC und Garderobe.<\/p>\n<p>Foto: Verotec<\/td>\n<\/tr>\n<tr>\n<td valign=\"top\" width=\"370\" height=\"25\"><a href=\"http:\/\/www.pr-neu.de\/newsroom\/wordpress\/wp-content\/uploads\/2015\/06\/15-03_Anwenderbericht_Boehler_7_G.jpg\"><img loading=\"lazy\" decoding=\"async\" class=\"aligncenter size-medium wp-image-12741\" src=\"http:\/\/www.pr-neu.de\/newsroom\/wordpress\/wp-content\/uploads\/2015\/06\/15-03_Anwenderbericht_Boehler_7_G-227x300.jpg\" alt=\"\" width=\"227\" height=\"300\" srcset=\"https:\/\/www.pr-neu.de\/newsroom\/wordpress\/wp-content\/uploads\/2015\/06\/15-03_Anwenderbericht_Boehler_7_G-227x300.jpg 227w, https:\/\/www.pr-neu.de\/newsroom\/wordpress\/wp-content\/uploads\/2015\/06\/15-03_Anwenderbericht_Boehler_7_G-776x1024.jpg 776w, https:\/\/www.pr-neu.de\/newsroom\/wordpress\/wp-content\/uploads\/2015\/06\/15-03_Anwenderbericht_Boehler_7_G-768x1013.jpg 768w, https:\/\/www.pr-neu.de\/newsroom\/wordpress\/wp-content\/uploads\/2015\/06\/15-03_Anwenderbericht_Boehler_7_G-1165x1536.jpg 1165w, https:\/\/www.pr-neu.de\/newsroom\/wordpress\/wp-content\/uploads\/2015\/06\/15-03_Anwenderbericht_Boehler_7_G-83x110.jpg 83w, https:\/\/www.pr-neu.de\/newsroom\/wordpress\/wp-content\/uploads\/2015\/06\/15-03_Anwenderbericht_Boehler_7_G-318x420.jpg 318w, https:\/\/www.pr-neu.de\/newsroom\/wordpress\/wp-content\/uploads\/2015\/06\/15-03_Anwenderbericht_Boehler_7_G-326x430.jpg 326w, https:\/\/www.pr-neu.de\/newsroom\/wordpress\/wp-content\/uploads\/2015\/06\/15-03_Anwenderbericht_Boehler_7_G.jpg 1361w\" sizes=\"auto, (max-width: 227px) 100vw, 227px\" \/><\/a><\/td>\n<td colspan=\"3\" height=\"21\">H\u00fcbsche Nischen, die praktischen Raum schaffen in WC und Garderobe.<\/p>\n<p>Foto: Verotec<\/td>\n<\/tr>\n<tr>\n<td valign=\"top\" width=\"370\" height=\"25\"><a href=\"http:\/\/www.pr-neu.de\/newsroom\/wordpress\/wp-content\/uploads\/2015\/06\/15-03_Anwenderbericht_Boehler_9_G.jpg\"><img loading=\"lazy\" decoding=\"async\" class=\"aligncenter size-medium wp-image-12742\" src=\"http:\/\/www.pr-neu.de\/newsroom\/wordpress\/wp-content\/uploads\/2015\/06\/15-03_Anwenderbericht_Boehler_9_G-300x289.jpg\" alt=\"\" width=\"300\" height=\"289\" srcset=\"https:\/\/www.pr-neu.de\/newsroom\/wordpress\/wp-content\/uploads\/2015\/06\/15-03_Anwenderbericht_Boehler_9_G-300x289.jpg 300w, https:\/\/www.pr-neu.de\/newsroom\/wordpress\/wp-content\/uploads\/2015\/06\/15-03_Anwenderbericht_Boehler_9_G-1024x987.jpg 1024w, https:\/\/www.pr-neu.de\/newsroom\/wordpress\/wp-content\/uploads\/2015\/06\/15-03_Anwenderbericht_Boehler_9_G-768x741.jpg 768w, https:\/\/www.pr-neu.de\/newsroom\/wordpress\/wp-content\/uploads\/2015\/06\/15-03_Anwenderbericht_Boehler_9_G-1536x1481.jpg 1536w, https:\/\/www.pr-neu.de\/newsroom\/wordpress\/wp-content\/uploads\/2015\/06\/15-03_Anwenderbericht_Boehler_9_G-110x106.jpg 110w, https:\/\/www.pr-neu.de\/newsroom\/wordpress\/wp-content\/uploads\/2015\/06\/15-03_Anwenderbericht_Boehler_9_G-420x405.jpg 420w, https:\/\/www.pr-neu.de\/newsroom\/wordpress\/wp-content\/uploads\/2015\/06\/15-03_Anwenderbericht_Boehler_9_G-446x430.jpg 446w, https:\/\/www.pr-neu.de\/newsroom\/wordpress\/wp-content\/uploads\/2015\/06\/15-03_Anwenderbericht_Boehler_9_G.jpg 1795w\" sizes=\"auto, (max-width: 300px) 100vw, 300px\" \/><\/a><\/td>\n<td colspan=\"3\" height=\"21\">Im Badezimmer wurde VeroBoard Rapid direkt mit den gro\u00dfformatigen Fliesen verklebt und an der Decke direkt verputzt.<\/p>\n<p>Foto: Verotec<\/td>\n<\/tr>\n<tr>\n<td valign=\"top\" width=\"370\" height=\"25\"><a href=\"http:\/\/www.pr-neu.de\/newsroom\/wordpress\/wp-content\/uploads\/2015\/06\/15-03_Anwenderbericht_Boehler_1_G.jpg\"><img loading=\"lazy\" decoding=\"async\" class=\"aligncenter size-medium wp-image-12743\" src=\"http:\/\/www.pr-neu.de\/newsroom\/wordpress\/wp-content\/uploads\/2015\/06\/15-03_Anwenderbericht_Boehler_1_G-300x199.jpg\" alt=\"\" width=\"300\" height=\"199\" srcset=\"https:\/\/www.pr-neu.de\/newsroom\/wordpress\/wp-content\/uploads\/2015\/06\/15-03_Anwenderbericht_Boehler_1_G-300x199.jpg 300w, https:\/\/www.pr-neu.de\/newsroom\/wordpress\/wp-content\/uploads\/2015\/06\/15-03_Anwenderbericht_Boehler_1_G-1024x679.jpg 1024w, https:\/\/www.pr-neu.de\/newsroom\/wordpress\/wp-content\/uploads\/2015\/06\/15-03_Anwenderbericht_Boehler_1_G-768x510.jpg 768w, https:\/\/www.pr-neu.de\/newsroom\/wordpress\/wp-content\/uploads\/2015\/06\/15-03_Anwenderbericht_Boehler_1_G-1536x1019.jpg 1536w, https:\/\/www.pr-neu.de\/newsroom\/wordpress\/wp-content\/uploads\/2015\/06\/15-03_Anwenderbericht_Boehler_1_G-110x73.jpg 110w, https:\/\/www.pr-neu.de\/newsroom\/wordpress\/wp-content\/uploads\/2015\/06\/15-03_Anwenderbericht_Boehler_1_G-420x279.jpg 420w, https:\/\/www.pr-neu.de\/newsroom\/wordpress\/wp-content\/uploads\/2015\/06\/15-03_Anwenderbericht_Boehler_1_G-648x430.jpg 648w, https:\/\/www.pr-neu.de\/newsroom\/wordpress\/wp-content\/uploads\/2015\/06\/15-03_Anwenderbericht_Boehler_1_G.jpg 1795w\" sizes=\"auto, (max-width: 300px) 100vw, 300px\" \/><\/a><\/td>\n<td colspan=\"3\" height=\"21\">Im Badezimmer wurde VeroBoard Rapid direkt mit den gro\u00dfformatigen Fliesen verklebt und an der Decke direkt verputzt.<\/p>\n<p>Foto: Verotec<\/td>\n<\/tr>\n<tr>\n<td valign=\"top\" width=\"370\" height=\"25\"><a href=\"http:\/\/www.pr-neu.de\/newsroom\/wordpress\/wp-content\/uploads\/2015\/06\/15-03_Anwenderbericht_Boehler_11_G.jpg\"><img loading=\"lazy\" decoding=\"async\" class=\"aligncenter size-medium wp-image-12744\" src=\"http:\/\/www.pr-neu.de\/newsroom\/wordpress\/wp-content\/uploads\/2015\/06\/15-03_Anwenderbericht_Boehler_11_G-200x300.jpg\" alt=\"\" width=\"200\" height=\"300\" srcset=\"https:\/\/www.pr-neu.de\/newsroom\/wordpress\/wp-content\/uploads\/2015\/06\/15-03_Anwenderbericht_Boehler_11_G-200x300.jpg 200w, https:\/\/www.pr-neu.de\/newsroom\/wordpress\/wp-content\/uploads\/2015\/06\/15-03_Anwenderbericht_Boehler_11_G-683x1024.jpg 683w, https:\/\/www.pr-neu.de\/newsroom\/wordpress\/wp-content\/uploads\/2015\/06\/15-03_Anwenderbericht_Boehler_11_G-768x1152.jpg 768w, https:\/\/www.pr-neu.de\/newsroom\/wordpress\/wp-content\/uploads\/2015\/06\/15-03_Anwenderbericht_Boehler_11_G-1024x1536.jpg 1024w, https:\/\/www.pr-neu.de\/newsroom\/wordpress\/wp-content\/uploads\/2015\/06\/15-03_Anwenderbericht_Boehler_11_G-73x110.jpg 73w, https:\/\/www.pr-neu.de\/newsroom\/wordpress\/wp-content\/uploads\/2015\/06\/15-03_Anwenderbericht_Boehler_11_G-280x420.jpg 280w, https:\/\/www.pr-neu.de\/newsroom\/wordpress\/wp-content\/uploads\/2015\/06\/15-03_Anwenderbericht_Boehler_11_G-287x430.jpg 287w, https:\/\/www.pr-neu.de\/newsroom\/wordpress\/wp-content\/uploads\/2015\/06\/15-03_Anwenderbericht_Boehler_11_G.jpg 1197w\" sizes=\"auto, (max-width: 200px) 100vw, 200px\" \/><\/a><\/td>\n<td colspan=\"3\" height=\"21\">Restst\u00fccke, au\u00dfen verbaut. Praktisch, dass VeroBoard Rapid so universell einsetzbar ist.<\/p>\n<p>Foto: Verotec<\/td>\n<\/tr>\n<\/tbody>\n<\/table>\n<hr noshade=\"noshade\" size=\"1\" \/>\n<p><strong>Verotec<\/strong> entwickelt und produziert seit mehr als 25 Jahren Leichtbausysteme f\u00fcr Fassadenbau und Akustik. Seit 2014 finden sich Verotec-Leichtbauplatten im Trockenbau wieder, z. B. als Ausbauplatte Vero\u00adBoard Rapid. Auch der Schiffbau und industrielle Weiterverarbeiter profitieren von den Verarbeitungsvorteilen der hochwertigen, \u00f6kologischen VeroBoards \u00ae aus Bl\u00e4hglas und Verolith. Am Standort Lauingen (Donau) produzieren \u00fcber 120 Mitarbeiter mehr als 1,4 Millionen Quadratmeter Leichtbauplatten pro Jahr. Das f\u00fcr Umweltschutz und Qualit\u00e4t zertifizierte Unternehmen entwickelte die weltweit erste Passivhaus-zertifizierte Unterkonstruktion f\u00fcr vorgeh\u00e4ngte hinterl\u00fcftete Fassadensysteme (VHF). Die Verotec GmbH ist ein Unternehmen der Sto Group und bildet zusammen mit dem eigenen Tochterunternehmen VeroStone GmbH das \u201eKompetenz-Center Werkstoffe\u201c.<\/p>\n<hr noshade=\"noshade\" size=\"1\" \/>\n<p>Abdruck honorarfrei, Belegexemplar erbeten.<\/p>\n","protected":false},"excerpt":{"rendered":"<p>Wohntraum Dach: Ausbau mit neuer Leichtbauplatte Familie B\u00f6hler hat sich ihren Traum vom Wohnen unterm Dach erf\u00fcllt \u2013 mit einem neuen Dachgeschoss auf einem robusten Altbau. Ihre kreativen Ideen setzen sie in Trockenbauweise um. Statt konventionellen Gipsarten verwendeten die B\u00f6hlers Leichtbauplatten aus Bl\u00e4hglas (VeroBoard Rapid von Verotec). Diese sind formbar, hoch belastbar und leicht zu [&hellip;]<\/p>\n","protected":false},"author":6,"featured_media":7615,"comment_status":"closed","ping_status":"open","sticky":false,"template":"","format":"standard","meta":{"footnotes":""},"categories":[3,22],"tags":[],"class_list":["post-3553","post","type-post","status-publish","format-standard","has-post-thumbnail","hentry","category-kundenmeldungen","category-verotec"],"_links":{"self":[{"href":"https:\/\/www.pr-neu.de\/newsroom\/wp-json\/wp\/v2\/posts\/3553","targetHints":{"allow":["GET"]}}],"collection":[{"href":"https:\/\/www.pr-neu.de\/newsroom\/wp-json\/wp\/v2\/posts"}],"about":[{"href":"https:\/\/www.pr-neu.de\/newsroom\/wp-json\/wp\/v2\/types\/post"}],"author":[{"embeddable":true,"href":"https:\/\/www.pr-neu.de\/newsroom\/wp-json\/wp\/v2\/users\/6"}],"replies":[{"embeddable":true,"href":"https:\/\/www.pr-neu.de\/newsroom\/wp-json\/wp\/v2\/comments?post=3553"}],"version-history":[{"count":5,"href":"https:\/\/www.pr-neu.de\/newsroom\/wp-json\/wp\/v2\/posts\/3553\/revisions"}],"predecessor-version":[{"id":12745,"href":"https:\/\/www.pr-neu.de\/newsroom\/wp-json\/wp\/v2\/posts\/3553\/revisions\/12745"}],"wp:featuredmedia":[{"embeddable":true,"href":"https:\/\/www.pr-neu.de\/newsroom\/wp-json\/wp\/v2\/media\/7615"}],"wp:attachment":[{"href":"https:\/\/www.pr-neu.de\/newsroom\/wp-json\/wp\/v2\/media?parent=3553"}],"wp:term":[{"taxonomy":"category","embeddable":true,"href":"https:\/\/www.pr-neu.de\/newsroom\/wp-json\/wp\/v2\/categories?post=3553"},{"taxonomy":"post_tag","embeddable":true,"href":"https:\/\/www.pr-neu.de\/newsroom\/wp-json\/wp\/v2\/tags?post=3553"}],"curies":[{"name":"wp","href":"https:\/\/api.w.org\/{rel}","templated":true}]}}