{"id":3549,"date":"2015-06-26T12:48:44","date_gmt":"2015-06-26T12:48:44","guid":{"rendered":"http:\/\/www.pr-nord.de\/newsroom\/?p=3549"},"modified":"2020-05-28T15:02:00","modified_gmt":"2020-05-28T13:02:00","slug":"neugebaut-und-ausgebaut","status":"publish","type":"post","link":"https:\/\/www.pr-neu.de\/newsroom\/neugebaut-und-ausgebaut\/","title":{"rendered":"Neugebaut und ausgebaut"},"content":{"rendered":"<p><span style=\"text-decoration: underline;\">Dachgeschoss-Innenausbau mit Leichtbauplatten aus Bl\u00e4hglas<\/span><\/p>\n<p><strong> Das alte Dachgeschoss zum Wohnraum umzuwandeln war im Fall der Familie B\u00f6hler vor allem eine umfangreiche Neubau-Aufgabe: Die baulichen Voraussetzungen und die veraltete Technik erforderten den Abriss mit anschlie\u00dfendem Neubau. Im Vergleich dazu lief der Innenausbau schnell. Mit leichten Trockenbauplatten aus Bl\u00e4hglas (VeroBoard Rapid von Verotec) lie\u00dfen sich die Bauherren-W\u00fcnsche an die Innenarchitektur einfach umsetzen \u2013 Arbeitsschritte wie Spachteln, Schleifen und Grundieren entfallen sogar ganz.<\/strong><\/p>\n<p>Das Dachgeschoss des Elternhauses aus den 60er Jahren zum Wohnraum ausbauen \u2013 die Idee setzte jetzt die vierk\u00f6pfige Familie B\u00f6hler aus dem Schwarzwald in die Tat um. Ihr Plan: ein gro\u00dfgeschnittener Wohnraum mit offener K\u00fcche, zwei separaten Kinderzimmern, Eltern-Schlafzimmer und Bad. Auf den bestehenden 90 Quadratmetern waren die Grenzen schnell erreicht: Zu wenig Fl\u00e4che, zu viele Dachschr\u00e4gen, veraltete Elektrik, schlecht ged\u00e4mmtes Dach. Die L\u00f6sung: Abriss und Neubau mit Aufstockung des Dachgeschosses \u2013 bei nahezu gleichem finanziellem Aufwand.<\/p>\n<p>F\u00fcr mehr Gestaltungsspielraum wurde die Nutzfl\u00e4che durch den Einbau von gro\u00dfen Gauben vergr\u00f6\u00dfert. \u201eBis zum Genehmigungsverfahren wurden wir von einem Architekten beraten. Der Innenausbau als Holzbau erfolgte in enger Zusammenarbeit mit einem Zimmermann und in Eigenregie\u201c, sagt Bauherr Ralf B\u00f6hler. Verkleidet wurden die W\u00e4nde mit VeroBoard Rapid, einer Leichtbauplatte aus 96 Prozent Bl\u00e4hglas-Granulat (Hersteller: Verotec, Lauingen).<\/p>\n<p><strong> Einfach verarbeitet, auch an schwierigen Stellen<\/strong><\/p>\n<p>\u201eDiese leichte Trockenbauplatte bot uns enorme Verarbeitungsvorteile: Sie ist sehr stabil und wirkt schalld\u00e4mmend. Daher reichte eine einfache Beplankung aus. Da wir weder spachteln, schleifen oder grundieren mussten, sparten wir etwas Trocknungszeit und vor allem viel Arbeitszeit\u201c, betont B\u00f6hler. Die gesamte Arbeit verlief sehr staubarm. Sto\u00dffugen wurden lediglich mit einem Glasgewebeband kaschiert. So konnten Putz und Fliesen direkt aufgebracht werden \u2013 auch in den Feuchtr\u00e4umen. Weil gebl\u00e4htes Glas alkalisch und das Gewebe mineralisch ist, bildet sich ein feuchtigkeitsunempfindlicher Untergrund, der Schimmel keinen N\u00e4hrboden bietet.<\/p>\n<p>Etwas mehr Arbeit erforderten die Nischen und Durchblicke, die der Wohnung ein individuelles Gesicht geben: Um die Fl\u00e4chen mit zu beplanken, waren viele Zuschnitte n\u00f6tig. Aufgrund der einfachen Verarbeitbarkeit der Bauplatten ging auch diese Arbeit schnell von der Hand. Weil die Platten formbar sind, lie\u00dfen sich sogar Rundungen problemlos mit den VeroBoards verkleiden.<\/p>\n<p>Innerhalb weniger Tage wurden rund 380 Quadratmeter Bl\u00e4hglasplatten verbaut. Auch au\u00dfen, zum Verkleiden der Balkonbr\u00fcstung, kamen sie zum Einsatz. \u201eWir hatten von Anfang an sehr konkrete Vorstellungen, aber ein begrenztes Budget. Dadurch, dass VeroBoard Rapid so universell einsetzbar ist und wir beim Material auf Spachtel und Grundierung verzichten konnten, sparten wir uns viel Arbeits- und Materialaufwand. Das half uns, unsere Ideen zu realisieren\u201c, freut sich Ralf B\u00f6hler.<\/p>\n<hr noshade=\"noshade\" size=\"1\" \/>\n<p><strong>Kein Spachteln, Schleifen, Grundieren <\/strong><\/p>\n<p>Beim Trockenbau sind die Leichtbauplatten aus Bl\u00e4hglas \u201eVeroBoard Rapid\u201c eine universelle Alternative zu konventionellen Gipskartonplatten. Sie sind \u00e4u\u00dferst stabil, innen wie au\u00dfen und sogar in Feuchtr\u00e4umen einsetzbar. Sie werden \u2013 nur einlagig \u2013 auf Holz- oder Metallunterkonstruktionen montiert oder direkt auf Mauerwerk geklebt, Sto\u00dffugen mit einem Glasgewebeband kaschiert und der Oberfl\u00e4chenbelag direkt aufgebracht. Durch den Wegfall des Schleifens bleibt die Verarbeitung sehr staubarm.<\/p>\n<p><strong> Formbar, belastbar, schalld\u00e4mmend <\/strong><\/p>\n<p>Mit den Bauplatten sind Radien ab zwei Meter ohne vorheriges Einschlitzen m\u00f6glich. Lasten mit bis zu 70 Kilogramm pro D\u00fcbel tragen sie problemlos. Dabei absorbieren sie Schall hochwirksam mit 47 dB bei nur einlagiger Beplankung.<\/p>\n<p><strong> \u00d6kologisch, mineralisch, wohngesund <\/strong><\/p>\n<p>F\u00fcr ein gesundes Raumklima: Das Bl\u00e4hglas ist alkalisch und das Gewebe mineralisch. Auf diesem feuchtigkeitsunempfindlichen Untergrund hat Schimmel keine Chance.<\/p>\n<hr noshade=\"noshade\" size=\"1\" \/>\n<table style=\"height: 2490px;\" border=\"0\" width=\"705\" cellspacing=\"0\" cellpadding=\"0\">\n<tbody>\n<tr>\n<td valign=\"top\" width=\"370\" height=\"25\"><a href=\"http:\/\/www.pr-neu.de\/newsroom\/wordpress\/wp-content\/uploads\/2015\/06\/15-03_Anwenderbericht_Boehler_12_G.jpg\"><img loading=\"lazy\" decoding=\"async\" class=\"aligncenter size-medium wp-image-12735\" src=\"http:\/\/www.pr-neu.de\/newsroom\/wordpress\/wp-content\/uploads\/2015\/06\/15-03_Anwenderbericht_Boehler_12_G-300x193.jpg\" alt=\"\" width=\"300\" height=\"193\" srcset=\"https:\/\/www.pr-neu.de\/newsroom\/wordpress\/wp-content\/uploads\/2015\/06\/15-03_Anwenderbericht_Boehler_12_G-300x193.jpg 300w, https:\/\/www.pr-neu.de\/newsroom\/wordpress\/wp-content\/uploads\/2015\/06\/15-03_Anwenderbericht_Boehler_12_G-1024x660.jpg 1024w, https:\/\/www.pr-neu.de\/newsroom\/wordpress\/wp-content\/uploads\/2015\/06\/15-03_Anwenderbericht_Boehler_12_G-768x495.jpg 768w, https:\/\/www.pr-neu.de\/newsroom\/wordpress\/wp-content\/uploads\/2015\/06\/15-03_Anwenderbericht_Boehler_12_G-1536x990.jpg 1536w, https:\/\/www.pr-neu.de\/newsroom\/wordpress\/wp-content\/uploads\/2015\/06\/15-03_Anwenderbericht_Boehler_12_G-110x71.jpg 110w, https:\/\/www.pr-neu.de\/newsroom\/wordpress\/wp-content\/uploads\/2015\/06\/15-03_Anwenderbericht_Boehler_12_G-420x271.jpg 420w, https:\/\/www.pr-neu.de\/newsroom\/wordpress\/wp-content\/uploads\/2015\/06\/15-03_Anwenderbericht_Boehler_12_G-667x430.jpg 667w, https:\/\/www.pr-neu.de\/newsroom\/wordpress\/wp-content\/uploads\/2015\/06\/15-03_Anwenderbericht_Boehler_12_G.jpg 1795w\" sizes=\"auto, (max-width: 300px) 100vw, 300px\" \/><\/a><\/td>\n<td colspan=\"3\" height=\"21\">Der alte Dachstuhl wurde bis zur Geschossdecke abgetragen und neu aufgebaut (links im Bauzustand, rechts nach Fertigstellung).<\/p>\n<p>Bild: Verotec<\/td>\n<\/tr>\n<tr>\n<td valign=\"top\" width=\"370\" height=\"25\"><a href=\"http:\/\/www.pr-neu.de\/newsroom\/wordpress\/wp-content\/uploads\/2015\/06\/15-03_Anwenderbericht_Boehler_3_G-1.jpg\"><img loading=\"lazy\" decoding=\"async\" class=\"aligncenter size-medium wp-image-12736\" src=\"http:\/\/www.pr-neu.de\/newsroom\/wordpress\/wp-content\/uploads\/2015\/06\/15-03_Anwenderbericht_Boehler_3_G-1-300x200.jpg\" alt=\"\" width=\"300\" height=\"200\" srcset=\"https:\/\/www.pr-neu.de\/newsroom\/wordpress\/wp-content\/uploads\/2015\/06\/15-03_Anwenderbericht_Boehler_3_G-1-300x200.jpg 300w, https:\/\/www.pr-neu.de\/newsroom\/wordpress\/wp-content\/uploads\/2015\/06\/15-03_Anwenderbericht_Boehler_3_G-1-1024x683.jpg 1024w, https:\/\/www.pr-neu.de\/newsroom\/wordpress\/wp-content\/uploads\/2015\/06\/15-03_Anwenderbericht_Boehler_3_G-1-768x512.jpg 768w, https:\/\/www.pr-neu.de\/newsroom\/wordpress\/wp-content\/uploads\/2015\/06\/15-03_Anwenderbericht_Boehler_3_G-1-1536x1024.jpg 1536w, https:\/\/www.pr-neu.de\/newsroom\/wordpress\/wp-content\/uploads\/2015\/06\/15-03_Anwenderbericht_Boehler_3_G-1-110x73.jpg 110w, https:\/\/www.pr-neu.de\/newsroom\/wordpress\/wp-content\/uploads\/2015\/06\/15-03_Anwenderbericht_Boehler_3_G-1-420x280.jpg 420w, https:\/\/www.pr-neu.de\/newsroom\/wordpress\/wp-content\/uploads\/2015\/06\/15-03_Anwenderbericht_Boehler_3_G-1-645x430.jpg 645w, https:\/\/www.pr-neu.de\/newsroom\/wordpress\/wp-content\/uploads\/2015\/06\/15-03_Anwenderbericht_Boehler_3_G-1.jpg 1795w\" sizes=\"auto, (max-width: 300px) 100vw, 300px\" \/><\/a><\/td>\n<td colspan=\"3\" height=\"21\">Der alte Dachstuhl wurde bis zur Geschossdecke abgetragen und neu aufgebaut (links im Bauzustand, rechts nach Fertigstellung).<\/p>\n<p>Bild: Verotec<\/td>\n<\/tr>\n<tr>\n<td valign=\"top\" width=\"370\" height=\"25\"><a href=\"http:\/\/www.pr-neu.de\/newsroom\/wordpress\/wp-content\/uploads\/2015\/06\/15-03_Anwenderbericht_Boehler_10_G.jpg\"><img loading=\"lazy\" decoding=\"async\" class=\"aligncenter size-medium wp-image-12738\" src=\"http:\/\/www.pr-neu.de\/newsroom\/wordpress\/wp-content\/uploads\/2015\/06\/15-03_Anwenderbericht_Boehler_10_G-265x300.jpg\" alt=\"\" width=\"265\" height=\"300\" srcset=\"https:\/\/www.pr-neu.de\/newsroom\/wordpress\/wp-content\/uploads\/2015\/06\/15-03_Anwenderbericht_Boehler_10_G-265x300.jpg 265w, https:\/\/www.pr-neu.de\/newsroom\/wordpress\/wp-content\/uploads\/2015\/06\/15-03_Anwenderbericht_Boehler_10_G-906x1024.jpg 906w, https:\/\/www.pr-neu.de\/newsroom\/wordpress\/wp-content\/uploads\/2015\/06\/15-03_Anwenderbericht_Boehler_10_G-768x868.jpg 768w, https:\/\/www.pr-neu.de\/newsroom\/wordpress\/wp-content\/uploads\/2015\/06\/15-03_Anwenderbericht_Boehler_10_G-1359x1536.jpg 1359w, https:\/\/www.pr-neu.de\/newsroom\/wordpress\/wp-content\/uploads\/2015\/06\/15-03_Anwenderbericht_Boehler_10_G-97x110.jpg 97w, https:\/\/www.pr-neu.de\/newsroom\/wordpress\/wp-content\/uploads\/2015\/06\/15-03_Anwenderbericht_Boehler_10_G-372x420.jpg 372w, https:\/\/www.pr-neu.de\/newsroom\/wordpress\/wp-content\/uploads\/2015\/06\/15-03_Anwenderbericht_Boehler_10_G-380x430.jpg 380w, https:\/\/www.pr-neu.de\/newsroom\/wordpress\/wp-content\/uploads\/2015\/06\/15-03_Anwenderbericht_Boehler_10_G.jpg 1588w\" sizes=\"auto, (max-width: 265px) 100vw, 265px\" \/><\/a><\/td>\n<td colspan=\"3\" height=\"21\">Optische Raffinesse und praktische Ablage: Die vielen Zuschnitte f\u00fcr die Ecken und Kanten gingen mit VeroBoard Rapid schnell von der Hand.<\/p>\n<p>Foto: Verotec<\/td>\n<\/tr>\n<tr>\n<td valign=\"top\" width=\"370\" height=\"25\"><a href=\"http:\/\/www.pr-neu.de\/newsroom\/wordpress\/wp-content\/uploads\/2015\/06\/15-03_Anwenderbericht_Boehler_2_G.jpg\"><img loading=\"lazy\" decoding=\"async\" class=\"aligncenter size-medium wp-image-12737\" src=\"http:\/\/www.pr-neu.de\/newsroom\/wordpress\/wp-content\/uploads\/2015\/06\/15-03_Anwenderbericht_Boehler_2_G-200x300.jpg\" alt=\"\" width=\"200\" height=\"300\" srcset=\"https:\/\/www.pr-neu.de\/newsroom\/wordpress\/wp-content\/uploads\/2015\/06\/15-03_Anwenderbericht_Boehler_2_G-200x300.jpg 200w, https:\/\/www.pr-neu.de\/newsroom\/wordpress\/wp-content\/uploads\/2015\/06\/15-03_Anwenderbericht_Boehler_2_G-683x1024.jpg 683w, https:\/\/www.pr-neu.de\/newsroom\/wordpress\/wp-content\/uploads\/2015\/06\/15-03_Anwenderbericht_Boehler_2_G-768x1152.jpg 768w, https:\/\/www.pr-neu.de\/newsroom\/wordpress\/wp-content\/uploads\/2015\/06\/15-03_Anwenderbericht_Boehler_2_G-1024x1536.jpg 1024w, https:\/\/www.pr-neu.de\/newsroom\/wordpress\/wp-content\/uploads\/2015\/06\/15-03_Anwenderbericht_Boehler_2_G-73x110.jpg 73w, https:\/\/www.pr-neu.de\/newsroom\/wordpress\/wp-content\/uploads\/2015\/06\/15-03_Anwenderbericht_Boehler_2_G-280x420.jpg 280w, https:\/\/www.pr-neu.de\/newsroom\/wordpress\/wp-content\/uploads\/2015\/06\/15-03_Anwenderbericht_Boehler_2_G-287x430.jpg 287w, https:\/\/www.pr-neu.de\/newsroom\/wordpress\/wp-content\/uploads\/2015\/06\/15-03_Anwenderbericht_Boehler_2_G.jpg 1197w\" sizes=\"auto, (max-width: 200px) 100vw, 200px\" \/><\/a><\/td>\n<td colspan=\"3\" height=\"21\">Optische Raffinesse und praktische Ablage: Die vielen Zuschnitte f\u00fcr die Ecken und Kanten gingen mit VeroBoard Rapid schnell von der Hand.<\/p>\n<p>Foto: Verotec<\/td>\n<\/tr>\n<tr>\n<td valign=\"top\" width=\"370\" height=\"25\"><a href=\"http:\/\/www.pr-neu.de\/newsroom\/wordpress\/wp-content\/uploads\/2015\/06\/15-03_Anwenderbericht_Boehler_9_G.jpg\"><img loading=\"lazy\" decoding=\"async\" class=\"aligncenter size-medium wp-image-12742\" src=\"http:\/\/www.pr-neu.de\/newsroom\/wordpress\/wp-content\/uploads\/2015\/06\/15-03_Anwenderbericht_Boehler_9_G-300x289.jpg\" alt=\"\" width=\"300\" height=\"289\" srcset=\"https:\/\/www.pr-neu.de\/newsroom\/wordpress\/wp-content\/uploads\/2015\/06\/15-03_Anwenderbericht_Boehler_9_G-300x289.jpg 300w, https:\/\/www.pr-neu.de\/newsroom\/wordpress\/wp-content\/uploads\/2015\/06\/15-03_Anwenderbericht_Boehler_9_G-1024x987.jpg 1024w, https:\/\/www.pr-neu.de\/newsroom\/wordpress\/wp-content\/uploads\/2015\/06\/15-03_Anwenderbericht_Boehler_9_G-768x741.jpg 768w, https:\/\/www.pr-neu.de\/newsroom\/wordpress\/wp-content\/uploads\/2015\/06\/15-03_Anwenderbericht_Boehler_9_G-1536x1481.jpg 1536w, https:\/\/www.pr-neu.de\/newsroom\/wordpress\/wp-content\/uploads\/2015\/06\/15-03_Anwenderbericht_Boehler_9_G-110x106.jpg 110w, https:\/\/www.pr-neu.de\/newsroom\/wordpress\/wp-content\/uploads\/2015\/06\/15-03_Anwenderbericht_Boehler_9_G-420x405.jpg 420w, https:\/\/www.pr-neu.de\/newsroom\/wordpress\/wp-content\/uploads\/2015\/06\/15-03_Anwenderbericht_Boehler_9_G-446x430.jpg 446w, https:\/\/www.pr-neu.de\/newsroom\/wordpress\/wp-content\/uploads\/2015\/06\/15-03_Anwenderbericht_Boehler_9_G.jpg 1795w\" sizes=\"auto, (max-width: 300px) 100vw, 300px\" \/><\/a><\/td>\n<td colspan=\"3\" height=\"21\">Im Badezimmer wurde VeroBoard Rapid direkt mit den gro\u00dfformatigen Fliesen verklebt und an der Decke direkt verputzt. Lediglich die wasserablaufenden Zonen waren gesondert abzudichten.<\/p>\n<p>Bild: Verotec<\/td>\n<\/tr>\n<tr>\n<td valign=\"top\" width=\"370\" height=\"25\"><a href=\"http:\/\/www.pr-neu.de\/newsroom\/wordpress\/wp-content\/uploads\/2015\/06\/15-03_Anwenderbericht_Boehler_1_G.jpg\"><img loading=\"lazy\" decoding=\"async\" class=\"aligncenter size-medium wp-image-12743\" src=\"http:\/\/www.pr-neu.de\/newsroom\/wordpress\/wp-content\/uploads\/2015\/06\/15-03_Anwenderbericht_Boehler_1_G-300x199.jpg\" alt=\"\" width=\"300\" height=\"199\" srcset=\"https:\/\/www.pr-neu.de\/newsroom\/wordpress\/wp-content\/uploads\/2015\/06\/15-03_Anwenderbericht_Boehler_1_G-300x199.jpg 300w, https:\/\/www.pr-neu.de\/newsroom\/wordpress\/wp-content\/uploads\/2015\/06\/15-03_Anwenderbericht_Boehler_1_G-1024x679.jpg 1024w, https:\/\/www.pr-neu.de\/newsroom\/wordpress\/wp-content\/uploads\/2015\/06\/15-03_Anwenderbericht_Boehler_1_G-768x510.jpg 768w, https:\/\/www.pr-neu.de\/newsroom\/wordpress\/wp-content\/uploads\/2015\/06\/15-03_Anwenderbericht_Boehler_1_G-1536x1019.jpg 1536w, https:\/\/www.pr-neu.de\/newsroom\/wordpress\/wp-content\/uploads\/2015\/06\/15-03_Anwenderbericht_Boehler_1_G-110x73.jpg 110w, https:\/\/www.pr-neu.de\/newsroom\/wordpress\/wp-content\/uploads\/2015\/06\/15-03_Anwenderbericht_Boehler_1_G-420x279.jpg 420w, https:\/\/www.pr-neu.de\/newsroom\/wordpress\/wp-content\/uploads\/2015\/06\/15-03_Anwenderbericht_Boehler_1_G-648x430.jpg 648w, https:\/\/www.pr-neu.de\/newsroom\/wordpress\/wp-content\/uploads\/2015\/06\/15-03_Anwenderbericht_Boehler_1_G.jpg 1795w\" sizes=\"auto, (max-width: 300px) 100vw, 300px\" \/><\/a><\/td>\n<td colspan=\"3\" height=\"21\">Im Badezimmer wurde VeroBoard Rapid direkt mit den gro\u00dfformatigen Fliesen verklebt und an der Decke direkt verputzt. Lediglich die wasserablaufenden Zonen waren gesondert abzudichten.<\/p>\n<p>Bild: Verotec<\/td>\n<\/tr>\n<tr>\n<td valign=\"top\" width=\"370\" height=\"25\"><a href=\"http:\/\/www.pr-neu.de\/newsroom\/wordpress\/wp-content\/uploads\/2015\/06\/15-03_Anwenderbericht_Boehler_11_G.jpg\"><img loading=\"lazy\" decoding=\"async\" class=\"aligncenter size-medium wp-image-12744\" src=\"http:\/\/www.pr-neu.de\/newsroom\/wordpress\/wp-content\/uploads\/2015\/06\/15-03_Anwenderbericht_Boehler_11_G-200x300.jpg\" alt=\"\" width=\"200\" height=\"300\" srcset=\"https:\/\/www.pr-neu.de\/newsroom\/wordpress\/wp-content\/uploads\/2015\/06\/15-03_Anwenderbericht_Boehler_11_G-200x300.jpg 200w, https:\/\/www.pr-neu.de\/newsroom\/wordpress\/wp-content\/uploads\/2015\/06\/15-03_Anwenderbericht_Boehler_11_G-683x1024.jpg 683w, https:\/\/www.pr-neu.de\/newsroom\/wordpress\/wp-content\/uploads\/2015\/06\/15-03_Anwenderbericht_Boehler_11_G-768x1152.jpg 768w, https:\/\/www.pr-neu.de\/newsroom\/wordpress\/wp-content\/uploads\/2015\/06\/15-03_Anwenderbericht_Boehler_11_G-1024x1536.jpg 1024w, https:\/\/www.pr-neu.de\/newsroom\/wordpress\/wp-content\/uploads\/2015\/06\/15-03_Anwenderbericht_Boehler_11_G-73x110.jpg 73w, https:\/\/www.pr-neu.de\/newsroom\/wordpress\/wp-content\/uploads\/2015\/06\/15-03_Anwenderbericht_Boehler_11_G-280x420.jpg 280w, https:\/\/www.pr-neu.de\/newsroom\/wordpress\/wp-content\/uploads\/2015\/06\/15-03_Anwenderbericht_Boehler_11_G-287x430.jpg 287w, https:\/\/www.pr-neu.de\/newsroom\/wordpress\/wp-content\/uploads\/2015\/06\/15-03_Anwenderbericht_Boehler_11_G.jpg 1197w\" sizes=\"auto, (max-width: 200px) 100vw, 200px\" \/><\/a><\/td>\n<td colspan=\"3\" height=\"21\">Sogar an der Balkonbr\u00fcstung verbaut: Die universellen Leichtbauplatten sind auch im Au\u00dfenbereich einsetzbar.<\/p>\n<p>Foto: Verotec<\/td>\n<\/tr>\n<tr>\n<td valign=\"top\" width=\"370\" height=\"25\"><a href=\"http:\/\/www.pr-neu.de\/newsroom\/wordpress\/wp-content\/uploads\/2015\/06\/15-03_Anwenderbericht_Boehler_5_G-1.jpg\"><img loading=\"lazy\" decoding=\"async\" class=\"aligncenter size-medium wp-image-12747\" src=\"http:\/\/www.pr-neu.de\/newsroom\/wordpress\/wp-content\/uploads\/2015\/06\/15-03_Anwenderbericht_Boehler_5_G-1-300x200.jpg\" alt=\"\" width=\"300\" height=\"200\" srcset=\"https:\/\/www.pr-neu.de\/newsroom\/wordpress\/wp-content\/uploads\/2015\/06\/15-03_Anwenderbericht_Boehler_5_G-1-300x200.jpg 300w, https:\/\/www.pr-neu.de\/newsroom\/wordpress\/wp-content\/uploads\/2015\/06\/15-03_Anwenderbericht_Boehler_5_G-1-1024x683.jpg 1024w, https:\/\/www.pr-neu.de\/newsroom\/wordpress\/wp-content\/uploads\/2015\/06\/15-03_Anwenderbericht_Boehler_5_G-1-768x512.jpg 768w, https:\/\/www.pr-neu.de\/newsroom\/wordpress\/wp-content\/uploads\/2015\/06\/15-03_Anwenderbericht_Boehler_5_G-1-1536x1024.jpg 1536w, https:\/\/www.pr-neu.de\/newsroom\/wordpress\/wp-content\/uploads\/2015\/06\/15-03_Anwenderbericht_Boehler_5_G-1-110x73.jpg 110w, https:\/\/www.pr-neu.de\/newsroom\/wordpress\/wp-content\/uploads\/2015\/06\/15-03_Anwenderbericht_Boehler_5_G-1-420x280.jpg 420w, https:\/\/www.pr-neu.de\/newsroom\/wordpress\/wp-content\/uploads\/2015\/06\/15-03_Anwenderbericht_Boehler_5_G-1-645x430.jpg 645w, https:\/\/www.pr-neu.de\/newsroom\/wordpress\/wp-content\/uploads\/2015\/06\/15-03_Anwenderbericht_Boehler_5_G-1.jpg 1795w\" sizes=\"auto, (max-width: 300px) 100vw, 300px\" \/><\/a><\/td>\n<td colspan=\"3\" height=\"21\">Bauherr Ralf B\u00f6hler: \u201eIm Innenausbau mit VeroBoard Rapid bin ich jetzt Spezialist. Einige Freunde haben mich schon f\u00fcr ihre n\u00e4chsten Bauprojekte angefragt.\u201c<\/p>\n<p>Bild: Verotec<\/td>\n<\/tr>\n<\/tbody>\n<\/table>\n<hr noshade=\"noshade\" size=\"1\" \/>\n<p><strong>Verotec<\/strong> entwickelt und produziert seit mehr als 25 Jahren Leichtbausysteme f\u00fcr Fassadenbau und Akustik. Seit 2014 finden sich Verotec-Leichtbauplatten im Trockenbau wieder, z. B. als Ausbauplatte Vero\u00adBoard Rapid. Auch der Schiffbau und industrielle Weiterverarbeiter profitieren von den Verarbeitungsvorteilen der hochwertigen, \u00f6kologischen VeroBoards \u00ae aus Bl\u00e4hglas und Verolith. Am Standort Lauingen (Donau) produzieren \u00fcber 120 Mitarbeiter mehr als 1,4 Millionen Quadratmeter Leichtbauplatten pro Jahr. Das f\u00fcr Umweltschutz und Qualit\u00e4t zertifizierte Unternehmen entwickelte die weltweit erste Passivhaus-zertifizierte Unterkonstruktion f\u00fcr vorgeh\u00e4ngte hinterl\u00fcftete Fassadensysteme (VHF). Die Verotec GmbH ist ein Unternehmen der Sto Group und bildet zusammen mit dem eigenen Tochterunternehmen VeroStone GmbH das \u201eKompetenz-Center Werkstoffe\u201c.<\/p>\n<hr noshade=\"noshade\" size=\"1\" \/>\n<p>Abdruck honorarfrei, Belegexemplar erbeten.<\/p>\n","protected":false},"excerpt":{"rendered":"<p>Dachgeschoss-Innenausbau mit Leichtbauplatten aus Bl\u00e4hglas Das alte Dachgeschoss zum Wohnraum umzuwandeln war im Fall der Familie B\u00f6hler vor allem eine umfangreiche Neubau-Aufgabe: Die baulichen Voraussetzungen und die veraltete Technik erforderten den Abriss mit anschlie\u00dfendem Neubau. Im Vergleich dazu lief der Innenausbau schnell. Mit leichten Trockenbauplatten aus Bl\u00e4hglas (VeroBoard Rapid von Verotec) lie\u00dfen sich die Bauherren-W\u00fcnsche [&hellip;]<\/p>\n","protected":false},"author":6,"featured_media":7618,"comment_status":"closed","ping_status":"open","sticky":false,"template":"","format":"standard","meta":{"footnotes":""},"categories":[3,22],"tags":[],"class_list":["post-3549","post","type-post","status-publish","format-standard","has-post-thumbnail","hentry","category-kundenmeldungen","category-verotec"],"_links":{"self":[{"href":"https:\/\/www.pr-neu.de\/newsroom\/wp-json\/wp\/v2\/posts\/3549","targetHints":{"allow":["GET"]}}],"collection":[{"href":"https:\/\/www.pr-neu.de\/newsroom\/wp-json\/wp\/v2\/posts"}],"about":[{"href":"https:\/\/www.pr-neu.de\/newsroom\/wp-json\/wp\/v2\/types\/post"}],"author":[{"embeddable":true,"href":"https:\/\/www.pr-neu.de\/newsroom\/wp-json\/wp\/v2\/users\/6"}],"replies":[{"embeddable":true,"href":"https:\/\/www.pr-neu.de\/newsroom\/wp-json\/wp\/v2\/comments?post=3549"}],"version-history":[{"count":5,"href":"https:\/\/www.pr-neu.de\/newsroom\/wp-json\/wp\/v2\/posts\/3549\/revisions"}],"predecessor-version":[{"id":12748,"href":"https:\/\/www.pr-neu.de\/newsroom\/wp-json\/wp\/v2\/posts\/3549\/revisions\/12748"}],"wp:featuredmedia":[{"embeddable":true,"href":"https:\/\/www.pr-neu.de\/newsroom\/wp-json\/wp\/v2\/media\/7618"}],"wp:attachment":[{"href":"https:\/\/www.pr-neu.de\/newsroom\/wp-json\/wp\/v2\/media?parent=3549"}],"wp:term":[{"taxonomy":"category","embeddable":true,"href":"https:\/\/www.pr-neu.de\/newsroom\/wp-json\/wp\/v2\/categories?post=3549"},{"taxonomy":"post_tag","embeddable":true,"href":"https:\/\/www.pr-neu.de\/newsroom\/wp-json\/wp\/v2\/tags?post=3549"}],"curies":[{"name":"wp","href":"https:\/\/api.w.org\/{rel}","templated":true}]}}