{"id":3508,"date":"2015-06-16T07:50:42","date_gmt":"2015-06-16T07:50:42","guid":{"rendered":"http:\/\/www.pr-nord.de\/newsroom\/?p=3508"},"modified":"2020-05-28T15:03:28","modified_gmt":"2020-05-28T13:03:28","slug":"glas-gletscher-trotzt-klimawandel","status":"publish","type":"post","link":"https:\/\/www.pr-neu.de\/newsroom\/glas-gletscher-trotzt-klimawandel\/","title":{"rendered":"Glas-Gletscher trotzt Klimawandel"},"content":{"rendered":"<p><span style=\"text-decoration: underline;\">\u201eGlasi\u00e4ren\u201c, G\u00f6teborg: Dimmbares Glas \u2013 nordic style<\/span><\/p>\n<p><strong>Ein Gletscher mitten in der Gro\u00dfstadt? So etwas gibt\u2019s nur in Schweden \u2013 und zwar in G\u00f6teborg: Hier entstand 2014 im Trendviertel Kvilb\u00e4cka \u201eGlasi\u00e4ren\u201c, ein sechsst\u00f6ckiges, bl\u00e4ulich schimmerndes Gesch\u00e4ftsgeb\u00e4ude. Damit sich dieser \u201eGletscher\u201c \u2013 denn nichts anderes bedeutet Glasi\u00e4ren \u2013 nicht aufheizt, entschieden sich die Bauherren f\u00fcr dimmbares Sonnenschutzglas von EControl-Glas (Plauen). Damit werden g-Wert und Lichttransmission automatisch per Sensor je nach Sonneneinstrahlung und individuellem Bed\u00fcrfnis angepasst \u2013 der Glasbau bleibt ganzj\u00e4hrig angenehm klimatisiert und gleichzeitig hell und transparent.<\/strong><\/p>\n<p>G\u00f6teborg, Schweden: War der Stadtteil Kvilb\u00e4cka im Osten der Metropole bis vor wenigen Jahren noch eine weniger vornehme Adresse, so erlebt das Viertel derzeit eine gro\u00dfe Verwandlung. Im Rahmen einer st\u00e4dtebaulichen Transformation entstanden und entstehen hier rund 2.000 neue Wohn- und Gesch\u00e4ftsgeb\u00e4ude, Einkaufszentren und Restaurants. Das Viertel entwickelt sich zum attraktiven Arbeits- und Lebensraum f\u00fcr rund 10.000 Einwohner.<\/p>\n<p>Unter den Neubauten sticht einer heraus: Glasi\u00e4ren, der \u201eGletscher\u201c. Der bl\u00e4ulich schimmernde Neubau vereint auf sechs Etagen Gesch\u00e4fte, ein Fitnesszentrum, B\u00fcror\u00e4ume sowie eine Parketage. Das Geb\u00e4ude fungiert zudem als Schalld\u00e4mpfer zwischen Wohngebiet und Verkehrsader. Die Besonderheit: In der Fassade sind fast 1.000 Quadratmeter des dimmbaren Glases ECONTROL eingesetzt \u2013 das Ganze wirkt wie ein nordisches Gebilde aus Eis.<\/p>\n<p><strong>Eine Sonnenbrille f\u00fcr die Glasfassade<\/strong><\/p>\n<p>Der Bauherr (AF Gruppen), ein f\u00fchrendes norwegisches Bauunternehmen, stand bei der Realisierung dieses Projektes vor einer ganz besonderen Herausforderung: Die Glasfassade musste so beschaffen sein, dass sich die Innenr\u00e4ume im Sommer nicht zu stark aufheizen und im Winter m\u00f6glichst wenig W\u00e4rme nach au\u00dfen dringt.<\/p>\n<p>Um die nordisch-k\u00fchle, \u00e4sthetische Optik des Gletscherbaus zu erhalten, griffen die Planer auf elektrochromes Glas zur\u00fcck. Die dimmbare Verglasung reduziert den solaren W\u00e4rmedurchlass bis zu 90 Prozent \u2013 mechanische Verschattung durch Jalousien und Raffstoren ist \u00fcberfl\u00fcssig. Die Tageslichttransmission des Glases kann je nach Witterung flexibel an die Nutzerbed\u00fcrfnisse angepasst werden: Sie variiert bei diesem Objekt zwischen 55 und 15 Prozent. Das elektronisch gesteuerte Glas erkennt \u00fcber eine Wetterstation, wo die Sonne steht und wird automatisch so geregelt, dass der Sonnenlicht- und W\u00e4rmeinlass sinnvoll reguliert werden.<\/p>\n<p>Dank des schaltbaren Glases ist der g-Wert flexibel: Beim Zweifach-Isolierglas (ECONTROL 55\/12) variiert er zwischen 40 und 12 Prozent. So bleibt die raumaufheizende Sonnenenergie im Sommer (bei h\u00f6chster Dimmung) \u201eausgesperrt\u201c, w\u00e4hrend sie im Winter (bei niedrigster Dimmstufe) ins Geb\u00e4udeinnere gelangt. Der gute Ug-Wert der Verglasung (1,1 W\/m\u00b2K im Zweifachaufbau) vermindert zudem winterliche Heizw\u00e4rmeverluste.<\/p>\n<p><strong>Energieeffizient, nachhaltig, \u00e4sthetisch<\/strong><\/p>\n<p>Glasi\u00e4ren ist das erste Geb\u00e4ude in Skandinavien, das diese Verglasung nutzt, um Energieeffizienz und Nachhaltigkeit zu demonstrieren. Dar\u00fcber hinaus ist das Bauwerk ein Paradebeispiel f\u00fcr eine weitere Eigenschaft des schaltbaren Glases: seine \u00c4sthetik. Der blaue Schimmer des Glases sorgt in Verbindung mit den hellblauen Br\u00fcstungselementen f\u00fcr den eindrucksvollen Gletscher-Effekt. Au\u00dferdem macht die Sonnenschutz-Verglasung Verschattung \u00fcberfl\u00fcssig, sodass die Geb\u00e4udekubatur stets erhalten bleibt.<\/p>\n<p>Ein wichtiger Partner bei der Projektakquisition und -abwicklung war der Isolierglashersteller AGC Interpane (Werk H\u00e4sen). Sandro Thiel (Verkaufsleiter der Niederlassung): \u201eWir sind schon seit Jahren erfolgreich in Nordeuropa vertreten. Mit dem dimmbaren elektrochromen Glas treffen wir in Skandinavien auf einen Markt mit gro\u00dfem Potential, denn gerade dort ist viel Licht, aber auch viel Verschattung notwendig.\u201c<\/p>\n<hr noshade=\"noshade\" size=\"1\" \/>\n<p><span style=\"text-decoration: underline;\"><strong>Bautafel <\/strong><\/span><\/p>\n<p><strong>Projekt<\/strong>:<br \/>\nGlasi\u00e4ren (G\u00f6teborg)<\/p>\n<p><strong>Bauherr<\/strong>:<br \/>\nAF Gruppen ASA<\/p>\n<p><strong>Objektadresse<\/strong>:<br \/>\nGlasi\u00e4ren, Gamla Tuvev\u00e4gen, Kvilleb\u00e4cken, G\u00f6teborg<\/p>\n<p><strong>Architekt<\/strong>:<br \/>\nwhat! arkitektur, G\u00f6teborg<\/p>\n<p><strong>Glasprodukt<\/strong>:<br \/>\nECONTROL 55\/12<\/p>\n<p><strong>Glashersteller<\/strong>:<br \/>\nEControl-Glas Plauen und AGC Interpane Werk H\u00e4sen<\/p>\n<p><strong>Kosten Gesamtprojekt<\/strong>:<br \/>\nzirka 240 Mio. Euro<\/p>\n<hr noshade=\"noshade\" size=\"1\" \/>\n<table style=\"height: 948px;\" border=\"0\" width=\"728\" cellspacing=\"0\" cellpadding=\"0\">\n<tbody>\n<tr>\n<td valign=\"top\" width=\"370\" height=\"200\"><a href=\"http:\/\/www.pr-neu.de\/newsroom\/wordpress\/wp-content\/uploads\/2015\/06\/15-05_Glasiaeren_aussen_G.jpg\"><img loading=\"lazy\" decoding=\"async\" class=\"size-medium wp-image-12749\" src=\"http:\/\/www.pr-neu.de\/newsroom\/wordpress\/wp-content\/uploads\/2015\/06\/15-05_Glasiaeren_aussen_G-225x300.jpg\" alt=\"\" width=\"225\" height=\"300\" srcset=\"https:\/\/www.pr-neu.de\/newsroom\/wordpress\/wp-content\/uploads\/2015\/06\/15-05_Glasiaeren_aussen_G-225x300.jpg 225w, https:\/\/www.pr-neu.de\/newsroom\/wordpress\/wp-content\/uploads\/2015\/06\/15-05_Glasiaeren_aussen_G-768x1023.jpg 768w, https:\/\/www.pr-neu.de\/newsroom\/wordpress\/wp-content\/uploads\/2015\/06\/15-05_Glasiaeren_aussen_G-1153x1536.jpg 1153w, https:\/\/www.pr-neu.de\/newsroom\/wordpress\/wp-content\/uploads\/2015\/06\/15-05_Glasiaeren_aussen_G-83x110.jpg 83w, https:\/\/www.pr-neu.de\/newsroom\/wordpress\/wp-content\/uploads\/2015\/06\/15-05_Glasiaeren_aussen_G-315x420.jpg 315w, https:\/\/www.pr-neu.de\/newsroom\/wordpress\/wp-content\/uploads\/2015\/06\/15-05_Glasiaeren_aussen_G-323x430.jpg 323w, https:\/\/www.pr-neu.de\/newsroom\/wordpress\/wp-content\/uploads\/2015\/06\/15-05_Glasiaeren_aussen_G.jpg 1347w\" sizes=\"auto, (max-width: 225px) 100vw, 225px\" \/><\/a><\/td>\n<td colspan=\"3\" height=\"200\">Der blaue Schimmer des dimmbaren Glases und der Br\u00fcstungen sorgt f\u00fcr den Gletscher-Effekt.<\/p>\n<p>Foto: EControl-Glas<\/td>\n<\/tr>\n<tr>\n<td valign=\"top\" width=\"370\" height=\"200\"><a href=\"http:\/\/www.pr-neu.de\/newsroom\/wordpress\/wp-content\/uploads\/2015\/06\/15-05_Glasiaeren_innen_G.jpg\"><img loading=\"lazy\" decoding=\"async\" class=\"size-medium wp-image-12750\" src=\"http:\/\/www.pr-neu.de\/newsroom\/wordpress\/wp-content\/uploads\/2015\/06\/15-05_Glasiaeren_innen_G-300x243.jpg\" alt=\"\" width=\"300\" height=\"243\" srcset=\"https:\/\/www.pr-neu.de\/newsroom\/wordpress\/wp-content\/uploads\/2015\/06\/15-05_Glasiaeren_innen_G-300x243.jpg 300w, https:\/\/www.pr-neu.de\/newsroom\/wordpress\/wp-content\/uploads\/2015\/06\/15-05_Glasiaeren_innen_G-1024x831.jpg 1024w, https:\/\/www.pr-neu.de\/newsroom\/wordpress\/wp-content\/uploads\/2015\/06\/15-05_Glasiaeren_innen_G-768x623.jpg 768w, https:\/\/www.pr-neu.de\/newsroom\/wordpress\/wp-content\/uploads\/2015\/06\/15-05_Glasiaeren_innen_G-1536x1246.jpg 1536w, https:\/\/www.pr-neu.de\/newsroom\/wordpress\/wp-content\/uploads\/2015\/06\/15-05_Glasiaeren_innen_G-110x89.jpg 110w, https:\/\/www.pr-neu.de\/newsroom\/wordpress\/wp-content\/uploads\/2015\/06\/15-05_Glasiaeren_innen_G-420x341.jpg 420w, https:\/\/www.pr-neu.de\/newsroom\/wordpress\/wp-content\/uploads\/2015\/06\/15-05_Glasiaeren_innen_G-530x430.jpg 530w, https:\/\/www.pr-neu.de\/newsroom\/wordpress\/wp-content\/uploads\/2015\/06\/15-05_Glasiaeren_innen_G.jpg 1795w\" sizes=\"auto, (max-width: 300px) 100vw, 300px\" \/><\/a><\/td>\n<td colspan=\"3\" height=\"200\">ECONTROL reduziert den solaren W\u00e4rmedurchlass und sorgt so f\u00fcr ein angenehmes Raumklima.<\/p>\n<p>Foto: EControl-Glas<\/td>\n<\/tr>\n<tr>\n<td valign=\"top\" width=\"370\" height=\"200\"><a href=\"http:\/\/www.pr-neu.de\/newsroom\/wordpress\/wp-content\/uploads\/2015\/06\/15-05_Glasiaeren_Totale_G-2.jpg\"><img loading=\"lazy\" decoding=\"async\" class=\"size-medium wp-image-12751\" src=\"http:\/\/www.pr-neu.de\/newsroom\/wordpress\/wp-content\/uploads\/2015\/06\/15-05_Glasiaeren_Totale_G-2-300x157.jpg\" alt=\"\" width=\"300\" height=\"157\" srcset=\"https:\/\/www.pr-neu.de\/newsroom\/wordpress\/wp-content\/uploads\/2015\/06\/15-05_Glasiaeren_Totale_G-2-300x157.jpg 300w, https:\/\/www.pr-neu.de\/newsroom\/wordpress\/wp-content\/uploads\/2015\/06\/15-05_Glasiaeren_Totale_G-2-1024x537.jpg 1024w, https:\/\/www.pr-neu.de\/newsroom\/wordpress\/wp-content\/uploads\/2015\/06\/15-05_Glasiaeren_Totale_G-2-768x403.jpg 768w, https:\/\/www.pr-neu.de\/newsroom\/wordpress\/wp-content\/uploads\/2015\/06\/15-05_Glasiaeren_Totale_G-2-1536x805.jpg 1536w, https:\/\/www.pr-neu.de\/newsroom\/wordpress\/wp-content\/uploads\/2015\/06\/15-05_Glasiaeren_Totale_G-2-110x58.jpg 110w, https:\/\/www.pr-neu.de\/newsroom\/wordpress\/wp-content\/uploads\/2015\/06\/15-05_Glasiaeren_Totale_G-2-420x220.jpg 420w, https:\/\/www.pr-neu.de\/newsroom\/wordpress\/wp-content\/uploads\/2015\/06\/15-05_Glasiaeren_Totale_G-2-770x404.jpg 770w, https:\/\/www.pr-neu.de\/newsroom\/wordpress\/wp-content\/uploads\/2015\/06\/15-05_Glasiaeren_Totale_G-2.jpg 1795w\" sizes=\"auto, (max-width: 300px) 100vw, 300px\" \/><\/a><\/td>\n<td colspan=\"3\" height=\"200\">Der eindrucksvolle Gletscher-Bau dient auch als Schallschutz zwischen Verkehrsader und Wohngebiet.<\/p>\n<p>Foto: EControl-Glas<\/td>\n<\/tr>\n<\/tbody>\n<\/table>\n<hr noshade=\"noshade\" size=\"1\" \/>\n<p>Abdruck honorarfrei, Belegexemplar erbeten<\/p>\n<p><strong>R\u00fcckfragen beantwortet gern<\/strong><\/p>\n<table width=\"532\">\n<tbody>\n<tr>\n<td valign=\"top\" width=\"260\" height=\"25\"><strong>EControl-Glas<\/strong> GmbH &amp; Co. KG<br \/>\nNadine Witt<br \/>\nTel.: +49(0)3741\/14820-116<br \/>\nFax: +49(0)3741\/14820-150<br \/>\nE-Mail: <a href=\"&#x6d;&#x61;&#x69;&#x6c;&#x74;&#111;&#58;&#112;&#114;ess&#x65;&#x40;&#x65;&#x63;&#x6f;&#x6e;&#116;&#114;&#111;l-g&#x6c;&#x61;&#x73;&#x2e;&#x64;&#x65;\">&#112;&#x72;&#x65;s&#115;&#x65;&#64;&#101;&#x63;&#x6f;&#110;&#x74;&#x72;o&#108;&#x2d;g&#108;&#x61;&#x73;&#46;&#x64;&#x65;<\/a><\/td>\n<td colspan=\"3\" valign=\"top\" width=\"260\" height=\"21\"><\/td>\n<\/tr>\n<\/tbody>\n<\/table>\n","protected":false},"excerpt":{"rendered":"<p>\u201eGlasi\u00e4ren\u201c, G\u00f6teborg: Dimmbares Glas \u2013 nordic style Ein Gletscher mitten in der Gro\u00dfstadt? So etwas gibt\u2019s nur in Schweden \u2013 und zwar in G\u00f6teborg: Hier entstand 2014 im Trendviertel Kvilb\u00e4cka \u201eGlasi\u00e4ren\u201c, ein sechsst\u00f6ckiges, bl\u00e4ulich schimmerndes Gesch\u00e4ftsgeb\u00e4ude. Damit sich dieser \u201eGletscher\u201c \u2013 denn nichts anderes bedeutet Glasi\u00e4ren \u2013 nicht aufheizt, entschieden sich die Bauherren f\u00fcr dimmbares [&hellip;]<\/p>\n","protected":false},"author":6,"featured_media":6751,"comment_status":"closed","ping_status":"open","sticky":false,"template":"","format":"standard","meta":{"footnotes":""},"categories":[25,3],"tags":[],"class_list":["post-3508","post","type-post","status-publish","format-standard","has-post-thumbnail","hentry","category-econtrol","category-kundenmeldungen"],"_links":{"self":[{"href":"https:\/\/www.pr-neu.de\/newsroom\/wp-json\/wp\/v2\/posts\/3508","targetHints":{"allow":["GET"]}}],"collection":[{"href":"https:\/\/www.pr-neu.de\/newsroom\/wp-json\/wp\/v2\/posts"}],"about":[{"href":"https:\/\/www.pr-neu.de\/newsroom\/wp-json\/wp\/v2\/types\/post"}],"author":[{"embeddable":true,"href":"https:\/\/www.pr-neu.de\/newsroom\/wp-json\/wp\/v2\/users\/6"}],"replies":[{"embeddable":true,"href":"https:\/\/www.pr-neu.de\/newsroom\/wp-json\/wp\/v2\/comments?post=3508"}],"version-history":[{"count":6,"href":"https:\/\/www.pr-neu.de\/newsroom\/wp-json\/wp\/v2\/posts\/3508\/revisions"}],"predecessor-version":[{"id":12753,"href":"https:\/\/www.pr-neu.de\/newsroom\/wp-json\/wp\/v2\/posts\/3508\/revisions\/12753"}],"wp:featuredmedia":[{"embeddable":true,"href":"https:\/\/www.pr-neu.de\/newsroom\/wp-json\/wp\/v2\/media\/6751"}],"wp:attachment":[{"href":"https:\/\/www.pr-neu.de\/newsroom\/wp-json\/wp\/v2\/media?parent=3508"}],"wp:term":[{"taxonomy":"category","embeddable":true,"href":"https:\/\/www.pr-neu.de\/newsroom\/wp-json\/wp\/v2\/categories?post=3508"},{"taxonomy":"post_tag","embeddable":true,"href":"https:\/\/www.pr-neu.de\/newsroom\/wp-json\/wp\/v2\/tags?post=3508"}],"curies":[{"name":"wp","href":"https:\/\/api.w.org\/{rel}","templated":true}]}}