{"id":35,"date":"2010-04-30T15:51:32","date_gmt":"2010-04-30T13:51:32","guid":{"rendered":"http:\/\/www.pr-nord.de\/sm-newsroom\/wordpress\/?p=35"},"modified":"2020-05-28T16:08:38","modified_gmt":"2020-05-28T14:08:38","slug":"sto-ag-steigt-in-die-dammstoff-produktion-ein","status":"publish","type":"post","link":"https:\/\/www.pr-neu.de\/newsroom\/sto-ag-steigt-in-die-dammstoff-produktion-ein\/","title":{"rendered":"Sto AG steigt in die D\u00e4mmstoff-Produktion ein"},"content":{"rendered":"<p class=\"Stil1\"><u>Neues Werk von StoVerotec in Lauingen (Donau)<\/u><\/p>\n<p>20 neue Arbeitspl\u00e4tze, 10 Mio. Euro investiert \/ StoVerotec feiert 20j\u00e4hriges Firmenjubil\u00e4um<\/p>\n<p class=\"Stil2\"><strong>Lauingen. Seit Jahresbeginn fertigt die Sto AG auch D\u00e4mmstoffe f\u00fcr WDV-Systeme \u2013 im Januar nahm ein neues Werk des Tochterunternehmens StoVerotec in Lauingen die Produktion von hochwertigem Polystyrol-D\u00e4mmmaterial auf. Damit will sich der Konzern unabh\u00e4ngiger machen. Insgesamt investierte das Unternehmen ca. 10 Millionen Euro in Lauingen. Der Bayrische Wissenschaftsminister Dr. Wolfgang Heubisch lobte das Unternehmen f\u00fcr sein \u201eBekenntnis zum Standort Deutschland, zum Freistaat Bayern und zum Landkreis Dillingen. Diese Investition inmitten der schwersten Wirtschafts- und Finanzkrise der Nachkriegszeit ist ein Zeichen von Mut und Entschlossenheit und hat Signalwirkung weit \u00fcber diese Region hinaus. Die Sto AG glaubt an Bayern als guten Standort f\u00fcr Forschung, Entwicklung und Produktion.\u201c Zugleich feierte die StoVerotec ihr 20j\u00e4hriges Bestehen.<\/strong><\/p>\n<p>Das neue D\u00e4mmstoff-Werk \u2013 derzeit das modernste in Europa \u2013 entstand in der rekordverd\u00e4chtigen Bauzeit von weniger als einem Jahr und schafft 20 zus\u00e4tzliche Arbeitspl\u00e4tze. Es verf\u00fcgt \u00fcber eine Kapazit\u00e4t von 350.000 Kubikmeter D\u00e4mmstoff pro Jahr. Durch die Zusammenarbeit mit f\u00fchrenden Anlagenbauern ist die optimale Werkstoffqualit\u00e4t gew\u00e4hrleistet, zudem erfolgt der Herstellungsprozess umweltschonend mit minimalem Prim\u00e4renergie-Einsatz. \u201eMit dem Werk haben wir auch die Basistechnologie geschaffen, mit der wir die weitere technische Entwicklung voran treiben k\u00f6nnen\u201c; sagte Frithjof Koerdt, Technischer Gesch\u00e4ftsf\u00fchrer der StoVerotec und Projektleiter des neuen Werks, anl\u00e4sslich der Einweihung. Die vollautomatischen Prozesslinien entstanden auf dem Nachbargrundst\u00fcck, dadurch wuchs der Firmenstandort um rund 37.000 auf 70.000 Quadratmeter.<\/p>\n<p>Mit der zus\u00e4tzlichen Kompetenz in der Herstellung von WDVS-Komponenten steigert der Sto-Konzern seine Flexibilit\u00e4t und Reaktionsgeschwindigkeit auf Marktanforderungen. Fassadend\u00e4mmung z\u00e4hlt zu den wenigen Marktsegmenten der Bauwirtschaft mit Wachstum \u2013 z.B. wegen der sch\u00e4rferen Energie-Einsparverordnungen und staatlicher Investitions-F\u00f6rderung f\u00fcr D\u00e4mm-Ma\u00dfnahmen. PS-Hartschaum ist in diesem Segment der dominierende Baustoff. \u201eNeben den rein wirtschaftlichen Aspekten freut uns aber auch, dass D\u00e4mmstoffe Energie sparen \u2013 und damit unsere gesamte Branche, also Handwerker, Planer und Baustoffindustrie, aktiv Klimaschutz betreibt\u201c, res\u00fcmierte Koerdt. Der Mutterkonzern Sto AG (St\u00fchlingen) ist Technologief\u00fchrer der Branche und weltweit bedeutender Hersteller von W\u00e4rmed\u00e4mm-Verbundsysteme.<\/p>\n<p><strong> 20 Jahre Sto Verotec<\/strong><\/p>\n<p>Zum runden Geburtstag zog Sto-Verotec-Gesch\u00e4ftsf\u00fchrer Dirk Franz auch f\u00fcr das Stammgesch\u00e4ft ein positives Fazit: In den drei Marktfeldern Raumakustik, vorgeh\u00e4ngte hinterl\u00fcftete D\u00e4mmsysteme und Architketur-Elemente z\u00e4hlt das Unternehmen heute zu den Marktf\u00fchrern. Seit 1989 produziert die Sto-Tochter am Standort Lauingen (Donau), der Umsatz lag 2009 bei ca. 27 Mio. Euro. \u201eMit Entwicklungen wie der Photo-voltaik f\u00fcr vorgeh\u00e4ngte hinterl\u00fcftete Fassaden oder K\u00fchl-Akustik-Decken st\u00fctzt StoVerotec das Standing des Konzerns als Technologief\u00fchrer\u201c, sagte Franz.<\/p>\n<hr noshade=\"noshade\" size=\"1\" \/>\n<p><strong>Hintergrund <\/strong><\/p>\n<p>Die Sto AG (St\u00fchlingen) ist mit einem Konzernumsatz von rund 950 Mio. Euro im Jahr 2008 einer der international bedeutendsten und innovativsten Hersteller von Produkten f\u00fcr die Geb\u00e4udefassade. Das Unternehmen geh\u00f6rt zu den f\u00fchrenden Anbietern im Segment W\u00e4rmed\u00e4mm-Verbundsysteme. Zum Kernsortiment geh\u00f6ren au\u00dferdem hochwertige Fassadenelemente sowie Putze und Farben, die sowohl f\u00fcr den Au\u00dfenbereich als auch f\u00fcr das Innere von Geb\u00e4uden angeboten werden. Weitere T\u00e4tigkeitsschwerpunkte sind die Bereiche Betoninstandsetzung und vorgeh\u00e4ngte Fassadensysteme.<\/p>\n<hr noshade=\"noshade\" size=\"1\" \/>\n<p><strong>20 Jahre StoVerotec GmbH \u2013 Eckdaten<\/strong><\/p>\n<p>1989 Gr\u00fcndung als StoPoraver GmbH<br \/>\n1990 Start der Produktion von Architektur-Elementen<br \/>\n1991 Aufnahme des Gesch\u00e4ftsfeldes \u201eFassade\u201c<br \/>\n1992 Umfirmierung in StoVerotec GmbH<br \/>\n1994 Aufnahme des Gesch\u00e4ftsfeldes \u201eAkustik\u201c<br \/>\n1999 Start der VHF-Konstruktionen mit Glas<br \/>\n2005 \u00dcbernahme der HemmStone, dadurch eigene Naturwerksteine f\u00fcr Fassade und VHF<br \/>\n2008 Kooperation mit Villiglas, dadurch Glas-Mosaike f\u00fcr VHF<br \/>\n2009 Markteinf\u00fchrung von StoVerotec Photovoltaic, einem Gemeinschaftsprojekt mit W\u00fcrth Solar<br \/>\n2009 Spatenstich zum Bau des neuen Werkes<br \/>\n2010 Aufnahme der D\u00e4mmstoffproduktion<\/p>\n<hr noshade=\"noshade\" size=\"1\" \/>\n<table style=\"height: 2568px;\" border=\"0\" width=\"744\" cellspacing=\"0\" cellpadding=\"0\">\n<tbody>\n<tr>\n<td valign=\"top\" width=\"480\" height=\"290\"><a href=\"http:\/\/www.pr-neu.de\/newsroom\/wordpress\/wp-content\/uploads\/2010\/04\/10-01-EPS-Start-1_G.jpg\"><img loading=\"lazy\" decoding=\"async\" class=\"aligncenter size-medium wp-image-12976\" src=\"http:\/\/www.pr-neu.de\/newsroom\/wordpress\/wp-content\/uploads\/2010\/04\/10-01-EPS-Start-1_G-300x210.jpg\" alt=\"\" width=\"300\" height=\"210\" srcset=\"https:\/\/www.pr-neu.de\/newsroom\/wordpress\/wp-content\/uploads\/2010\/04\/10-01-EPS-Start-1_G-300x210.jpg 300w, https:\/\/www.pr-neu.de\/newsroom\/wordpress\/wp-content\/uploads\/2010\/04\/10-01-EPS-Start-1_G-1024x717.jpg 1024w, https:\/\/www.pr-neu.de\/newsroom\/wordpress\/wp-content\/uploads\/2010\/04\/10-01-EPS-Start-1_G-768x538.jpg 768w, https:\/\/www.pr-neu.de\/newsroom\/wordpress\/wp-content\/uploads\/2010\/04\/10-01-EPS-Start-1_G-110x77.jpg 110w, https:\/\/www.pr-neu.de\/newsroom\/wordpress\/wp-content\/uploads\/2010\/04\/10-01-EPS-Start-1_G-420x294.jpg 420w, https:\/\/www.pr-neu.de\/newsroom\/wordpress\/wp-content\/uploads\/2010\/04\/10-01-EPS-Start-1_G-614x430.jpg 614w, https:\/\/www.pr-neu.de\/newsroom\/wordpress\/wp-content\/uploads\/2010\/04\/10-01-EPS-Start-1_G.jpg 1500w\" sizes=\"auto, (max-width: 300px) 100vw, 300px\" \/><\/a><\/td>\n<td colspan=\"3\" height=\"21\">SWR-Moderatorin Sandra M\u00fcller (Mitte) lie\u00df sich von Sto-Technik-Vorstand Gerd Stotmeister (links) und Sto-Vorstands-Chef Jochen Stotmeister die Strategie erkl\u00e4ren, die mit dem Einstieg der Sto AG in die D\u00e4mmstoffproduktion verbunden ist.<\/p>\n<p>Foto: StoVerotec GmbH<\/td>\n<\/tr>\n<tr>\n<td valign=\"top\" width=\"368\" height=\"21\"><a href=\"http:\/\/www.pr-neu.de\/newsroom\/wordpress\/wp-content\/uploads\/2010\/04\/10-01-EPS-Start-2_G.jpg\"><img loading=\"lazy\" decoding=\"async\" class=\"aligncenter size-medium wp-image-12977\" src=\"http:\/\/www.pr-neu.de\/newsroom\/wordpress\/wp-content\/uploads\/2010\/04\/10-01-EPS-Start-2_G-300x210.jpg\" alt=\"\" width=\"300\" height=\"210\" srcset=\"https:\/\/www.pr-neu.de\/newsroom\/wordpress\/wp-content\/uploads\/2010\/04\/10-01-EPS-Start-2_G-300x210.jpg 300w, https:\/\/www.pr-neu.de\/newsroom\/wordpress\/wp-content\/uploads\/2010\/04\/10-01-EPS-Start-2_G-1024x717.jpg 1024w, https:\/\/www.pr-neu.de\/newsroom\/wordpress\/wp-content\/uploads\/2010\/04\/10-01-EPS-Start-2_G-768x538.jpg 768w, https:\/\/www.pr-neu.de\/newsroom\/wordpress\/wp-content\/uploads\/2010\/04\/10-01-EPS-Start-2_G-110x77.jpg 110w, https:\/\/www.pr-neu.de\/newsroom\/wordpress\/wp-content\/uploads\/2010\/04\/10-01-EPS-Start-2_G-420x294.jpg 420w, https:\/\/www.pr-neu.de\/newsroom\/wordpress\/wp-content\/uploads\/2010\/04\/10-01-EPS-Start-2_G-614x430.jpg 614w, https:\/\/www.pr-neu.de\/newsroom\/wordpress\/wp-content\/uploads\/2010\/04\/10-01-EPS-Start-2_G.jpg 1500w\" sizes=\"auto, (max-width: 300px) 100vw, 300px\" \/><\/a><\/td>\n<td colspan=\"3\" height=\"21\">Das neue Sto-Werk in Lauingen startet mit einer Jahreskapazit\u00e4t von 350.000 Kubikmetern D\u00e4mmstoff in hoher Qualit\u00e4t.<\/p>\n<p>Foto: StoVerotec GmbH<\/td>\n<\/tr>\n<tr>\n<td valign=\"top\" width=\"440\" height=\"300\"><a href=\"http:\/\/www.pr-neu.de\/newsroom\/wordpress\/wp-content\/uploads\/2010\/04\/10-01-EPS-Start-3_G.jpg\"><img loading=\"lazy\" decoding=\"async\" class=\"aligncenter size-medium wp-image-12979\" src=\"http:\/\/www.pr-neu.de\/newsroom\/wordpress\/wp-content\/uploads\/2010\/04\/10-01-EPS-Start-3_G-210x300.jpg\" alt=\"\" width=\"210\" height=\"300\" srcset=\"https:\/\/www.pr-neu.de\/newsroom\/wordpress\/wp-content\/uploads\/2010\/04\/10-01-EPS-Start-3_G-210x300.jpg 210w, https:\/\/www.pr-neu.de\/newsroom\/wordpress\/wp-content\/uploads\/2010\/04\/10-01-EPS-Start-3_G-717x1024.jpg 717w, https:\/\/www.pr-neu.de\/newsroom\/wordpress\/wp-content\/uploads\/2010\/04\/10-01-EPS-Start-3_G-768x1096.jpg 768w, https:\/\/www.pr-neu.de\/newsroom\/wordpress\/wp-content\/uploads\/2010\/04\/10-01-EPS-Start-3_G-77x110.jpg 77w, https:\/\/www.pr-neu.de\/newsroom\/wordpress\/wp-content\/uploads\/2010\/04\/10-01-EPS-Start-3_G-294x420.jpg 294w, https:\/\/www.pr-neu.de\/newsroom\/wordpress\/wp-content\/uploads\/2010\/04\/10-01-EPS-Start-3_G-301x430.jpg 301w, https:\/\/www.pr-neu.de\/newsroom\/wordpress\/wp-content\/uploads\/2010\/04\/10-01-EPS-Start-3_G.jpg 1051w\" sizes=\"auto, (max-width: 210px) 100vw, 210px\" \/><\/a><\/td>\n<td colspan=\"3\" height=\"21\">Starteten gemeinsam die neue Produktion: StoVerotec-Gesch\u00e4ftsf\u00fchrer Dirk Franz, Wolfgang Schenk, B\u00fcrgermeister von Lauingen, Sto-Senior-Chef Fritz Stotmeister und Frithjof Koerdt, Technischer Gesch\u00e4ftsf\u00fchrer StoVerotec mit SWR-Moderatorin Sandra M\u00fcller<\/p>\n<p>Foto: StoVerotec GmbH<\/td>\n<\/tr>\n<tr>\n<td valign=\"top\" width=\"440\" height=\"300\"><a href=\"http:\/\/www.pr-neu.de\/newsroom\/wordpress\/wp-content\/uploads\/2010\/04\/10-01-EPS-Start-4-G.jpg\"><img loading=\"lazy\" decoding=\"async\" class=\"aligncenter size-medium wp-image-12980\" src=\"http:\/\/www.pr-neu.de\/newsroom\/wordpress\/wp-content\/uploads\/2010\/04\/10-01-EPS-Start-4-G-300x210.jpg\" alt=\"\" width=\"300\" height=\"210\" srcset=\"https:\/\/www.pr-neu.de\/newsroom\/wordpress\/wp-content\/uploads\/2010\/04\/10-01-EPS-Start-4-G-300x210.jpg 300w, https:\/\/www.pr-neu.de\/newsroom\/wordpress\/wp-content\/uploads\/2010\/04\/10-01-EPS-Start-4-G-1024x717.jpg 1024w, https:\/\/www.pr-neu.de\/newsroom\/wordpress\/wp-content\/uploads\/2010\/04\/10-01-EPS-Start-4-G-768x538.jpg 768w, https:\/\/www.pr-neu.de\/newsroom\/wordpress\/wp-content\/uploads\/2010\/04\/10-01-EPS-Start-4-G-110x77.jpg 110w, https:\/\/www.pr-neu.de\/newsroom\/wordpress\/wp-content\/uploads\/2010\/04\/10-01-EPS-Start-4-G-420x294.jpg 420w, https:\/\/www.pr-neu.de\/newsroom\/wordpress\/wp-content\/uploads\/2010\/04\/10-01-EPS-Start-4-G-614x430.jpg 614w, https:\/\/www.pr-neu.de\/newsroom\/wordpress\/wp-content\/uploads\/2010\/04\/10-01-EPS-Start-4-G.jpg 1500w\" sizes=\"auto, (max-width: 300px) 100vw, 300px\" \/><\/a><\/td>\n<td colspan=\"3\" height=\"21\">W\u00e4rmed\u00e4mmplatten von Sto aus Lauingen ab sofort von Garmisch bis Frankfurt.<\/p>\n<p>Foto: StoVerotec GmbH<\/td>\n<\/tr>\n<tr>\n<td valign=\"top\" width=\"440\" height=\"300\"><a href=\"http:\/\/www.pr-neu.de\/newsroom\/wordpress\/wp-content\/uploads\/2010\/04\/10-01-EPS-Start-5_G-1.jpg\"><img loading=\"lazy\" decoding=\"async\" class=\"aligncenter size-medium wp-image-12981\" src=\"http:\/\/www.pr-neu.de\/newsroom\/wordpress\/wp-content\/uploads\/2010\/04\/10-01-EPS-Start-5_G-1-300x210.jpg\" alt=\"\" width=\"300\" height=\"210\" srcset=\"https:\/\/www.pr-neu.de\/newsroom\/wordpress\/wp-content\/uploads\/2010\/04\/10-01-EPS-Start-5_G-1-300x210.jpg 300w, https:\/\/www.pr-neu.de\/newsroom\/wordpress\/wp-content\/uploads\/2010\/04\/10-01-EPS-Start-5_G-1-1024x717.jpg 1024w, https:\/\/www.pr-neu.de\/newsroom\/wordpress\/wp-content\/uploads\/2010\/04\/10-01-EPS-Start-5_G-1-768x538.jpg 768w, https:\/\/www.pr-neu.de\/newsroom\/wordpress\/wp-content\/uploads\/2010\/04\/10-01-EPS-Start-5_G-1-110x77.jpg 110w, https:\/\/www.pr-neu.de\/newsroom\/wordpress\/wp-content\/uploads\/2010\/04\/10-01-EPS-Start-5_G-1-420x294.jpg 420w, https:\/\/www.pr-neu.de\/newsroom\/wordpress\/wp-content\/uploads\/2010\/04\/10-01-EPS-Start-5_G-1-614x430.jpg 614w, https:\/\/www.pr-neu.de\/newsroom\/wordpress\/wp-content\/uploads\/2010\/04\/10-01-EPS-Start-5_G-1.jpg 1500w\" sizes=\"auto, (max-width: 300px) 100vw, 300px\" \/><\/a><\/td>\n<td colspan=\"3\" height=\"21\">Neben dem Produktionsstart gab es auch das Firmenjubil\u00e4um zu feiern. Die StoVerotec-Gesch\u00e4ftsf\u00fchrer Stefan Jurock (link) Dirk Franz (Mitte) und Frithjof Koerdt er\u00f6ffneten gemeinsam den Festakt.<\/p>\n<p>Foto: StoVerotec GmbH<\/td>\n<\/tr>\n<tr>\n<td valign=\"top\" width=\"440\" height=\"300\"><a href=\"http:\/\/www.pr-neu.de\/newsroom\/wordpress\/wp-content\/uploads\/2010\/04\/10-01-EPS-Start-6_G.jpg\"><img loading=\"lazy\" decoding=\"async\" class=\"aligncenter size-medium wp-image-12982\" src=\"http:\/\/www.pr-neu.de\/newsroom\/wordpress\/wp-content\/uploads\/2010\/04\/10-01-EPS-Start-6_G-300x210.jpg\" alt=\"\" width=\"300\" height=\"210\" srcset=\"https:\/\/www.pr-neu.de\/newsroom\/wordpress\/wp-content\/uploads\/2010\/04\/10-01-EPS-Start-6_G-300x210.jpg 300w, https:\/\/www.pr-neu.de\/newsroom\/wordpress\/wp-content\/uploads\/2010\/04\/10-01-EPS-Start-6_G-1024x717.jpg 1024w, https:\/\/www.pr-neu.de\/newsroom\/wordpress\/wp-content\/uploads\/2010\/04\/10-01-EPS-Start-6_G-768x538.jpg 768w, https:\/\/www.pr-neu.de\/newsroom\/wordpress\/wp-content\/uploads\/2010\/04\/10-01-EPS-Start-6_G-110x77.jpg 110w, https:\/\/www.pr-neu.de\/newsroom\/wordpress\/wp-content\/uploads\/2010\/04\/10-01-EPS-Start-6_G-420x294.jpg 420w, https:\/\/www.pr-neu.de\/newsroom\/wordpress\/wp-content\/uploads\/2010\/04\/10-01-EPS-Start-6_G-614x430.jpg 614w, https:\/\/www.pr-neu.de\/newsroom\/wordpress\/wp-content\/uploads\/2010\/04\/10-01-EPS-Start-6_G.jpg 1500w\" sizes=\"auto, (max-width: 300px) 100vw, 300px\" \/><\/a><\/td>\n<td colspan=\"3\" height=\"21\">Mehr als 300 G\u00e4ste folgten der Einladung nach Lauingen und feierten gemeinsam mit den Mitarbeitern die Werkseinweihung und das Firmenjubil\u00e4um.<\/p>\n<p>Foto: StoVerotec GmbH<\/td>\n<\/tr>\n<tr>\n<td valign=\"top\" width=\"440\" height=\"300\"><a href=\"http:\/\/www.pr-neu.de\/newsroom\/wordpress\/wp-content\/uploads\/2010\/04\/10-01-EPS-Start-7_G.jpg\"><img loading=\"lazy\" decoding=\"async\" class=\"aligncenter size-medium wp-image-12983\" src=\"http:\/\/www.pr-neu.de\/newsroom\/wordpress\/wp-content\/uploads\/2010\/04\/10-01-EPS-Start-7_G-300x210.jpg\" alt=\"\" width=\"300\" height=\"210\" srcset=\"https:\/\/www.pr-neu.de\/newsroom\/wordpress\/wp-content\/uploads\/2010\/04\/10-01-EPS-Start-7_G-300x210.jpg 300w, https:\/\/www.pr-neu.de\/newsroom\/wordpress\/wp-content\/uploads\/2010\/04\/10-01-EPS-Start-7_G-1024x717.jpg 1024w, https:\/\/www.pr-neu.de\/newsroom\/wordpress\/wp-content\/uploads\/2010\/04\/10-01-EPS-Start-7_G-768x538.jpg 768w, https:\/\/www.pr-neu.de\/newsroom\/wordpress\/wp-content\/uploads\/2010\/04\/10-01-EPS-Start-7_G-110x77.jpg 110w, https:\/\/www.pr-neu.de\/newsroom\/wordpress\/wp-content\/uploads\/2010\/04\/10-01-EPS-Start-7_G-420x294.jpg 420w, https:\/\/www.pr-neu.de\/newsroom\/wordpress\/wp-content\/uploads\/2010\/04\/10-01-EPS-Start-7_G-614x430.jpg 614w, https:\/\/www.pr-neu.de\/newsroom\/wordpress\/wp-content\/uploads\/2010\/04\/10-01-EPS-Start-7_G.jpg 1500w\" sizes=\"auto, (max-width: 300px) 100vw, 300px\" \/><\/a><\/td>\n<td colspan=\"3\" height=\"21\">Prominenter Besuch in Lauingen (v.l.): Gerd Stotmeister, Vorstand Technik Sto AG, Dirk Franz, Gesch\u00e4ftsf\u00fchrer StoVerotec, Landrat Leo Schrell, B\u00fcrgermeister Wolfgang Schenk, Fritz Stotmeister, Sto-Senior-Chef, Jochen Stotmeister, Sto-Vorstandschef, Wolfgang Heubisch, Bayerischer Wissenschaftsminister, Frithjof Koerdt, Technischer Gesch\u00e4ftsf\u00fchrer StoVerotec und Landrat Georg Barfu\u00df.<\/p>\n<p>Foto: StoVerotec GmbH<\/td>\n<\/tr>\n<\/tbody>\n<\/table>\n<hr noshade=\"noshade\" size=\"1\" \/>\n<p>Abdruck honorarfrei, Belegexemplar erbeten<\/p>\n","protected":false},"excerpt":{"rendered":"<p>Neues Werk von StoVerotec in Lauingen (Donau) 20 neue Arbeitspl\u00e4tze, 10 Mio. Euro investiert \/ StoVerotec feiert 20j\u00e4hriges Firmenjubil\u00e4um Lauingen. Seit Jahresbeginn fertigt die Sto AG auch D\u00e4mmstoffe f\u00fcr WDV-Systeme \u2013 im Januar nahm ein neues Werk des Tochterunternehmens StoVerotec in Lauingen die Produktion von hochwertigem Polystyrol-D\u00e4mmmaterial auf. Damit will sich der Konzern unabh\u00e4ngiger machen. [&hellip;]<\/p>\n","protected":false},"author":6,"featured_media":7637,"comment_status":"closed","ping_status":"open","sticky":false,"template":"","format":"standard","meta":{"footnotes":""},"categories":[3,22],"tags":[124],"class_list":["post-35","post","type-post","status-publish","format-standard","has-post-thumbnail","hentry","category-kundenmeldungen","category-verotec","tag-dammung"],"_links":{"self":[{"href":"https:\/\/www.pr-neu.de\/newsroom\/wp-json\/wp\/v2\/posts\/35","targetHints":{"allow":["GET"]}}],"collection":[{"href":"https:\/\/www.pr-neu.de\/newsroom\/wp-json\/wp\/v2\/posts"}],"about":[{"href":"https:\/\/www.pr-neu.de\/newsroom\/wp-json\/wp\/v2\/types\/post"}],"author":[{"embeddable":true,"href":"https:\/\/www.pr-neu.de\/newsroom\/wp-json\/wp\/v2\/users\/6"}],"replies":[{"embeddable":true,"href":"https:\/\/www.pr-neu.de\/newsroom\/wp-json\/wp\/v2\/comments?post=35"}],"version-history":[{"count":5,"href":"https:\/\/www.pr-neu.de\/newsroom\/wp-json\/wp\/v2\/posts\/35\/revisions"}],"predecessor-version":[{"id":12984,"href":"https:\/\/www.pr-neu.de\/newsroom\/wp-json\/wp\/v2\/posts\/35\/revisions\/12984"}],"wp:featuredmedia":[{"embeddable":true,"href":"https:\/\/www.pr-neu.de\/newsroom\/wp-json\/wp\/v2\/media\/7637"}],"wp:attachment":[{"href":"https:\/\/www.pr-neu.de\/newsroom\/wp-json\/wp\/v2\/media?parent=35"}],"wp:term":[{"taxonomy":"category","embeddable":true,"href":"https:\/\/www.pr-neu.de\/newsroom\/wp-json\/wp\/v2\/categories?post=35"},{"taxonomy":"post_tag","embeddable":true,"href":"https:\/\/www.pr-neu.de\/newsroom\/wp-json\/wp\/v2\/tags?post=35"}],"curies":[{"name":"wp","href":"https:\/\/api.w.org\/{rel}","templated":true}]}}