{"id":3459,"date":"2015-05-22T10:08:05","date_gmt":"2015-05-22T10:08:05","guid":{"rendered":"http:\/\/www.pr-nord.de\/newsroom\/?p=3459"},"modified":"2020-05-28T15:07:49","modified_gmt":"2020-05-28T13:07:49","slug":"ecola-award-bereits-zum-achten-mal-vergeben","status":"publish","type":"post","link":"https:\/\/www.pr-neu.de\/newsroom\/ecola-award-bereits-zum-achten-mal-vergeben\/","title":{"rendered":"ECOLA Award bereits zum achten Mal vergeben"},"content":{"rendered":"<p><span style=\"text-decoration: underline;\">European Conference of Leading Architects 2015<\/span><\/p>\n<p><strong>Bei der Jurysitzung unter Vorsitz von Sir Peter Cook (Crab Studio, London, UK) am 8. Mai in Berlin wurden zwei erste Preise und drei Lobende Erw\u00e4hnungen vergeben. Den ersten Preis in der Kategorie der Neubauten gewannen spacialAR-TE aus Porto mit dem High Performance Rowing Centre in Pocinho, PT, w\u00e4hrend das Schweizer B\u00fcro wespi de meuron romeo architekten die Kategorie Sanieren \/ Renovieren mit dem Umbau eines Steinhauses im Dorfkern von Scaiano, CH f\u00fcr sich entscheiden konnten. Lobende Erw\u00e4hnungen gingen an Carlos Arroyo Architects SLP, Madrid, Atelier Zafari, Berlin und Eric Lapierre Architecture, Paris.<\/strong><\/p>\n<p>Der im zweij\u00e4hrigen Rhythmus von Sto und dem Bundesverband Ausbau und Fassade im Zentralverband des Deutschen Baugewerbes ausgelobte ECOLA-Award (bis 2004 \u201eBundesdeutscher Architekturpreis Putz\u201c) teilt sich in zwei Kategorien: Sanieren\/Renovieren\/Umbauen und Neubauten, jeweils erg\u00e4nzt um die Kategorie CO2-optimiertes Bauen. Den Vorsitz des inzwischen zum achten Mal ausgelobten Preises f\u00fchrte Sir Peter Cook (Crab Studio, London, UK). Insgesamt vergab die f\u00fcnfk\u00f6pfige Jury zwei 1. Preise und drei Lobende Erw\u00e4hnungen. Zu beurteilen waren 149 Arbeiten, die von 19 Nominierungsjuroren aus 13 L\u00e4ndern sorgf\u00e4ltig ausgew\u00e4hlt worden waren.<\/p>\n<p>Voraussetzung f\u00fcr das Auswahlverfahren war die Anwendung des Werkstoffes Putz als ein architekturpr\u00e4gendes Element. 38 Projekte konnten der Kategorie Sanieren\/Renovieren\/Umbauen zugeordnet werden, 111 entfielen auf die Kategorie Neubau, davon 94 mit dem Label CO2-optimiertes Bauen. Diese zus\u00e4tzliche Kategorie sollte es erm\u00f6glichen, gestalterische Qualit\u00e4t auf hohem Niveau in Verbindung mit energieeffizienter Planung gesondert zu w\u00fcrdigen.<\/p>\n<p>Die Jury kam jedoch zu dem Schluss, nicht wie in den vergangenen Jahren, gesonderte Preise f\u00fcr das CO2 optimierte Bauen zu vergeben, da Energieeffizienz und architektonische Qualit\u00e4t heutzutage zueinander geh\u00f6rten. Die Auslober des ECOLA Awards nahmen die Empfehlung der Jury an und beschlossen, den Fokus der ECOLA Konferenz, die im September 2015 in England stattfinden wird, auf die Frage nach international g\u00fcltigen zeitgem\u00e4\u00dfen Beurteilungskriterien f\u00fcr energieeffizientes Bauen zu richten.<\/p>\n<p>Der gro\u00dfe Lichthof in der von Hans Kollhoff 1997 ausgebauten Berliner Niederlassung der Sto SE &amp; Co. KGaA eignete sich hervorragend f\u00fcr die Jurysitzung am 8. Mai 2015. Die Jury setzte sich wie folgt zusammen: Sir Peter Cook, London, UK (Jury-Vorsitzender); Brian Cody, Graz, AT; Hubert Klumpner, Z\u00fcrich, CH; Dorte Mandrup, Kopenhagen, DK; Enrique Sobejano, Madrid, ES.<\/p>\n<p><strong>Preistr\u00e4ger des ECOLA-Awards<\/strong><\/p>\n<p style=\"text-align: center;\"><span style=\"text-decoration: underline;\">1. Preis: Kategorie Sanieren\/Renovieren\/Umbauen<\/span><br \/>\nUmbau Steinhaus im Dorfkern von Scaiano, CH<br \/>\nwespi de meuron romeo architekten bsa ag, Caviano, CH<br \/>\n<a href=\"http:\/\/www.wdmra.ch\" target=\"_blank\" rel=\"noopener noreferrer\">www.wdmra.ch<\/a><\/p>\n<p style=\"text-align: center;\"><span style=\"text-decoration: underline;\">1. Preis: Kategorie Neubauten<\/span><br \/>\nHigh Performance Rowing Centre in Pocinho, PT<br \/>\nspacialAR-TE, Porto, PT<\/p>\n<p style=\"text-align: center;\"><span style=\"text-decoration: underline;\">Lobende Erw\u00e4hnung: Sanieren\/Renovieren\/Umbauen<\/span><br \/>\nOostCampus, Oostkamp, BE<br \/>\nCarlos Arroyo Architects SLP, Madrid, ES<br \/>\n<a href=\"http:\/\/www.carlosarroyo.net\" target=\"_blank\" rel=\"noopener noreferrer\">www.carlosarroyo.net<\/a><\/p>\n<p style=\"text-align: center;\"><span style=\"text-decoration: underline;\">Lobende Erw\u00e4hnung: Neubau<\/span><br \/>\nHousing at the old citywall, Berlin, DE<br \/>\nAtelier Zafari, Berlin, DE<br \/>\n<a href=\"http:\/\/www.atelier-zafari.com\" target=\"_blank\" rel=\"noopener noreferrer\">www.atelier-zafari.com<\/a><\/p>\n<p style=\"text-align: center;\"><span style=\"text-decoration: underline;\">Lobende Erw\u00e4hnung: Neubau<\/span><br \/>\n86 Apartments, Lyon, FR<br \/>\nEric Lapierre Architecture, Paris, FR<br \/>\n<a href=\"http:\/\/www.ericlapierre.com\" target=\"_blank\" rel=\"noopener noreferrer\">www.ericlapierre.com<\/a><\/p>\n<p>Die Preisverleihung findet im Rahmen der ECOLA-Konferenz vom 24. bis 26. September 2015 in England statt. Teilnehmer sind alle Preistr\u00e4ger sowie die Wettbewerbs- und Nominierungspreisrichter. In Vortr\u00e4gen und Workshops bietet die Konferenz die Gelegenheit, sich intensiv mit dem Werkstoff Putz auseinanderzusetzen, sowohl in der praktischen Anwendung als auch in seiner technischen und gestalterischen Weiterentwicklung.<\/p>\n<p>&nbsp;<\/p>\n<hr noshade=\"noshade\" size=\"1\" \/>\n<p>&nbsp;<\/p>\n<table style=\"height: 2761px;\" border=\"0\" width=\"630\" cellspacing=\"0\" cellpadding=\"0\">\n<tbody>\n<tr>\n<td valign=\"top\" width=\"370\" height=\"25\"><a href=\"http:\/\/www.pr-neu.de\/newsroom\/wordpress\/wp-content\/uploads\/2015\/05\/15-25_Finale_Ecola_1_G-2.jpg\"><img loading=\"lazy\" decoding=\"async\" class=\"aligncenter size-medium wp-image-12754\" src=\"http:\/\/www.pr-neu.de\/newsroom\/wordpress\/wp-content\/uploads\/2015\/05\/15-25_Finale_Ecola_1_G-2-300x200.jpg\" alt=\"\" width=\"300\" height=\"200\" srcset=\"https:\/\/www.pr-neu.de\/newsroom\/wordpress\/wp-content\/uploads\/2015\/05\/15-25_Finale_Ecola_1_G-2-300x200.jpg 300w, https:\/\/www.pr-neu.de\/newsroom\/wordpress\/wp-content\/uploads\/2015\/05\/15-25_Finale_Ecola_1_G-2-1024x683.jpg 1024w, https:\/\/www.pr-neu.de\/newsroom\/wordpress\/wp-content\/uploads\/2015\/05\/15-25_Finale_Ecola_1_G-2-768x512.jpg 768w, https:\/\/www.pr-neu.de\/newsroom\/wordpress\/wp-content\/uploads\/2015\/05\/15-25_Finale_Ecola_1_G-2-1536x1024.jpg 1536w, https:\/\/www.pr-neu.de\/newsroom\/wordpress\/wp-content\/uploads\/2015\/05\/15-25_Finale_Ecola_1_G-2-110x73.jpg 110w, https:\/\/www.pr-neu.de\/newsroom\/wordpress\/wp-content\/uploads\/2015\/05\/15-25_Finale_Ecola_1_G-2-420x280.jpg 420w, https:\/\/www.pr-neu.de\/newsroom\/wordpress\/wp-content\/uploads\/2015\/05\/15-25_Finale_Ecola_1_G-2-645x430.jpg 645w, https:\/\/www.pr-neu.de\/newsroom\/wordpress\/wp-content\/uploads\/2015\/05\/15-25_Finale_Ecola_1_G-2.jpg 1795w\" sizes=\"auto, (max-width: 300px) 100vw, 300px\" \/><\/a><\/td>\n<td colspan=\"3\" height=\"21\">Die Jury (v.l.n.r.): Prof. Brian Cody (TU Graz), Prof. Enrique Sobejano (Nieto Sobejano Arquitectos, Madrid), Prof. Hubert Klumpner (ETH Z\u00fcrich), Dorte Mandrup (Dorte Mandrup Arkitekter, Kopenhagen), Sir Peter Cook (Crab Studio, London)<\/p>\n<p>Foto: Sto SE &amp; Co. KGaA, St\u00fchlingen<\/td>\n<\/tr>\n<tr>\n<td valign=\"top\" width=\"370\" height=\"25\"><a href=\"http:\/\/www.pr-neu.de\/newsroom\/wordpress\/wp-content\/uploads\/2015\/05\/15-25_Finale_Ecola_2_G.jpg\"><img loading=\"lazy\" decoding=\"async\" class=\"aligncenter size-medium wp-image-12755\" src=\"http:\/\/www.pr-neu.de\/newsroom\/wordpress\/wp-content\/uploads\/2015\/05\/15-25_Finale_Ecola_2_G-300x200.jpg\" alt=\"\" width=\"300\" height=\"200\" srcset=\"https:\/\/www.pr-neu.de\/newsroom\/wordpress\/wp-content\/uploads\/2015\/05\/15-25_Finale_Ecola_2_G-300x200.jpg 300w, https:\/\/www.pr-neu.de\/newsroom\/wordpress\/wp-content\/uploads\/2015\/05\/15-25_Finale_Ecola_2_G-1024x683.jpg 1024w, https:\/\/www.pr-neu.de\/newsroom\/wordpress\/wp-content\/uploads\/2015\/05\/15-25_Finale_Ecola_2_G-768x512.jpg 768w, https:\/\/www.pr-neu.de\/newsroom\/wordpress\/wp-content\/uploads\/2015\/05\/15-25_Finale_Ecola_2_G-1536x1024.jpg 1536w, https:\/\/www.pr-neu.de\/newsroom\/wordpress\/wp-content\/uploads\/2015\/05\/15-25_Finale_Ecola_2_G-110x73.jpg 110w, https:\/\/www.pr-neu.de\/newsroom\/wordpress\/wp-content\/uploads\/2015\/05\/15-25_Finale_Ecola_2_G-420x280.jpg 420w, https:\/\/www.pr-neu.de\/newsroom\/wordpress\/wp-content\/uploads\/2015\/05\/15-25_Finale_Ecola_2_G-645x430.jpg 645w, https:\/\/www.pr-neu.de\/newsroom\/wordpress\/wp-content\/uploads\/2015\/05\/15-25_Finale_Ecola_2_G.jpg 1795w\" sizes=\"auto, (max-width: 300px) 100vw, 300px\" \/><\/a><\/td>\n<td colspan=\"3\" height=\"21\">Am intensivsten diskutiert wurden die Einreichungen, die es nach den ersten Juryrunden auf die Shortlist geschafft hatten.<\/p>\n<p>Foto: Sto SE &amp; Co. KGaA, St\u00fchlingen<\/td>\n<\/tr>\n<tr>\n<td valign=\"top\" width=\"370\" height=\"25\"><a href=\"http:\/\/www.pr-neu.de\/newsroom\/wordpress\/wp-content\/uploads\/2015\/05\/15-25_Finale_Ecola_3_G.jpg\"><img loading=\"lazy\" decoding=\"async\" class=\"aligncenter size-medium wp-image-12756\" src=\"http:\/\/www.pr-neu.de\/newsroom\/wordpress\/wp-content\/uploads\/2015\/05\/15-25_Finale_Ecola_3_G-200x300.jpg\" alt=\"\" width=\"200\" height=\"300\" srcset=\"https:\/\/www.pr-neu.de\/newsroom\/wordpress\/wp-content\/uploads\/2015\/05\/15-25_Finale_Ecola_3_G-200x300.jpg 200w, https:\/\/www.pr-neu.de\/newsroom\/wordpress\/wp-content\/uploads\/2015\/05\/15-25_Finale_Ecola_3_G-682x1024.jpg 682w, https:\/\/www.pr-neu.de\/newsroom\/wordpress\/wp-content\/uploads\/2015\/05\/15-25_Finale_Ecola_3_G-768x1153.jpg 768w, https:\/\/www.pr-neu.de\/newsroom\/wordpress\/wp-content\/uploads\/2015\/05\/15-25_Finale_Ecola_3_G-1023x1536.jpg 1023w, https:\/\/www.pr-neu.de\/newsroom\/wordpress\/wp-content\/uploads\/2015\/05\/15-25_Finale_Ecola_3_G-73x110.jpg 73w, https:\/\/www.pr-neu.de\/newsroom\/wordpress\/wp-content\/uploads\/2015\/05\/15-25_Finale_Ecola_3_G-280x420.jpg 280w, https:\/\/www.pr-neu.de\/newsroom\/wordpress\/wp-content\/uploads\/2015\/05\/15-25_Finale_Ecola_3_G-287x430.jpg 287w, https:\/\/www.pr-neu.de\/newsroom\/wordpress\/wp-content\/uploads\/2015\/05\/15-25_Finale_Ecola_3_G.jpg 1196w\" sizes=\"auto, (max-width: 200px) 100vw, 200px\" \/><\/a><\/td>\n<td colspan=\"3\" height=\"21\">F\u00fchrte die Jury durch spannende Diskussionen: Sir Peter Cook.<\/p>\n<p>Foto: Sto SE &amp; Co. KGaA, St\u00fchlingen<\/td>\n<\/tr>\n<tr>\n<td valign=\"top\" width=\"370\" height=\"25\"><a href=\"http:\/\/www.pr-neu.de\/newsroom\/wordpress\/wp-content\/uploads\/2015\/05\/15-25_Finale_Ecola_4_G.jpg\"><img loading=\"lazy\" decoding=\"async\" class=\"aligncenter size-medium wp-image-12757\" src=\"http:\/\/www.pr-neu.de\/newsroom\/wordpress\/wp-content\/uploads\/2015\/05\/15-25_Finale_Ecola_4_G-200x300.jpg\" alt=\"\" width=\"200\" height=\"300\" srcset=\"https:\/\/www.pr-neu.de\/newsroom\/wordpress\/wp-content\/uploads\/2015\/05\/15-25_Finale_Ecola_4_G-200x300.jpg 200w, https:\/\/www.pr-neu.de\/newsroom\/wordpress\/wp-content\/uploads\/2015\/05\/15-25_Finale_Ecola_4_G-683x1024.jpg 683w, https:\/\/www.pr-neu.de\/newsroom\/wordpress\/wp-content\/uploads\/2015\/05\/15-25_Finale_Ecola_4_G-768x1151.jpg 768w, https:\/\/www.pr-neu.de\/newsroom\/wordpress\/wp-content\/uploads\/2015\/05\/15-25_Finale_Ecola_4_G-1025x1536.jpg 1025w, https:\/\/www.pr-neu.de\/newsroom\/wordpress\/wp-content\/uploads\/2015\/05\/15-25_Finale_Ecola_4_G-73x110.jpg 73w, https:\/\/www.pr-neu.de\/newsroom\/wordpress\/wp-content\/uploads\/2015\/05\/15-25_Finale_Ecola_4_G-280x420.jpg 280w, https:\/\/www.pr-neu.de\/newsroom\/wordpress\/wp-content\/uploads\/2015\/05\/15-25_Finale_Ecola_4_G-287x430.jpg 287w, https:\/\/www.pr-neu.de\/newsroom\/wordpress\/wp-content\/uploads\/2015\/05\/15-25_Finale_Ecola_4_G.jpg 1198w\" sizes=\"auto, (max-width: 200px) 100vw, 200px\" \/><\/a><\/td>\n<td colspan=\"3\" height=\"21\">149 Arbeiten aus 16 europ\u00e4ischen L\u00e4ndern waren von einer internationalen Nominierungsjury vorausgew\u00e4hlt worden.<\/p>\n<p>Foto: Sto SE &amp; Co. KGaA, St\u00fchlingen<\/td>\n<\/tr>\n<tr>\n<td valign=\"top\" width=\"370\" height=\"25\"><a href=\"http:\/\/www.pr-neu.de\/newsroom\/wordpress\/wp-content\/uploads\/2015\/05\/15-25-Ecola-spacialAR-TE_G.jpg\"><img loading=\"lazy\" decoding=\"async\" class=\"aligncenter size-medium wp-image-12758\" src=\"http:\/\/www.pr-neu.de\/newsroom\/wordpress\/wp-content\/uploads\/2015\/05\/15-25-Ecola-spacialAR-TE_G-300x180.jpg\" alt=\"\" width=\"300\" height=\"180\" srcset=\"https:\/\/www.pr-neu.de\/newsroom\/wordpress\/wp-content\/uploads\/2015\/05\/15-25-Ecola-spacialAR-TE_G-300x180.jpg 300w, https:\/\/www.pr-neu.de\/newsroom\/wordpress\/wp-content\/uploads\/2015\/05\/15-25-Ecola-spacialAR-TE_G-1024x614.jpg 1024w, https:\/\/www.pr-neu.de\/newsroom\/wordpress\/wp-content\/uploads\/2015\/05\/15-25-Ecola-spacialAR-TE_G-768x460.jpg 768w, https:\/\/www.pr-neu.de\/newsroom\/wordpress\/wp-content\/uploads\/2015\/05\/15-25-Ecola-spacialAR-TE_G-1536x921.jpg 1536w, https:\/\/www.pr-neu.de\/newsroom\/wordpress\/wp-content\/uploads\/2015\/05\/15-25-Ecola-spacialAR-TE_G-2048x1228.jpg 2048w, https:\/\/www.pr-neu.de\/newsroom\/wordpress\/wp-content\/uploads\/2015\/05\/15-25-Ecola-spacialAR-TE_G-110x66.jpg 110w, https:\/\/www.pr-neu.de\/newsroom\/wordpress\/wp-content\/uploads\/2015\/05\/15-25-Ecola-spacialAR-TE_G-420x252.jpg 420w, https:\/\/www.pr-neu.de\/newsroom\/wordpress\/wp-content\/uploads\/2015\/05\/15-25-Ecola-spacialAR-TE_G-717x430.jpg 717w\" sizes=\"auto, (max-width: 300px) 100vw, 300px\" \/><\/a><\/td>\n<td colspan=\"3\" height=\"21\">Sieger Kategorie Neubau: spacialAR-TE aus Portugal.<\/p>\n<p>Bild: ECOLA-Award<\/td>\n<\/tr>\n<tr>\n<td valign=\"top\" width=\"370\" height=\"25\"><a href=\"http:\/\/www.pr-neu.de\/newsroom\/wordpress\/wp-content\/uploads\/2015\/05\/15-25-Ecola-Umbau_1_G.jpg\"><img loading=\"lazy\" decoding=\"async\" class=\"aligncenter size-medium wp-image-12759\" src=\"http:\/\/www.pr-neu.de\/newsroom\/wordpress\/wp-content\/uploads\/2015\/05\/15-25-Ecola-Umbau_1_G-300x225.jpg\" alt=\"\" width=\"300\" height=\"225\" srcset=\"https:\/\/www.pr-neu.de\/newsroom\/wordpress\/wp-content\/uploads\/2015\/05\/15-25-Ecola-Umbau_1_G-300x225.jpg 300w, https:\/\/www.pr-neu.de\/newsroom\/wordpress\/wp-content\/uploads\/2015\/05\/15-25-Ecola-Umbau_1_G-1024x767.jpg 1024w, https:\/\/www.pr-neu.de\/newsroom\/wordpress\/wp-content\/uploads\/2015\/05\/15-25-Ecola-Umbau_1_G-768x575.jpg 768w, https:\/\/www.pr-neu.de\/newsroom\/wordpress\/wp-content\/uploads\/2015\/05\/15-25-Ecola-Umbau_1_G-1536x1151.jpg 1536w, https:\/\/www.pr-neu.de\/newsroom\/wordpress\/wp-content\/uploads\/2015\/05\/15-25-Ecola-Umbau_1_G-110x82.jpg 110w, https:\/\/www.pr-neu.de\/newsroom\/wordpress\/wp-content\/uploads\/2015\/05\/15-25-Ecola-Umbau_1_G-420x315.jpg 420w, https:\/\/www.pr-neu.de\/newsroom\/wordpress\/wp-content\/uploads\/2015\/05\/15-25-Ecola-Umbau_1_G-574x430.jpg 574w, https:\/\/www.pr-neu.de\/newsroom\/wordpress\/wp-content\/uploads\/2015\/05\/15-25-Ecola-Umbau_1_G.jpg 1795w\" sizes=\"auto, (max-width: 300px) 100vw, 300px\" \/><\/a><\/td>\n<td colspan=\"3\" height=\"21\">Sieger Kategorie Umbau: wespi de meuron romeo architekten aus der Schweiz.<\/p>\n<p>Bild: ECOLA-Award<\/td>\n<\/tr>\n<tr>\n<td valign=\"top\" width=\"370\" height=\"25\"><a href=\"http:\/\/www.pr-neu.de\/newsroom\/wordpress\/wp-content\/uploads\/2015\/05\/15-25-Ecola-Erw-Neu_1_G.jpg\"><img loading=\"lazy\" decoding=\"async\" class=\"aligncenter size-medium wp-image-12760\" src=\"http:\/\/www.pr-neu.de\/newsroom\/wordpress\/wp-content\/uploads\/2015\/05\/15-25-Ecola-Erw-Neu_1_G-300x200.jpg\" alt=\"\" width=\"300\" height=\"200\" srcset=\"https:\/\/www.pr-neu.de\/newsroom\/wordpress\/wp-content\/uploads\/2015\/05\/15-25-Ecola-Erw-Neu_1_G-300x200.jpg 300w, https:\/\/www.pr-neu.de\/newsroom\/wordpress\/wp-content\/uploads\/2015\/05\/15-25-Ecola-Erw-Neu_1_G-1024x683.jpg 1024w, https:\/\/www.pr-neu.de\/newsroom\/wordpress\/wp-content\/uploads\/2015\/05\/15-25-Ecola-Erw-Neu_1_G-768x512.jpg 768w, https:\/\/www.pr-neu.de\/newsroom\/wordpress\/wp-content\/uploads\/2015\/05\/15-25-Ecola-Erw-Neu_1_G-1536x1024.jpg 1536w, https:\/\/www.pr-neu.de\/newsroom\/wordpress\/wp-content\/uploads\/2015\/05\/15-25-Ecola-Erw-Neu_1_G-2048x1366.jpg 2048w, https:\/\/www.pr-neu.de\/newsroom\/wordpress\/wp-content\/uploads\/2015\/05\/15-25-Ecola-Erw-Neu_1_G-110x73.jpg 110w, https:\/\/www.pr-neu.de\/newsroom\/wordpress\/wp-content\/uploads\/2015\/05\/15-25-Ecola-Erw-Neu_1_G-420x280.jpg 420w, https:\/\/www.pr-neu.de\/newsroom\/wordpress\/wp-content\/uploads\/2015\/05\/15-25-Ecola-Erw-Neu_1_G-645x430.jpg 645w\" sizes=\"auto, (max-width: 300px) 100vw, 300px\" \/><\/a><\/td>\n<td colspan=\"3\" height=\"21\">Lobende Erw\u00e4hnungen, Kategorie Neubau: Atelier Zafari, Deutschland.<\/p>\n<p>Bild: ECOLA-Award<\/td>\n<\/tr>\n<tr>\n<td valign=\"top\" width=\"370\" height=\"25\"><a href=\"http:\/\/www.pr-neu.de\/newsroom\/wordpress\/wp-content\/uploads\/2015\/05\/15-25-Ecola-Erw-Umbau_G.jpg\"><img loading=\"lazy\" decoding=\"async\" class=\"aligncenter size-medium wp-image-12761\" src=\"http:\/\/www.pr-neu.de\/newsroom\/wordpress\/wp-content\/uploads\/2015\/05\/15-25-Ecola-Erw-Umbau_G-300x200.jpg\" alt=\"\" width=\"300\" height=\"200\" srcset=\"https:\/\/www.pr-neu.de\/newsroom\/wordpress\/wp-content\/uploads\/2015\/05\/15-25-Ecola-Erw-Umbau_G-300x200.jpg 300w, https:\/\/www.pr-neu.de\/newsroom\/wordpress\/wp-content\/uploads\/2015\/05\/15-25-Ecola-Erw-Umbau_G-1024x682.jpg 1024w, https:\/\/www.pr-neu.de\/newsroom\/wordpress\/wp-content\/uploads\/2015\/05\/15-25-Ecola-Erw-Umbau_G-768x512.jpg 768w, https:\/\/www.pr-neu.de\/newsroom\/wordpress\/wp-content\/uploads\/2015\/05\/15-25-Ecola-Erw-Umbau_G-110x73.jpg 110w, https:\/\/www.pr-neu.de\/newsroom\/wordpress\/wp-content\/uploads\/2015\/05\/15-25-Ecola-Erw-Umbau_G-420x280.jpg 420w, https:\/\/www.pr-neu.de\/newsroom\/wordpress\/wp-content\/uploads\/2015\/05\/15-25-Ecola-Erw-Umbau_G-645x430.jpg 645w, https:\/\/www.pr-neu.de\/newsroom\/wordpress\/wp-content\/uploads\/2015\/05\/15-25-Ecola-Erw-Umbau_G.jpg 1202w\" sizes=\"auto, (max-width: 300px) 100vw, 300px\" \/><\/a><\/td>\n<td colspan=\"3\" height=\"21\">Lobende Erw\u00e4hnungen, Kategorie Umbau: Carlos Arroyo Architects SLP, Spanien.<\/p>\n<p>Bild: ECOLA-Award<\/td>\n<\/tr>\n<tr>\n<td valign=\"top\" width=\"370\" height=\"25\"><a href=\"http:\/\/www.pr-neu.de\/newsroom\/wordpress\/wp-content\/uploads\/2015\/05\/15-25-Ecola-Erw-Lyon_G.jpg\"><img loading=\"lazy\" decoding=\"async\" class=\"aligncenter size-medium wp-image-12762\" src=\"http:\/\/www.pr-neu.de\/newsroom\/wordpress\/wp-content\/uploads\/2015\/05\/15-25-Ecola-Erw-Lyon_G-300x204.jpg\" alt=\"\" width=\"300\" height=\"204\" srcset=\"https:\/\/www.pr-neu.de\/newsroom\/wordpress\/wp-content\/uploads\/2015\/05\/15-25-Ecola-Erw-Lyon_G-300x204.jpg 300w, https:\/\/www.pr-neu.de\/newsroom\/wordpress\/wp-content\/uploads\/2015\/05\/15-25-Ecola-Erw-Lyon_G-1024x695.jpg 1024w, https:\/\/www.pr-neu.de\/newsroom\/wordpress\/wp-content\/uploads\/2015\/05\/15-25-Ecola-Erw-Lyon_G-768x521.jpg 768w, https:\/\/www.pr-neu.de\/newsroom\/wordpress\/wp-content\/uploads\/2015\/05\/15-25-Ecola-Erw-Lyon_G-1536x1042.jpg 1536w, https:\/\/www.pr-neu.de\/newsroom\/wordpress\/wp-content\/uploads\/2015\/05\/15-25-Ecola-Erw-Lyon_G-2048x1390.jpg 2048w, https:\/\/www.pr-neu.de\/newsroom\/wordpress\/wp-content\/uploads\/2015\/05\/15-25-Ecola-Erw-Lyon_G-110x75.jpg 110w, https:\/\/www.pr-neu.de\/newsroom\/wordpress\/wp-content\/uploads\/2015\/05\/15-25-Ecola-Erw-Lyon_G-420x285.jpg 420w, https:\/\/www.pr-neu.de\/newsroom\/wordpress\/wp-content\/uploads\/2015\/05\/15-25-Ecola-Erw-Lyon_G-634x430.jpg 634w\" sizes=\"auto, (max-width: 300px) 100vw, 300px\" \/><\/a><\/td>\n<td colspan=\"3\" height=\"21\">Lobende Erw\u00e4hnungen, Kategorie Neubau: Eric Lapierre Architecture, Frankreich.<\/p>\n<p>Bild: ECOLA-Award<\/td>\n<\/tr>\n<\/tbody>\n<\/table>\n<p>&nbsp;<\/p>\n<hr noshade=\"noshade\" size=\"1\" \/>\n<p>&nbsp;<\/p>\n<p>Abdruck honorarfrei, Belegexemplar erbeten<\/p>\n<p>&nbsp;<\/p>\n","protected":false},"excerpt":{"rendered":"<p>European Conference of Leading Architects 2015 Bei der Jurysitzung unter Vorsitz von Sir Peter Cook (Crab Studio, London, UK) am 8. Mai in Berlin wurden zwei erste Preise und drei Lobende Erw\u00e4hnungen vergeben. Den ersten Preis in der Kategorie der Neubauten gewannen spacialAR-TE aus Porto mit dem High Performance Rowing Centre in Pocinho, PT, w\u00e4hrend [&hellip;]<\/p>\n","protected":false},"author":6,"featured_media":8170,"comment_status":"closed","ping_status":"open","sticky":false,"template":"","format":"standard","meta":{"footnotes":""},"categories":[3,15],"tags":[],"class_list":["post-3459","post","type-post","status-publish","format-standard","has-post-thumbnail","hentry","category-kundenmeldungen","category-sto"],"_links":{"self":[{"href":"https:\/\/www.pr-neu.de\/newsroom\/wp-json\/wp\/v2\/posts\/3459","targetHints":{"allow":["GET"]}}],"collection":[{"href":"https:\/\/www.pr-neu.de\/newsroom\/wp-json\/wp\/v2\/posts"}],"about":[{"href":"https:\/\/www.pr-neu.de\/newsroom\/wp-json\/wp\/v2\/types\/post"}],"author":[{"embeddable":true,"href":"https:\/\/www.pr-neu.de\/newsroom\/wp-json\/wp\/v2\/users\/6"}],"replies":[{"embeddable":true,"href":"https:\/\/www.pr-neu.de\/newsroom\/wp-json\/wp\/v2\/comments?post=3459"}],"version-history":[{"count":5,"href":"https:\/\/www.pr-neu.de\/newsroom\/wp-json\/wp\/v2\/posts\/3459\/revisions"}],"predecessor-version":[{"id":12763,"href":"https:\/\/www.pr-neu.de\/newsroom\/wp-json\/wp\/v2\/posts\/3459\/revisions\/12763"}],"wp:featuredmedia":[{"embeddable":true,"href":"https:\/\/www.pr-neu.de\/newsroom\/wp-json\/wp\/v2\/media\/8170"}],"wp:attachment":[{"href":"https:\/\/www.pr-neu.de\/newsroom\/wp-json\/wp\/v2\/media?parent=3459"}],"wp:term":[{"taxonomy":"category","embeddable":true,"href":"https:\/\/www.pr-neu.de\/newsroom\/wp-json\/wp\/v2\/categories?post=3459"},{"taxonomy":"post_tag","embeddable":true,"href":"https:\/\/www.pr-neu.de\/newsroom\/wp-json\/wp\/v2\/tags?post=3459"}],"curies":[{"name":"wp","href":"https:\/\/api.w.org\/{rel}","templated":true}]}}