{"id":3455,"date":"2015-05-18T12:17:54","date_gmt":"2015-05-18T12:17:54","guid":{"rendered":"http:\/\/www.pr-nord.de\/newsroom\/?p=3455"},"modified":"2020-05-28T15:10:11","modified_gmt":"2020-05-28T13:10:11","slug":"intelligenter-sonnenschutz-fuer-flachdachfenster","status":"publish","type":"post","link":"https:\/\/www.pr-neu.de\/newsroom\/intelligenter-sonnenschutz-fuer-flachdachfenster\/","title":{"rendered":"Intelligenter Sonnenschutz f\u00fcr Flachdachfenster"},"content":{"rendered":"<p><u>Stylisches Oberlicht mit dimmbarer Verglasung ECONTROL<\/u><\/p>\n<p><b>Mit Flachdachfenstern kommt Tageslicht in Treppenh\u00e4user und Wohnr\u00e4ume. Das sorgt f\u00fcr angenehmes, nat\u00fcrliches Wohnen und mit der Sonnenw\u00e4rme lassen sich sogar Heizkosten sparen. Damit die R\u00e4ume bei starker Sonneneinstrahlung nicht \u00fcberhitzen, gibt es nun Flachdachfenster mit dimmbarem Glas: Die Kombination ist seit Mai als \u201eessertop KARAT\u201c auf dem Markt.<\/b><\/p>\n<p>Es gibt eine intelligente Alternative zur herk\u00f6mmlichen Verschattung durch Jalousien oder Raffstores: die dimmbare Verglasung ECONTROL. Per Knopfdruck l\u00e4sst sich das Glas dimmen. So sorgt es f\u00fcr Sonnenschutz, w\u00e4hrend es den Raum zugleich hell l\u00e4sst. Je nach Witterung und individuellem Empfinden kann der Nutzer bestimmen, wie viel Tageslicht (und W\u00e4rme) nach innen gelangt. Das sorgt im Sommer f\u00fcr ein angenehmes Klima und reduziert im Winter die Heizkosten.<\/p>\n<p><b>Verschattung bei freiem Blick zum Himmel<\/b><\/p>\n<p>Nat\u00fcrliches Licht macht uns produktiv und steigert das Wohlbefinden. Ein Nachteil lichtdurchfluteter R\u00e4ume: Sie werden schnell zu warm, denn mit der Helligkeit kommt die Hitze. Dagegen halfen bisher nur energieintensive Klimaanlagen oder mechanische Verschattungsanlagen, die wiederum die Helligkeit nehmen. ECONTROL bietet Verschattung in Winterg\u00e4rten, Fenstern und Dachoberlichtern ganz ohne diese Nachteile, gleichzeitig bleiben bis zu 90 Prozent der W\u00e4rme drau\u00dfen, ohne dass es v\u00f6llig dunkel wird. Gerade in Dachfenstern ist das dimmbare Glas besonders n\u00fctzlich, da hier die direkte Sonneneinstrahlung au\u00dferordentlich hoch ist. Weitere Vorteile: L\u00e4stiges S\u00e4ubern obenliegender Jalousien entf\u00e4llt und im Winter vermindern die guten D\u00e4mmeigenschaften der Verglasung sogar Heizw\u00e4rmeverluste.<\/p>\n<p><b>Design trifft Funktionalit\u00e4t<\/b><\/p>\n<p>Mit dem intelligenten Sonnenschutzglas sind Design und Funktionalit\u00e4t nicht mehr Konkurrenz \u2013 sie reichen sich sozusagen die Hand. Und mit \u201eessertop KARAT\u201c stehen die Vorteile des dimmbaren Glases nun auch f\u00fcr ein Oberlicht zur Verf\u00fcgung \u2013 als eine von mehreren w\u00e4hlbaren Verglasungsvarianten. Das Flachdachfenster \u00fcberzeugte auch die Jury des Red Dot Awards in der Kategorie Product Design.<\/p>\n<hr noshade=\"noshade\" size=\"1\" \/>\n<p><b>Innovative Technik kompakt erkl\u00e4rt<\/b><\/p>\n<p>ECONTROL-Gl\u00e4ser verf\u00fcgen \u00fcber eine innenliegende nanostrukturierte Beschichtung, die ihre Farbe \u00e4ndert, sobald eine geringe elektrische Spannung angelegt wird. Durch diesen sogenannten \u201eelektrochromen Effekt\u201c f\u00e4rbt sich das Glas blau ein und sorgt f\u00fcr ein angenehmes Raumklima. Die Dimmung erfolgt automatisch \u00fcber Licht- bzw. Sensorsignale oder manuell per Knopfdruck.<\/p>\n<hr noshade=\"noshade\" size=\"1\" \/>\n<table style=\"height: 319px;\" border=\"0\" width=\"722\" cellspacing=\"0\" cellpadding=\"0\">\n<tbody>\n<tr>\n<td valign=\"top\" width=\"370\" height=\"200\"><a href=\"http:\/\/www.pr-neu.de\/newsroom\/wordpress\/wp-content\/uploads\/2015\/05\/15-02_flachdachfenster_aussen_G-scaled.jpg\"><img loading=\"lazy\" decoding=\"async\" class=\"size-medium wp-image-12767\" src=\"http:\/\/www.pr-neu.de\/newsroom\/wordpress\/wp-content\/uploads\/2015\/05\/15-02_flachdachfenster_aussen_G-300x102.jpg\" alt=\"\" width=\"300\" height=\"102\" srcset=\"https:\/\/www.pr-neu.de\/newsroom\/wordpress\/wp-content\/uploads\/2015\/05\/15-02_flachdachfenster_aussen_G-300x102.jpg 300w, https:\/\/www.pr-neu.de\/newsroom\/wordpress\/wp-content\/uploads\/2015\/05\/15-02_flachdachfenster_aussen_G-1024x348.jpg 1024w, https:\/\/www.pr-neu.de\/newsroom\/wordpress\/wp-content\/uploads\/2015\/05\/15-02_flachdachfenster_aussen_G-768x261.jpg 768w, https:\/\/www.pr-neu.de\/newsroom\/wordpress\/wp-content\/uploads\/2015\/05\/15-02_flachdachfenster_aussen_G-1536x523.jpg 1536w, https:\/\/www.pr-neu.de\/newsroom\/wordpress\/wp-content\/uploads\/2015\/05\/15-02_flachdachfenster_aussen_G-2048x697.jpg 2048w, https:\/\/www.pr-neu.de\/newsroom\/wordpress\/wp-content\/uploads\/2015\/05\/15-02_flachdachfenster_aussen_G-110x37.jpg 110w, https:\/\/www.pr-neu.de\/newsroom\/wordpress\/wp-content\/uploads\/2015\/05\/15-02_flachdachfenster_aussen_G-420x143.jpg 420w, https:\/\/www.pr-neu.de\/newsroom\/wordpress\/wp-content\/uploads\/2015\/05\/15-02_flachdachfenster_aussen_G-770x262.jpg 770w\" sizes=\"auto, (max-width: 300px) 100vw, 300px\" \/><\/a><\/td>\n<td colspan=\"3\" height=\"200\">Die kristalline Form Flachdachfensters erinnert an den Facettenschliff eines Diamanten.<\/p>\n<p>Foto: Eternit Flachdach GmbH<\/td>\n<\/tr>\n<tr>\n<td valign=\"top\" width=\"370\" height=\"200\"><a href=\"http:\/\/www.pr-neu.de\/newsroom\/wordpress\/wp-content\/uploads\/2015\/05\/15-02_flachdachfenster_ungedimmt_gedimmt_G-1-scaled.jpg\"><img loading=\"lazy\" decoding=\"async\" class=\"size-medium wp-image-12768\" src=\"http:\/\/www.pr-neu.de\/newsroom\/wordpress\/wp-content\/uploads\/2015\/05\/15-02_flachdachfenster_ungedimmt_gedimmt_G-1-300x105.jpg\" alt=\"\" width=\"300\" height=\"105\" srcset=\"https:\/\/www.pr-neu.de\/newsroom\/wordpress\/wp-content\/uploads\/2015\/05\/15-02_flachdachfenster_ungedimmt_gedimmt_G-1-300x105.jpg 300w, https:\/\/www.pr-neu.de\/newsroom\/wordpress\/wp-content\/uploads\/2015\/05\/15-02_flachdachfenster_ungedimmt_gedimmt_G-1-1024x358.jpg 1024w, https:\/\/www.pr-neu.de\/newsroom\/wordpress\/wp-content\/uploads\/2015\/05\/15-02_flachdachfenster_ungedimmt_gedimmt_G-1-768x268.jpg 768w, https:\/\/www.pr-neu.de\/newsroom\/wordpress\/wp-content\/uploads\/2015\/05\/15-02_flachdachfenster_ungedimmt_gedimmt_G-1-1536x537.jpg 1536w, https:\/\/www.pr-neu.de\/newsroom\/wordpress\/wp-content\/uploads\/2015\/05\/15-02_flachdachfenster_ungedimmt_gedimmt_G-1-2048x716.jpg 2048w, https:\/\/www.pr-neu.de\/newsroom\/wordpress\/wp-content\/uploads\/2015\/05\/15-02_flachdachfenster_ungedimmt_gedimmt_G-1-110x38.jpg 110w, https:\/\/www.pr-neu.de\/newsroom\/wordpress\/wp-content\/uploads\/2015\/05\/15-02_flachdachfenster_ungedimmt_gedimmt_G-1-420x147.jpg 420w, https:\/\/www.pr-neu.de\/newsroom\/wordpress\/wp-content\/uploads\/2015\/05\/15-02_flachdachfenster_ungedimmt_gedimmt_G-1-770x269.jpg 770w\" sizes=\"auto, (max-width: 300px) 100vw, 300px\" \/><\/a><\/td>\n<td colspan=\"3\" height=\"200\">Das dimmbare Glas ECONTROL sorgt auch im Flachdachfenster \u201eessertop KARAT\u201c f\u00fcr Sonnenschutz und Verschattung. Dennoch l\u00e4sst es Tageslicht in den Raum. (links: ungedimmt\/rechts: gedimmt).<\/p>\n<p>Foto: Eternit Flachdach GmbH<\/td>\n<\/tr>\n<\/tbody>\n<\/table>\n<hr noshade=\"noshade\" size=\"1\" \/>\n<p>Abdruck honorarfrei, Belegexemplar erbeten<\/p>\n<p><strong>R\u00fcckfragen beantwortet gern<\/strong><\/p>\n<table width=\"532\">\n<tbody>\n<tr>\n<td valign=\"top\" width=\"260\" height=\"25\"><strong>EControl-Glas<\/strong> GmbH &amp; Co. KG<br \/>\nNadine Witt<br \/>\nTel.: +49(0)3741\/14820-116<br \/>\nFax: +49(0)3741\/14820-150<br \/>\nE-Mail: <a href=\"&#x6d;&#x61;&#x69;&#x6c;&#x74;&#111;&#58;&#112;&#114;ess&#x65;&#x40;&#x65;&#x63;&#x6f;&#x6e;&#116;&#114;&#111;l-g&#x6c;&#x61;&#x73;&#x2e;&#x64;&#x65;\">&#112;&#x72;e&#115;&#x73;e&#x40;&#x65;&#99;&#x6f;n&#116;&#x72;o&#108;&#x2d;&#103;&#x6c;a&#115;&#x2e;d&#101;<\/a><\/td>\n<td colspan=\"3\" valign=\"top\" width=\"260\" height=\"21\"><\/td>\n<\/tr>\n<\/tbody>\n<\/table>\n","protected":false},"excerpt":{"rendered":"<p>Stylisches Oberlicht mit dimmbarer Verglasung ECONTROL Mit Flachdachfenstern kommt Tageslicht in Treppenh\u00e4user und Wohnr\u00e4ume. Das sorgt f\u00fcr angenehmes, nat\u00fcrliches Wohnen und mit der Sonnenw\u00e4rme lassen sich sogar Heizkosten sparen. Damit die R\u00e4ume bei starker Sonneneinstrahlung nicht \u00fcberhitzen, gibt es nun Flachdachfenster mit dimmbarem Glas: Die Kombination ist seit Mai als \u201eessertop KARAT\u201c auf dem Markt. [&hellip;]<\/p>\n","protected":false},"author":6,"featured_media":7781,"comment_status":"closed","ping_status":"open","sticky":false,"template":"","format":"standard","meta":{"footnotes":""},"categories":[25,3],"tags":[],"class_list":["post-3455","post","type-post","status-publish","format-standard","has-post-thumbnail","hentry","category-econtrol","category-kundenmeldungen"],"_links":{"self":[{"href":"https:\/\/www.pr-neu.de\/newsroom\/wp-json\/wp\/v2\/posts\/3455","targetHints":{"allow":["GET"]}}],"collection":[{"href":"https:\/\/www.pr-neu.de\/newsroom\/wp-json\/wp\/v2\/posts"}],"about":[{"href":"https:\/\/www.pr-neu.de\/newsroom\/wp-json\/wp\/v2\/types\/post"}],"author":[{"embeddable":true,"href":"https:\/\/www.pr-neu.de\/newsroom\/wp-json\/wp\/v2\/users\/6"}],"replies":[{"embeddable":true,"href":"https:\/\/www.pr-neu.de\/newsroom\/wp-json\/wp\/v2\/comments?post=3455"}],"version-history":[{"count":4,"href":"https:\/\/www.pr-neu.de\/newsroom\/wp-json\/wp\/v2\/posts\/3455\/revisions"}],"predecessor-version":[{"id":12769,"href":"https:\/\/www.pr-neu.de\/newsroom\/wp-json\/wp\/v2\/posts\/3455\/revisions\/12769"}],"wp:featuredmedia":[{"embeddable":true,"href":"https:\/\/www.pr-neu.de\/newsroom\/wp-json\/wp\/v2\/media\/7781"}],"wp:attachment":[{"href":"https:\/\/www.pr-neu.de\/newsroom\/wp-json\/wp\/v2\/media?parent=3455"}],"wp:term":[{"taxonomy":"category","embeddable":true,"href":"https:\/\/www.pr-neu.de\/newsroom\/wp-json\/wp\/v2\/categories?post=3455"},{"taxonomy":"post_tag","embeddable":true,"href":"https:\/\/www.pr-neu.de\/newsroom\/wp-json\/wp\/v2\/tags?post=3455"}],"curies":[{"name":"wp","href":"https:\/\/api.w.org\/{rel}","templated":true}]}}