{"id":3323,"date":"2015-04-08T12:00:44","date_gmt":"2015-04-08T12:00:44","guid":{"rendered":"http:\/\/www.pr-nord.de\/newsroom\/?p=3323"},"modified":"2020-05-28T15:47:33","modified_gmt":"2020-05-28T13:47:33","slug":"intelligente-verschattung-auch-fuer-flachdachfenster","status":"publish","type":"post","link":"https:\/\/www.pr-neu.de\/newsroom\/intelligente-verschattung-auch-fuer-flachdachfenster\/","title":{"rendered":"Intelligente Verschattung auch f\u00fcr Flachdachfenster"},"content":{"rendered":"<p><u>Preisgekr\u00f6ntes Oberlicht mit dimmbarer Verglasung ECONTROL<\/u><\/p>\n<p>Flachdachfenster mit dimmbarem Glas: Diese Kombination kommt im Mai als \u201eessertop KARAT\u201c auf den Markt.<\/p>\n<p><strong> Gerade im Oberlicht stiftet das schaltbare Glas ECONTROL hohen Nutzen, da hier die direkte Sonneneinstrahlung besonders hoch ist. Je nach Aufbau und Dimmstufe reduziert das Glas den solaren W\u00e4rmedurchlass um bis zu 90 Prozent. Die Tageslichttransmission variiert zwischen 9 und 55 Prozent, sodass selbst bei intensiver Dimmung noch gen\u00fcgend Tageslicht ins Rauminnere gelangt. Zudem tr\u00e4gt die Verglasung zum Blendschutz bei und ist eine \u00e4sthetische sowie komfortable Alternative zu herk\u00f6mmlicher Verschattung. \u201eessertop KARAT\u201c wurde j\u00fcngst mit dem Red Dot Award f\u00fcr Produktdesign ausgezeichnet.<\/strong><\/p>\n<p>Viele Menschen verbringen ihren Arbeitsalltag in B\u00fcros oder Industriehallen. Da ist es nicht nur wichtig, sondern mit der neuen Arbeitsst\u00e4ttenverordnung auch Pflicht, dass in geschlossenen R\u00e4umen f\u00fcr gen\u00fcgend Tageslicht und eine Sichtverbindung nach drau\u00dfen gesorgt ist. Nat\u00fcrliches Licht macht uns produktiv und steigert das Wohlbefinden. Nachteil lichtdurchfluteter R\u00e4ume: Sie sind anf\u00e4llig f\u00fcr \u00dcberhitzung. Denn mit der Helligkeit kommt die W\u00e4rme und dagegen helfen nur energieintensive Klimaanlagen oder mechanische Verschattung, die wiederum die Helligkeit nimmt. Ein dimmbares Glas an Fenstern und Dachoberlichtern kann diverse Beeintr\u00e4chtigungen durch \u00fcberm\u00e4\u00dfige Sonneneinstrahlung am Arbeitsplatz verhindern und f\u00f6rdert durch sein spezifisches Lichtspektrum zudem das Wohlbefinden.<\/p>\n<p><strong>Verschattung mit freiem Blick zum Himmel<\/strong><\/p>\n<p>Das dimmbare Glas ECONTROL ist eine intelligente Alternative zu herk\u00f6mmlichen Verschattungsanlagen und sorgt f\u00fcr Sonnenschutz sowie ausreichend Helligkeit \u2013 herk\u00f6mmliche Verschattung entf\u00e4llt, Klimatisierungskosten werden reduziert. Je nach Witterung und individuellem Empfinden kann die Tageslichttransmission des Glases angepasst werden und variiert zwischen 55 und 9 Prozent. Zu einem ganzj\u00e4hrig angenehmen Raumklima tr\u00e4gt vor allem der ver\u00e4nderbare g-Wert des Glases bei. Er variiert beim Zweifach-Isolierglas zwischen 12 und 40 Prozent, im Dreifach-Aufbau l\u00e4sst er sich sogar bis auf 9 Prozent senken. Der gute Ug-Wert (je nach Aufbau 0,5 oder 1,1 W\/m\u00b2K) vermindert zus\u00e4tzlich Heizw\u00e4rmeverluste im Winter.<\/p>\n<p><strong>Design vs. Funktionalit\u00e4t<\/strong><\/p>\n<p>Mit dem intelligenten Sonnenschutzglas ECONTROL stehen Design und Funktionalit\u00e4t nicht mehr in Konkurrenz \u2013 sie reichen sich sozusagen die Hand. Durch den Wegfall herk\u00f6mmlicher Verschattungsanlagen m\u00fcssen diese nicht mehr in das Bauwerkdesign integriert werden \u2013 die Geb\u00e4udekubatur bleibt also unbeeinflusst und stylisch. Die Verschattung findet ausschlie\u00dflich \u00fcber den elektrochromen Effekt im Glasinneren statt. Die innenliegende nanostrukturierte Beschichtung der Gl\u00e4ser sorgt daf\u00fcr, dass sich das Glas blau einf\u00e4rbt, sobald eine geringe elektrische Spannung angelegt wird. Die Dimmung erfolgt automatisch \u00fcber Licht- und Sensorsignale.<\/p>\n<p><strong>ECONTROL im Flachdachfenster<\/strong><\/p>\n<p>Mit \u201eessertop KARAT\u201c stehen die \u00e4sthetischen Freiheiten und funktionalen Vorteile des dimmbaren Glases nun auch f\u00fcr ein Oberlicht zur Verf\u00fcgung: als eine von mehreren w\u00e4hlbaren Verglasungsvarianten. Das Flachdachfenster \u00fcberzeugte j\u00fcngst auch die Jury des Red Dot Awards. In der Kategorie Product Design werden Produkte geehrt, die sich unter anderem durch einen hohen Innovationsgrad sowie durch ihre Funktionalit\u00e4t und \u00c4sthetik auszeichnen. Der sich zur Verglasung hin \u00f6ffnende Aufsetzkranz des Flachdachfensters sorgt daf\u00fcr, dass sich die Fl\u00e4che f\u00fcr den Lichteinfall im Vergleich zu herk\u00f6mmlichen Oberlichtern um bis zu 125 Prozent vergr\u00f6\u00dfert.<\/p>\n<hr noshade=\"noshade\" size=\"1\" \/>\n<table style=\"height: 457px;\" border=\"0\" width=\"726\" cellspacing=\"0\" cellpadding=\"0\">\n<tbody>\n<tr>\n<td valign=\"top\" width=\"370\" height=\"200\"><a href=\"http:\/\/www.pr-neu.de\/newsroom\/wordpress\/wp-content\/uploads\/2015\/05\/15-02_flachdachfenster_aussen_G-scaled.jpg\"><img loading=\"lazy\" decoding=\"async\" class=\"size-medium wp-image-12767\" src=\"http:\/\/www.pr-neu.de\/newsroom\/wordpress\/wp-content\/uploads\/2015\/05\/15-02_flachdachfenster_aussen_G-300x102.jpg\" alt=\"\" width=\"300\" height=\"102\" srcset=\"https:\/\/www.pr-neu.de\/newsroom\/wordpress\/wp-content\/uploads\/2015\/05\/15-02_flachdachfenster_aussen_G-300x102.jpg 300w, https:\/\/www.pr-neu.de\/newsroom\/wordpress\/wp-content\/uploads\/2015\/05\/15-02_flachdachfenster_aussen_G-1024x348.jpg 1024w, https:\/\/www.pr-neu.de\/newsroom\/wordpress\/wp-content\/uploads\/2015\/05\/15-02_flachdachfenster_aussen_G-768x261.jpg 768w, https:\/\/www.pr-neu.de\/newsroom\/wordpress\/wp-content\/uploads\/2015\/05\/15-02_flachdachfenster_aussen_G-1536x523.jpg 1536w, https:\/\/www.pr-neu.de\/newsroom\/wordpress\/wp-content\/uploads\/2015\/05\/15-02_flachdachfenster_aussen_G-2048x697.jpg 2048w, https:\/\/www.pr-neu.de\/newsroom\/wordpress\/wp-content\/uploads\/2015\/05\/15-02_flachdachfenster_aussen_G-110x37.jpg 110w, https:\/\/www.pr-neu.de\/newsroom\/wordpress\/wp-content\/uploads\/2015\/05\/15-02_flachdachfenster_aussen_G-420x143.jpg 420w, https:\/\/www.pr-neu.de\/newsroom\/wordpress\/wp-content\/uploads\/2015\/05\/15-02_flachdachfenster_aussen_G-770x262.jpg 770w\" sizes=\"auto, (max-width: 300px) 100vw, 300px\" \/><\/a><\/td>\n<td colspan=\"3\" height=\"200\">Die kristalline Form des mit dem Red Dot Award f\u00fcr Produktdesign ausgezeichneten Flachdachfensters erinnert an den Facettenschliff eines Diamanten. Sie vergr\u00f6\u00dfert die Lichtfl\u00e4che des Oberlichtes im Vergleich zu herk\u00f6mmlichen Flachdachfenstern um bis zu 125 Prozent.<\/p>\n<p>Foto: Eternit Flachdach GmbH<\/td>\n<\/tr>\n<tr>\n<td valign=\"top\" width=\"370\" height=\"200\"><a href=\"http:\/\/www.pr-neu.de\/newsroom\/wordpress\/wp-content\/uploads\/2015\/05\/15-02_flachdachfenster_ungedimmt_gedimmt_G-1-scaled.jpg\"><img loading=\"lazy\" decoding=\"async\" class=\"size-medium wp-image-12768\" src=\"http:\/\/www.pr-neu.de\/newsroom\/wordpress\/wp-content\/uploads\/2015\/05\/15-02_flachdachfenster_ungedimmt_gedimmt_G-1-300x105.jpg\" alt=\"\" width=\"300\" height=\"105\" srcset=\"https:\/\/www.pr-neu.de\/newsroom\/wordpress\/wp-content\/uploads\/2015\/05\/15-02_flachdachfenster_ungedimmt_gedimmt_G-1-300x105.jpg 300w, https:\/\/www.pr-neu.de\/newsroom\/wordpress\/wp-content\/uploads\/2015\/05\/15-02_flachdachfenster_ungedimmt_gedimmt_G-1-1024x358.jpg 1024w, https:\/\/www.pr-neu.de\/newsroom\/wordpress\/wp-content\/uploads\/2015\/05\/15-02_flachdachfenster_ungedimmt_gedimmt_G-1-768x268.jpg 768w, https:\/\/www.pr-neu.de\/newsroom\/wordpress\/wp-content\/uploads\/2015\/05\/15-02_flachdachfenster_ungedimmt_gedimmt_G-1-1536x537.jpg 1536w, https:\/\/www.pr-neu.de\/newsroom\/wordpress\/wp-content\/uploads\/2015\/05\/15-02_flachdachfenster_ungedimmt_gedimmt_G-1-2048x716.jpg 2048w, https:\/\/www.pr-neu.de\/newsroom\/wordpress\/wp-content\/uploads\/2015\/05\/15-02_flachdachfenster_ungedimmt_gedimmt_G-1-110x38.jpg 110w, https:\/\/www.pr-neu.de\/newsroom\/wordpress\/wp-content\/uploads\/2015\/05\/15-02_flachdachfenster_ungedimmt_gedimmt_G-1-420x147.jpg 420w, https:\/\/www.pr-neu.de\/newsroom\/wordpress\/wp-content\/uploads\/2015\/05\/15-02_flachdachfenster_ungedimmt_gedimmt_G-1-770x269.jpg 770w\" sizes=\"auto, (max-width: 300px) 100vw, 300px\" \/><\/a><\/td>\n<td colspan=\"3\" height=\"200\">Das dimmbare Glas ECONTROL sorgt auch im Flachdachfenster \u201eessertop KARAT\u201c f\u00fcr Sonnenschutz und Verschattung. Dennoch l\u00e4sst es je nach Dimmstufe bis zu 55 Prozent Tageslicht in den Raum (links: ungedimmt\/rechts: gedimmt).<\/p>\n<p>Foto: Eternit Flachdach GmbH<\/td>\n<\/tr>\n<\/tbody>\n<\/table>\n<hr noshade=\"noshade\" size=\"1\" \/>\n<p>Abdruck honorarfrei, Belegexemplar erbeten<\/p>\n<p><strong>R\u00fcckfragen beantwortet gern<\/strong><\/p>\n<table width=\"532\">\n<tbody>\n<tr>\n<td valign=\"top\" width=\"260\" height=\"25\"><strong>EControl-Glas<\/strong> GmbH &amp; Co. KG<br \/>\nNadine Witt<br \/>\nTel.: +49(0)3741\/14820-116<br \/>\nFax: +49(0)3741\/14820-150<br \/>\nE-Mail: <a href=\"&#x6d;&#97;&#105;&#x6c;&#x74;&#111;&#58;&#x70;&#x72;&#101;&#115;&#x73;&#x65;&#64;&#101;&#x63;&#x6f;&#110;&#116;&#x72;&#x6f;&#108;&#45;&#x67;&#x6c;&#97;&#115;&#x2e;&#x64;&#101;\">p&#114;&#101;&#x73;&#x73;e&#64;&#101;&#x63;&#x6f;&#x6e;t&#114;&#111;&#x6c;&#x2d;gl&#97;&#x73;&#x2e;&#x64;e<\/a><\/td>\n<td colspan=\"3\" valign=\"top\" width=\"260\" height=\"21\"><\/td>\n<\/tr>\n<\/tbody>\n<\/table>\n","protected":false},"excerpt":{"rendered":"<p>Preisgekr\u00f6ntes Oberlicht mit dimmbarer Verglasung ECONTROL Flachdachfenster mit dimmbarem Glas: Diese Kombination kommt im Mai als \u201eessertop KARAT\u201c auf den Markt. Gerade im Oberlicht stiftet das schaltbare Glas ECONTROL hohen Nutzen, da hier die direkte Sonneneinstrahlung besonders hoch ist. Je nach Aufbau und Dimmstufe reduziert das Glas den solaren W\u00e4rmedurchlass um bis zu 90 Prozent. [&hellip;]<\/p>\n","protected":false},"author":6,"featured_media":7778,"comment_status":"closed","ping_status":"open","sticky":false,"template":"","format":"standard","meta":{"footnotes":""},"categories":[25,3],"tags":[],"class_list":["post-3323","post","type-post","status-publish","format-standard","has-post-thumbnail","hentry","category-econtrol","category-kundenmeldungen"],"_links":{"self":[{"href":"https:\/\/www.pr-neu.de\/newsroom\/wp-json\/wp\/v2\/posts\/3323","targetHints":{"allow":["GET"]}}],"collection":[{"href":"https:\/\/www.pr-neu.de\/newsroom\/wp-json\/wp\/v2\/posts"}],"about":[{"href":"https:\/\/www.pr-neu.de\/newsroom\/wp-json\/wp\/v2\/types\/post"}],"author":[{"embeddable":true,"href":"https:\/\/www.pr-neu.de\/newsroom\/wp-json\/wp\/v2\/users\/6"}],"replies":[{"embeddable":true,"href":"https:\/\/www.pr-neu.de\/newsroom\/wp-json\/wp\/v2\/comments?post=3323"}],"version-history":[{"count":7,"href":"https:\/\/www.pr-neu.de\/newsroom\/wp-json\/wp\/v2\/posts\/3323\/revisions"}],"predecessor-version":[{"id":12869,"href":"https:\/\/www.pr-neu.de\/newsroom\/wp-json\/wp\/v2\/posts\/3323\/revisions\/12869"}],"wp:featuredmedia":[{"embeddable":true,"href":"https:\/\/www.pr-neu.de\/newsroom\/wp-json\/wp\/v2\/media\/7778"}],"wp:attachment":[{"href":"https:\/\/www.pr-neu.de\/newsroom\/wp-json\/wp\/v2\/media?parent=3323"}],"wp:term":[{"taxonomy":"category","embeddable":true,"href":"https:\/\/www.pr-neu.de\/newsroom\/wp-json\/wp\/v2\/categories?post=3323"},{"taxonomy":"post_tag","embeddable":true,"href":"https:\/\/www.pr-neu.de\/newsroom\/wp-json\/wp\/v2\/tags?post=3323"}],"curies":[{"name":"wp","href":"https:\/\/api.w.org\/{rel}","templated":true}]}}