{"id":330,"date":"2010-11-08T10:04:34","date_gmt":"2010-11-08T09:04:34","guid":{"rendered":"http:\/\/www.pr-nord.de\/newsroom\/?p=330"},"modified":"2020-05-28T16:23:28","modified_gmt":"2020-05-28T14:23:28","slug":"kunst-im-besten-licht-hightech-verglasung-im-denkmalschutz","status":"publish","type":"post","link":"https:\/\/www.pr-neu.de\/newsroom\/kunst-im-besten-licht-hightech-verglasung-im-denkmalschutz\/","title":{"rendered":"Kunst im besten Licht \u2013 Hightech-Verglasung im Denkmalschutz?"},"content":{"rendered":"<p><u>KunstWandelhalle Bad Elster<\/u><\/p>\n<p>Schaltbares Sonnenschutzglas vereint Denkmalschutz mit dem Anspruch optimaler Lichtverh\u00e4ltnisse<\/p>\n<p><strong>Kunst und Kultur haben im s\u00e4chsischen Bad Elster treue Anh\u00e4nger. Seit 1928 steht hier die aus Postelwitzer Elbsandstein errichtete KunstWandelhalle. Heute beherbergen die Fl\u00fcgel des lichten Geb\u00e4udes im Bauhausstil den Ausschank der \u00f6rtlichen \u201eMoritzquelle&#8220; und das S\u00e4chsische Bademuseum. Im Mittelteil finden regelm\u00e4\u00dfig wechselnde Konzerte und Kunstausstellungen verschiedener Genres statt. Gerade hier ist effektiver Sonnenschutz gefragt, um K\u00fcnstler und Besucher vor Hitze und Blendungen zu sch\u00fctzen. Kein leichtes Unterfangen, denn das Geb\u00e4ude steht unter Denkmalschutz und eine au\u00dfen liegende Verschattung kam nicht in Frage. Der Betreiber, die Churs\u00e4chsische Veranstaltungs GmbH, kombinierte die Anspr\u00fcche des Denkmalschutzes mit den M\u00f6glichkeiten modernster Verglasungen. Die alten Scheiben wurden gegen elektrochrom schaltbares Sonnenschutzglas von EControl ausgetauscht. Es variiert den Licht- und Energieeintrag in die R\u00e4ume auf Knopfdruck, passend zu jeder Wetterlage. G\u00e4ste der Quelle, Konzert- und Museumsbesucher finden so ganzj\u00e4hrig ideale Lichtverh\u00e4ltnisse vor. <\/strong><\/p>\n<p>Das Bauhaus verbindet die Bereiche der Angewandten-, Bildenden- und Darstellenden Kunst innerhalb eines Gesamtkonzeptes. Eines der Leitbilder ist es, die Architektur ins Gesamtkunstwerk einzubeziehen. Schon im Gr\u00fcndungsmanifest von 1919 hei\u00dft es: \u201eDas Endziel aller bildnerischen T\u00e4tigkeit ist der Bau\u201c. Dem folgt auch die Bad Elstersche KunstWandelhalle: Durch den lichten Baustil verschmelzen das Geb\u00e4ude selbst, die k\u00fcnstlerischen T\u00e4tigkeiten im Inneren und die Umgebung \u2013 gestalteter Park, Zierbrunnen auf dem Vorplatz, die Skulpturen \u201eMutter mit Kindern\u201c und \u201eMann mit Hund\u201c (Paul Berger) \u2013 zu einem Gesamtkunstwerk. Konzertbesucher sollen in den Park hinaus schauen, um Musik und Umgebung als \u201eGesamtkunstwerk\u201c wahrzunehmen. In der Vergangenheit warf das jedoch besonders im Mittelteil des Geb\u00e4udes Probleme auf: K\u00fcnstler und Besucher wurden von der Nachmittagssonne geblendet und die sommerlich intensive Einstrahlung beeinflusste die gut gestimmten Instrumenten der Musiker. Anfangs behalf sich die Churs\u00e4chsische Veranstaltungs GmbH mit Markisen \u2013 was allerdings nicht mit dem Bauhaus-Konzept vereinbar war.<\/p>\n<p><strong>Blendendes Sonnenlicht und Hitze einfach \u201eabschalten\u201c <\/strong><\/p>\n<p>Moderne Hightech bietet die L\u00f6sung: Die Verglasung wurde gegen das schaltbare Sonnenschutzglas EControl ausgetauscht, das Blendung und Sommerhitze im Inneren des Geb\u00e4udes verhindert. Es l\u00e4sst sich je nach Bedarf auf Knopfdruck stufenweise \u201eabdunkeln\u201c. Das Glas ist vom Aufbau her ein normales Isolierglas mit einer elektrochrom schaltenden Verbundglasscheibe. Wird \u00fcber die Steuerung eine geringe elektrische Niedrigspannung angelegt, f\u00e4rbt sich die Verglasung angenehm blau ein. Bei Umkehr des Gleichstroms wird die Verglasung wieder hell. Licht- und Energiedurchl\u00e4ssigkeit lassen sich also nach Bedarf justieren.<\/p>\n<p><strong>Gesteigertes Wohlbefinden <\/strong><\/p>\n<p>\u201eDie Lichtdurchl\u00e4ssigkeit [ T<sub>L<\/sub>] kann zwischen 50 und 15 Prozent variiert werden und der Eintrag an Sonnenenergie (g) zwischen 38 und 12 Prozent\u201c, erl\u00e4utert EControl-Gesch\u00e4ftsf\u00fchrer Dr. Hartmut Wittkopf. W\u00e4hrend an der Au\u00dfenseite des Isolierglases in sommerlichen Spitzen bis 70 Grad Celsius gemessen werden, bleibt die Scheibe zum Innenraum hin mit etwa 27 bis 30 Grad vergleichsweise k\u00fchl. Das System verhindert ein Aufheizen der Innenr\u00e4ume, was wiederum die Klimatisierungskosten senkt. Der Blick nach au\u00dfen ist jederzeit m\u00f6glich. Zudem entfallen Zusatzkosten f\u00fcr das Betreiben und die Wartung der Verschattungsanlagen. Durch den ver\u00e4nderbaren g-Wert ist die Wintersonne f\u00fcr die Erw\u00e4rmung des Raumes weiterhin nutzbar.<\/p>\n<p>Das Glas f\u00f6rdert \u2013 neben dem unbeschwerten Kunstgenuss \u2013 zudem Gesundheit und Wohlbefinden, denn es bietet im verschatteten Zustand einen nahezu 100-prozentigen Schutz gegen UV-Strahlen und l\u00e4sst den f\u00fcr Menschen und Pflanzen wichtigen \u201eBlaulichtanteil\u201c in den Sonnenstrahlen durch, dieser ist ein wichtiger Faktor f\u00fcr das Pflanzenwachstum und f\u00f6rdert die Vitalit\u00e4t. Trotz des Einf\u00e4rbens bleibt die Farbwiedergabe hinter EControl-Scheiben gut erhalten. EControl ist standardm\u00e4\u00dfig mit einer hochwertigen W\u00e4rmeschutzbeschichtung ausgestattet. Als modernes Dreifach-Isolierglas ausgef\u00fchrt, isoliert es mit einem U<sub>g<\/sub>-Wert von bis zu 0,5 W\/m<sup>2<\/sup>K (bei Krypton-Gasf\u00fcllung) ausgezeichnet gegen Heizw\u00e4rmeverluste.<\/p>\n<p>Weitere Informationen im Internet unter www.econtrol-glas.de.<\/p>\n<hr noshade=\"noshade\" size=\"1\" \/>\n<table style=\"height: 877px;\" border=\"0\" width=\"632\" cellspacing=\"0\" cellpadding=\"0\">\n<tbody>\n<tr>\n<td valign=\"top\" width=\"370\" height=\"200\"><a href=\"http:\/\/www.pr-neu.de\/newsroom\/wordpress\/wp-content\/uploads\/2010\/11\/10-06_Kunst_erleben_G.jpg\"><img loading=\"lazy\" decoding=\"async\" class=\"aligncenter size-medium wp-image-13068\" src=\"http:\/\/www.pr-neu.de\/newsroom\/wordpress\/wp-content\/uploads\/2010\/11\/10-06_Kunst_erleben_G-300x201.jpg\" alt=\"\" width=\"300\" height=\"201\" srcset=\"https:\/\/www.pr-neu.de\/newsroom\/wordpress\/wp-content\/uploads\/2010\/11\/10-06_Kunst_erleben_G-300x201.jpg 300w, https:\/\/www.pr-neu.de\/newsroom\/wordpress\/wp-content\/uploads\/2010\/11\/10-06_Kunst_erleben_G-1024x687.jpg 1024w, https:\/\/www.pr-neu.de\/newsroom\/wordpress\/wp-content\/uploads\/2010\/11\/10-06_Kunst_erleben_G-768x516.jpg 768w, https:\/\/www.pr-neu.de\/newsroom\/wordpress\/wp-content\/uploads\/2010\/11\/10-06_Kunst_erleben_G-1536x1031.jpg 1536w, https:\/\/www.pr-neu.de\/newsroom\/wordpress\/wp-content\/uploads\/2010\/11\/10-06_Kunst_erleben_G-110x74.jpg 110w, https:\/\/www.pr-neu.de\/newsroom\/wordpress\/wp-content\/uploads\/2010\/11\/10-06_Kunst_erleben_G-420x282.jpg 420w, https:\/\/www.pr-neu.de\/newsroom\/wordpress\/wp-content\/uploads\/2010\/11\/10-06_Kunst_erleben_G-641x430.jpg 641w, https:\/\/www.pr-neu.de\/newsroom\/wordpress\/wp-content\/uploads\/2010\/11\/10-06_Kunst_erleben_G.jpg 1795w\" sizes=\"auto, (max-width: 300px) 100vw, 300px\" \/><\/a><\/td>\n<td colspan=\"3\" height=\"200\">Die Verbindung von Innen und Au\u00dfen \u2013 EControl Glas f\u00f6rdert das Grundkonzept der KunstWandelhalle in Bad Elster.<\/p>\n<p>Foto: Churs\u00e4chsische Veranstaltungs GmbH Bad Elster<\/td>\n<\/tr>\n<tr>\n<td valign=\"top\" width=\"370\" height=\"200\"><a href=\"http:\/\/www.pr-neu.de\/newsroom\/wordpress\/wp-content\/uploads\/2010\/11\/10-06_Aussenansicht_G-1.jpg\"><img loading=\"lazy\" decoding=\"async\" class=\"aligncenter size-medium wp-image-13069\" src=\"http:\/\/www.pr-neu.de\/newsroom\/wordpress\/wp-content\/uploads\/2010\/11\/10-06_Aussenansicht_G-1-300x201.jpg\" alt=\"\" width=\"300\" height=\"201\" srcset=\"https:\/\/www.pr-neu.de\/newsroom\/wordpress\/wp-content\/uploads\/2010\/11\/10-06_Aussenansicht_G-1-300x201.jpg 300w, https:\/\/www.pr-neu.de\/newsroom\/wordpress\/wp-content\/uploads\/2010\/11\/10-06_Aussenansicht_G-1-1024x687.jpg 1024w, https:\/\/www.pr-neu.de\/newsroom\/wordpress\/wp-content\/uploads\/2010\/11\/10-06_Aussenansicht_G-1-768x516.jpg 768w, https:\/\/www.pr-neu.de\/newsroom\/wordpress\/wp-content\/uploads\/2010\/11\/10-06_Aussenansicht_G-1-1536x1031.jpg 1536w, https:\/\/www.pr-neu.de\/newsroom\/wordpress\/wp-content\/uploads\/2010\/11\/10-06_Aussenansicht_G-1-110x74.jpg 110w, https:\/\/www.pr-neu.de\/newsroom\/wordpress\/wp-content\/uploads\/2010\/11\/10-06_Aussenansicht_G-1-420x282.jpg 420w, https:\/\/www.pr-neu.de\/newsroom\/wordpress\/wp-content\/uploads\/2010\/11\/10-06_Aussenansicht_G-1-641x430.jpg 641w, https:\/\/www.pr-neu.de\/newsroom\/wordpress\/wp-content\/uploads\/2010\/11\/10-06_Aussenansicht_G-1.jpg 1795w\" sizes=\"auto, (max-width: 300px) 100vw, 300px\" \/><\/a><\/td>\n<td colspan=\"3\" height=\"200\">Die KunstWandelhalle inmitten der Parkanlage. EControl Sonnenschutzglas gew\u00e4hrleistet den freien Blick von Innen nach Au\u00dfen und sch\u00fctzt vor Blendung und Hitze.<\/p>\n<p>Foto: Churs\u00e4chsische Veranstaltungs GmbH Bad Elster<\/td>\n<\/tr>\n<tr>\n<td valign=\"top\" width=\"370\" height=\"200\"><a href=\"http:\/\/www.pr-neu.de\/newsroom\/wordpress\/wp-content\/uploads\/2010\/11\/10-06_Schaltung_G.jpg\"><img loading=\"lazy\" decoding=\"async\" class=\"aligncenter size-medium wp-image-13070\" src=\"http:\/\/www.pr-neu.de\/newsroom\/wordpress\/wp-content\/uploads\/2010\/11\/10-06_Schaltung_G-300x201.jpg\" alt=\"\" width=\"300\" height=\"201\" srcset=\"https:\/\/www.pr-neu.de\/newsroom\/wordpress\/wp-content\/uploads\/2010\/11\/10-06_Schaltung_G-300x201.jpg 300w, https:\/\/www.pr-neu.de\/newsroom\/wordpress\/wp-content\/uploads\/2010\/11\/10-06_Schaltung_G-1024x687.jpg 1024w, https:\/\/www.pr-neu.de\/newsroom\/wordpress\/wp-content\/uploads\/2010\/11\/10-06_Schaltung_G-768x516.jpg 768w, https:\/\/www.pr-neu.de\/newsroom\/wordpress\/wp-content\/uploads\/2010\/11\/10-06_Schaltung_G-1536x1031.jpg 1536w, https:\/\/www.pr-neu.de\/newsroom\/wordpress\/wp-content\/uploads\/2010\/11\/10-06_Schaltung_G-110x74.jpg 110w, https:\/\/www.pr-neu.de\/newsroom\/wordpress\/wp-content\/uploads\/2010\/11\/10-06_Schaltung_G-420x282.jpg 420w, https:\/\/www.pr-neu.de\/newsroom\/wordpress\/wp-content\/uploads\/2010\/11\/10-06_Schaltung_G-641x430.jpg 641w, https:\/\/www.pr-neu.de\/newsroom\/wordpress\/wp-content\/uploads\/2010\/11\/10-06_Schaltung_G.jpg 1795w\" sizes=\"auto, (max-width: 300px) 100vw, 300px\" \/><\/a><\/td>\n<td colspan=\"3\" height=\"200\">EControl-Sonnenschutzglas auf h\u00f6chster Schaltstufe minimiert W\u00e4rmeeintrag und Lichttransmission.<\/p>\n<p>Foto: EControl-Glas<\/td>\n<\/tr>\n<\/tbody>\n<\/table>\n<hr noshade=\"noshade\" size=\"1\" \/>\n<p>Abdruck honorarfrei, Belegexemplar erbeten<\/p>\n<p><strong>R\u00fcckfragen beantwortet gern<\/strong><\/p>\n<table width=\"532\">\n<tbody>\n<tr>\n<td valign=\"top\" width=\"260\" height=\"25\"><strong>EControl-Glas<\/strong> GmbH &amp; Co. KG<br \/>\nNadine Witt<br \/>\nTel.: +49(0)3741\/14820-116<br \/>\nFax: +49(0)3741\/14820-150<br \/>\nE-Mail: <a href=\"mailto&#58;&#112;&#114;&#101;&#115;&#115;&#101;&#x40;&#x65;&#x63;&#x6f;&#x6e;&#x74;&#x72;&#x6f;&#x6c;&#x2d;&#x67;&#x6c;as&#46;de\">presse&#64;econt&#114;&#111;&#108;&#45;&#103;&#108;&#97;&#115;&#46;&#100;&#101;<\/a><\/td>\n<td colspan=\"3\" valign=\"top\" width=\"260\" height=\"21\"><\/td>\n<\/tr>\n<\/tbody>\n<\/table>\n","protected":false},"excerpt":{"rendered":"<p>KunstWandelhalle Bad Elster Schaltbares Sonnenschutzglas vereint Denkmalschutz mit dem Anspruch optimaler Lichtverh\u00e4ltnisse Kunst und Kultur haben im s\u00e4chsischen Bad Elster treue Anh\u00e4nger. Seit 1928 steht hier die aus Postelwitzer Elbsandstein errichtete KunstWandelhalle. Heute beherbergen die Fl\u00fcgel des lichten Geb\u00e4udes im Bauhausstil den Ausschank der \u00f6rtlichen \u201eMoritzquelle&#8220; und das S\u00e4chsische Bademuseum. Im Mittelteil finden regelm\u00e4\u00dfig wechselnde [&hellip;]<\/p>\n","protected":false},"author":6,"featured_media":7903,"comment_status":"closed","ping_status":"open","sticky":false,"template":"","format":"standard","meta":{"footnotes":""},"categories":[25],"tags":[130,147,194,230,492,608],"class_list":["post-330","post","type-post","status-publish","format-standard","has-post-thumbnail","hentry","category-econtrol","tag-denkmalschutz","tag-econtrol-2","tag-fenster","tag-glas","tag-sonnenschutz","tag-verglasung"],"_links":{"self":[{"href":"https:\/\/www.pr-neu.de\/newsroom\/wp-json\/wp\/v2\/posts\/330","targetHints":{"allow":["GET"]}}],"collection":[{"href":"https:\/\/www.pr-neu.de\/newsroom\/wp-json\/wp\/v2\/posts"}],"about":[{"href":"https:\/\/www.pr-neu.de\/newsroom\/wp-json\/wp\/v2\/types\/post"}],"author":[{"embeddable":true,"href":"https:\/\/www.pr-neu.de\/newsroom\/wp-json\/wp\/v2\/users\/6"}],"replies":[{"embeddable":true,"href":"https:\/\/www.pr-neu.de\/newsroom\/wp-json\/wp\/v2\/comments?post=330"}],"version-history":[{"count":4,"href":"https:\/\/www.pr-neu.de\/newsroom\/wp-json\/wp\/v2\/posts\/330\/revisions"}],"predecessor-version":[{"id":13072,"href":"https:\/\/www.pr-neu.de\/newsroom\/wp-json\/wp\/v2\/posts\/330\/revisions\/13072"}],"wp:featuredmedia":[{"embeddable":true,"href":"https:\/\/www.pr-neu.de\/newsroom\/wp-json\/wp\/v2\/media\/7903"}],"wp:attachment":[{"href":"https:\/\/www.pr-neu.de\/newsroom\/wp-json\/wp\/v2\/media?parent=330"}],"wp:term":[{"taxonomy":"category","embeddable":true,"href":"https:\/\/www.pr-neu.de\/newsroom\/wp-json\/wp\/v2\/categories?post=330"},{"taxonomy":"post_tag","embeddable":true,"href":"https:\/\/www.pr-neu.de\/newsroom\/wp-json\/wp\/v2\/tags?post=330"}],"curies":[{"name":"wp","href":"https:\/\/api.w.org\/{rel}","templated":true}]}}