{"id":33,"date":"2010-04-30T15:50:09","date_gmt":"2010-04-30T13:50:09","guid":{"rendered":"http:\/\/www.pr-nord.de\/sm-newsroom\/wordpress\/?p=33"},"modified":"2020-05-28T16:04:36","modified_gmt":"2020-05-28T14:04:36","slug":"industriebau-forum-mit-hoher-resonanz","status":"publish","type":"post","link":"https:\/\/www.pr-neu.de\/newsroom\/industriebau-forum-mit-hoher-resonanz\/","title":{"rendered":"Industriebau Forum mit hoher Resonanz"},"content":{"rendered":"<p>Rund 100 Baufachleute begr\u00fc\u00dfte die StoCretec Anfang M\u00e4rz zum diesj\u00e4hrigen Industriebau Forum in Darmstadt. Die hohe Resonanz zeigt, dass die Themen unter dem Motto \u201eVer\u00e4nderungen im Industriebau durch die Globalisierung\u201c gut gew\u00e4hlt waren. Zu den Schwerpunkten Arbeitsprozesse, Haftung, Industrieboden-Konstruktion und Qualit\u00e4tssicherung am Bau stellten die Referenten ihre L\u00f6sungen vor.<\/p>\n","protected":false},"excerpt":{"rendered":"<p>Rund 100 Baufachleute begr\u00fc\u00dfte die StoCretec Anfang M\u00e4rz zum diesj\u00e4hrigen Industriebau Forum in Darmstadt. Die hohe Resonanz zeigt, dass die Themen unter dem Motto \u201eVer\u00e4nderungen im Industriebau durch die Globalisierung\u201c gut gew\u00e4hlt waren. Zu den Schwerpunkten Arbeitsprozesse, Haftung, Industrieboden-Konstruktion und Qualit\u00e4tssicherung am Bau stellten die Referenten ihre L\u00f6sungen vor.<\/p>\n","protected":false},"author":6,"featured_media":0,"comment_status":"closed","ping_status":"open","sticky":false,"template":"","format":"standard","meta":{"footnotes":""},"categories":[3,16],"tags":[],"class_list":["post-33","post","type-post","status-publish","format-standard","hentry","category-kundenmeldungen","category-stocretec"],"_links":{"self":[{"href":"https:\/\/www.pr-neu.de\/newsroom\/wp-json\/wp\/v2\/posts\/33","targetHints":{"allow":["GET"]}}],"collection":[{"href":"https:\/\/www.pr-neu.de\/newsroom\/wp-json\/wp\/v2\/posts"}],"about":[{"href":"https:\/\/www.pr-neu.de\/newsroom\/wp-json\/wp\/v2\/types\/post"}],"author":[{"embeddable":true,"href":"https:\/\/www.pr-neu.de\/newsroom\/wp-json\/wp\/v2\/users\/6"}],"replies":[{"embeddable":true,"href":"https:\/\/www.pr-neu.de\/newsroom\/wp-json\/wp\/v2\/comments?post=33"}],"version-history":[{"count":3,"href":"https:\/\/www.pr-neu.de\/newsroom\/wp-json\/wp\/v2\/posts\/33\/revisions"}],"predecessor-version":[{"id":12963,"href":"https:\/\/www.pr-neu.de\/newsroom\/wp-json\/wp\/v2\/posts\/33\/revisions\/12963"}],"wp:attachment":[{"href":"https:\/\/www.pr-neu.de\/newsroom\/wp-json\/wp\/v2\/media?parent=33"}],"wp:term":[{"taxonomy":"category","embeddable":true,"href":"https:\/\/www.pr-neu.de\/newsroom\/wp-json\/wp\/v2\/categories?post=33"},{"taxonomy":"post_tag","embeddable":true,"href":"https:\/\/www.pr-neu.de\/newsroom\/wp-json\/wp\/v2\/tags?post=33"}],"curies":[{"name":"wp","href":"https:\/\/api.w.org\/{rel}","templated":true}]}}