{"id":3255,"date":"2015-02-26T15:13:27","date_gmt":"2015-02-26T15:13:27","guid":{"rendered":"http:\/\/www.pr-nord.de\/newsroom\/?p=3255"},"modified":"2020-05-28T15:19:12","modified_gmt":"2020-05-28T13:19:12","slug":"seid-neugierig-odile-decq-im-interview","status":"publish","type":"post","link":"https:\/\/www.pr-neu.de\/newsroom\/seid-neugierig-odile-decq-im-interview\/","title":{"rendered":"Seid neugierig \u2013 Odile Decq im Interview"},"content":{"rendered":"<table border=\"0\" width=\"520\" cellspacing=\"0\" cellpadding=\"0\">\n<tbody>\n<tr>\n<td><strong> Seid neugierig \u2013 Odile Decq im Interview <\/strong><\/p>\n<p>Klare Haltung: Odile Decq fordert von Architekten, mehr zu wollen als blo\u00dfes Schaffen von umbautem Raum. \u201eAls Architekt muss man eine Idee, eine Vision von einer besseren Welt haben. Man muss die Welt ver\u00e4ndern wollen\u201c, sagt die franz\u00f6sische Architektin in einem Interview. Deshalb sollten Architektur-Studenten auch mehr wissen wollen, als das, was im Studium vermittelt wird. Dass sie diesen Anspruch zuerst an sich selbst stellt, best\u00e4tigt ein Blick auf ihr Schaffen: Es reicht von st\u00e4dtebaulicher Planung \u00fcber Architektur bis zu Kunst und Design &#8211; und zeigt schon dadurch, dass sie selbst gerne Grenzen \u00fcberschreitet.<\/p>\n<p>Das Interview mit Odile Decq ist in voller L\u00e4nge (4:09) auf dem \u201eFassaden-Blog\u201c (dem Architektur-Blog von Sto) zu sehen &#8211; http:\/\/www.fassaden-blog.de\/interviews\/odile-decq\/. Es erfolgte im Rahmen der \u201eNovember Reihe\u201c 2014 in Stuttgart. Dieses Veranstaltungsformat, gef\u00f6rdert von der Sto-Stiftung, organisiert Vortr\u00e4ge internationaler Architekten an Technischen Hochschulen in Stuttgart, Mailand, Graz und Paris. Der Blog pr\u00e4sentiert auch ausf\u00fchrliche Berichte von beziehungsweise \u00fcber die weiteren Teilnehmer der November-Reihe.<\/p>\n<hr noshade=\"noshade\" size=\"1\" \/>\n<p>Abdruck honorarfrei, Belegexemplar erbeten<\/p>\n<p>&nbsp;<\/td>\n<\/tr>\n<tr>\n<td><\/td>\n<\/tr>\n<\/tbody>\n<\/table>\n","protected":false},"excerpt":{"rendered":"<p>Seid neugierig \u2013 Odile Decq im Interview Klare Haltung: Odile Decq fordert von Architekten, mehr zu wollen als blo\u00dfes Schaffen von umbautem Raum. \u201eAls Architekt muss man eine Idee, eine Vision von einer besseren Welt haben. Man muss die Welt ver\u00e4ndern wollen\u201c, sagt die franz\u00f6sische Architektin in einem Interview. Deshalb sollten Architektur-Studenten auch mehr wissen [&hellip;]<\/p>\n","protected":false},"author":6,"featured_media":0,"comment_status":"closed","ping_status":"open","sticky":false,"template":"","format":"standard","meta":{"footnotes":""},"categories":[3,15],"tags":[],"class_list":["post-3255","post","type-post","status-publish","format-standard","hentry","category-kundenmeldungen","category-sto"],"_links":{"self":[{"href":"https:\/\/www.pr-neu.de\/newsroom\/wp-json\/wp\/v2\/posts\/3255","targetHints":{"allow":["GET"]}}],"collection":[{"href":"https:\/\/www.pr-neu.de\/newsroom\/wp-json\/wp\/v2\/posts"}],"about":[{"href":"https:\/\/www.pr-neu.de\/newsroom\/wp-json\/wp\/v2\/types\/post"}],"author":[{"embeddable":true,"href":"https:\/\/www.pr-neu.de\/newsroom\/wp-json\/wp\/v2\/users\/6"}],"replies":[{"embeddable":true,"href":"https:\/\/www.pr-neu.de\/newsroom\/wp-json\/wp\/v2\/comments?post=3255"}],"version-history":[{"count":3,"href":"https:\/\/www.pr-neu.de\/newsroom\/wp-json\/wp\/v2\/posts\/3255\/revisions"}],"predecessor-version":[{"id":12779,"href":"https:\/\/www.pr-neu.de\/newsroom\/wp-json\/wp\/v2\/posts\/3255\/revisions\/12779"}],"wp:attachment":[{"href":"https:\/\/www.pr-neu.de\/newsroom\/wp-json\/wp\/v2\/media?parent=3255"}],"wp:term":[{"taxonomy":"category","embeddable":true,"href":"https:\/\/www.pr-neu.de\/newsroom\/wp-json\/wp\/v2\/categories?post=3255"},{"taxonomy":"post_tag","embeddable":true,"href":"https:\/\/www.pr-neu.de\/newsroom\/wp-json\/wp\/v2\/tags?post=3255"}],"curies":[{"name":"wp","href":"https:\/\/api.w.org\/{rel}","templated":true}]}}