{"id":325,"date":"2010-11-01T14:19:14","date_gmt":"2010-11-01T13:19:14","guid":{"rendered":"http:\/\/www.pr-nord.de\/newsroom\/?p=325"},"modified":"2020-05-28T16:20:26","modified_gmt":"2020-05-28T14:20:26","slug":"feuerschutz-fur-kluge-kopfe","status":"publish","type":"post","link":"https:\/\/www.pr-neu.de\/newsroom\/feuerschutz-fur-kluge-kopfe\/","title":{"rendered":"Feuerschutz f\u00fcr kluge K\u00f6pfe"},"content":{"rendered":"<p>Das rund 3.500 Quadratmeter gro\u00dfe \u201eKompetenz-Zentrum f\u00fcr Hochtechnologien und Solarwirtschaft\u201c in Erfurt ist ein Beispiel f\u00fcr den Einsatz von T\u00fcren der noch jungen Brandschutzklasse T60. In der Th\u00fcringer Landesbauordnung hat diese Klasse in einigen F\u00e4llen die aufw\u00e4ndigere T90-Klasse abgel\u00f6st \u2013 und erm\u00f6glicht damit wirtschaftlichere Feuerschutzabschl\u00fcsse.<\/p>\n","protected":false},"excerpt":{"rendered":"<p>Das rund 3.500 Quadratmeter gro\u00dfe \u201eKompetenz-Zentrum f\u00fcr Hochtechnologien und Solarwirtschaft\u201c in Erfurt ist ein Beispiel f\u00fcr den Einsatz von T\u00fcren der noch jungen Brandschutzklasse T60. In der Th\u00fcringer Landesbauordnung hat diese Klasse in einigen F\u00e4llen die aufw\u00e4ndigere T90-Klasse abgel\u00f6st \u2013 und erm\u00f6glicht damit wirtschaftlichere Feuerschutzabschl\u00fcsse.<\/p>\n","protected":false},"author":6,"featured_media":0,"comment_status":"closed","ping_status":"open","sticky":false,"template":"","format":"standard","meta":{"footnotes":""},"categories":[3,18],"tags":[199,559,561,565,577,578,589],"class_list":["post-325","post","type-post","status-publish","format-standard","hentry","category-kundenmeldungen","category-teckentrup","tag-feuerschutz","tag-t60","tag-t90","tag-teckentrup","tag-tor","tag-tor-tuer","tag-tur"],"_links":{"self":[{"href":"https:\/\/www.pr-neu.de\/newsroom\/wp-json\/wp\/v2\/posts\/325","targetHints":{"allow":["GET"]}}],"collection":[{"href":"https:\/\/www.pr-neu.de\/newsroom\/wp-json\/wp\/v2\/posts"}],"about":[{"href":"https:\/\/www.pr-neu.de\/newsroom\/wp-json\/wp\/v2\/types\/post"}],"author":[{"embeddable":true,"href":"https:\/\/www.pr-neu.de\/newsroom\/wp-json\/wp\/v2\/users\/6"}],"replies":[{"embeddable":true,"href":"https:\/\/www.pr-neu.de\/newsroom\/wp-json\/wp\/v2\/comments?post=325"}],"version-history":[{"count":3,"href":"https:\/\/www.pr-neu.de\/newsroom\/wp-json\/wp\/v2\/posts\/325\/revisions"}],"predecessor-version":[{"id":13052,"href":"https:\/\/www.pr-neu.de\/newsroom\/wp-json\/wp\/v2\/posts\/325\/revisions\/13052"}],"wp:attachment":[{"href":"https:\/\/www.pr-neu.de\/newsroom\/wp-json\/wp\/v2\/media?parent=325"}],"wp:term":[{"taxonomy":"category","embeddable":true,"href":"https:\/\/www.pr-neu.de\/newsroom\/wp-json\/wp\/v2\/categories?post=325"},{"taxonomy":"post_tag","embeddable":true,"href":"https:\/\/www.pr-neu.de\/newsroom\/wp-json\/wp\/v2\/tags?post=325"}],"curies":[{"name":"wp","href":"https:\/\/api.w.org\/{rel}","templated":true}]}}