{"id":3246,"date":"2015-02-23T14:31:58","date_gmt":"2015-02-23T14:31:58","guid":{"rendered":"http:\/\/www.pr-nord.de\/newsroom\/?p=3246"},"modified":"2020-05-28T15:21:42","modified_gmt":"2020-05-28T13:21:42","slug":"mit-extras-kommt-komfort-zum-tor","status":"publish","type":"post","link":"https:\/\/www.pr-neu.de\/newsroom\/mit-extras-kommt-komfort-zum-tor\/","title":{"rendered":"Mit Extras kommt Komfort zum Tor"},"content":{"rendered":"<table border=\"0\" width=\"520\" cellspacing=\"0\" cellpadding=\"0\">\n<tbody>\n<tr>\n<td><u>Garagentore werden immer attraktiver und sicherer<\/u><\/p>\n<p><strong>Mit Extras kommt Komfort zum Tor<\/strong><\/p>\n<p><strong>Erst durch ausgereifte Details werden Produkte exzellent \u2013 erst recht, wenn sie lange und zuverl\u00e4ssig funktionieren m\u00fcssen. Das Beispiel der CarTeck-Garagentore (Teckentrup) zeigt, wie mit den passenden Extras Mehrwert entsteht: Antriebe steigern die Einbruchsicherheit (T\u00dcV gepr\u00fcft), spezielle Renovierungsblenden vereinfachen die Sanierung. Durch das modular aufgebaute Baukasten-System gibt es f\u00fcr jede Garage das passende Tor \u2013 und die breite Farbpalette bietet f\u00fcr jeden Geschmack das gew\u00fcnschte Design.<\/strong><\/p>\n<p>Wer durch Wohngebiete spaziert, dem fallen Garagentore durch ihre Optik auf. Schon diese hat sich in den vergangenen Jahren kontinuierlich ver\u00e4ndert: Die braunen Schwingtore mit senkrechten Rippen von fr\u00fcher sind mittlerweile weitgehend von Sectionaltoren in attraktiven Optiken und Farbt\u00f6nen abgel\u00f6st und passen zum Stil des jeweiligen Eigenheims. Bei der Wahl des Tores gibt es aber mehr zu beachten als das Aussehen.<\/p>\n<p><strong>Komfort<\/strong><\/p>\n<p>Zum Komfort-Standard geh\u00f6ren heute elektrische Antriebe. In diesem Jahr f\u00fchrt der Hersteller Teckentrup eine neue Serie ein: Die Antriebe sind auf unterschiedliche Torgr\u00f6\u00dfen optimiert. Sie lassen sich bequem per 2- oder 4-Kanal-Fernbedienung \u00f6ffnen und schlie\u00dfen, so steht man nie im Regen. Da CarTeck-Tore mit einem 40-Millimeter-D\u00e4mmkern ausgestattet sind, sch\u00fctzen sie auch vor extremen Temperaturen in der Garage. Das ist gut f\u00fcr die Fahrzeuge ebenso wie f\u00fcr den Heimwerker, der seine Werkbank in der Garage hat.<\/p>\n<p><strong>Sicherheit mal zwei<\/strong><\/p>\n<p>Eine Garage sch\u00fctzt das Eigentum vor Langfingern. Dabei spielt das Tor die zentrale Rolle. Ein Antrieb verbessert den Schutz, denn er wirkt Einbruchversuchen st\u00e4rker entgegen als einfache Tore. Teckentrup hat seine Tore vom T\u00dcV pr\u00fcfen lassen, der das hohe Sicherheitsniveau mit seinem Siegel best\u00e4tigt. Damit auch \u00fcber die Fernbedienung kein Missbrauch m\u00f6glich ist, f\u00fchrte das Unternehmen zudem eine neue Verschl\u00fcsselungstechnologie ein. \u00c4hnlich wie beim Online-Banking gibt es jetzt f\u00fcr jede Aktion einen eigenen Code. Dadurch k\u00f6nnen Diebe das Sendesignal nicht abfangen.<\/p>\n<p>Sicher muss ein Tor auch im Betrieb sein \u2013 es darf weder Mensch oder Ger\u00e4t quetschen, noch sollten andere Gefahren von ihm ausgehen. Um das sicher zu stellen, fahren Tore sofort zur\u00fcck, wenn sie ein Hindernis ber\u00fchren. Wer es noch sicherer will, w\u00e4hlt eine Lichtschranke als Extra. Dann f\u00e4hrt das Tor schon vor der Ber\u00fchrung zur\u00fcck. Die Federn \u2013 bei \u00e4lteren Modellen oft ausgeleiert und offen neben dem Tor \u2013 liegen bei der CarTeck-Serie in einem gesch\u00fctzten Kanal unter der Decke. Die Tor-Sectionen sind mit Fingerklemmschutz ausgestattet, um auch hier die Verletzungsgefahr zu minimieren.<\/p>\n<p><strong>Sanieren: Damit alles passt<\/strong><\/p>\n<p>F\u00fcr die Sanierung gilt noch mehr als im Neubau, dass ein Tor zur Bausituation passen muss. Zwei Beispiele f\u00fcr pragmatische L\u00f6sungen:<\/p>\n<ul>\n<li>Ein h\u00e4ufiges Problem beim Austausch eines alten Schwingtores ist, dass beim Ausbau oft kleinere Sch\u00e4den an den Mauerecken entstehen. Hierf\u00fcr bietet Teckentrup spezielle Renovierungsblenden: Sie \u00fcberdecken die schadhaften Stellen \u2013 beim Einbau m\u00fcssen die Fehlstellen also nicht aufw\u00e4ndig nachgebessert werden und es steht eine saubere, attraktive L\u00f6sung bereit.<\/li>\n<li>Tore mit einer sogenannter Schlupft\u00fcr \u2013 also einer in das Tor integrierten T\u00fcr \u2013 schaffen einen bequemen Personenzugang in die Garage. Das ist vor allem in den F\u00e4llen interessant, in denen ein zweiter Zugang fehlt.<\/li>\n<\/ul>\n<p>Ob nun in einem Neubau oder als Ersatz: Der Einbau geht schnell vonstatten und ist in wenigen Stunden erledigt. Moderne Tore gibt es schon ab 800 Euro inklusive Antrieb und Fernbedienung (plus Montage).<\/p>\n<hr noshade=\"noshade\" size=\"1\" \/>\n<table border=\"0\" width=\"520\" cellspacing=\"0\" cellpadding=\"0\">\n<tbody>\n<tr>\n<td valign=\"top\" width=\"380\"><a href=\"http:\/\/www.pr-neu.de\/newsroom\/wordpress\/wp-content\/uploads\/2015\/02\/15-08-Garage_1_G.jpg\"><img loading=\"lazy\" decoding=\"async\" class=\"size-medium wp-image-12784\" src=\"http:\/\/www.pr-neu.de\/newsroom\/wordpress\/wp-content\/uploads\/2015\/02\/15-08-Garage_1_G-201x300.jpg\" alt=\"\" width=\"201\" height=\"300\" srcset=\"https:\/\/www.pr-neu.de\/newsroom\/wordpress\/wp-content\/uploads\/2015\/02\/15-08-Garage_1_G-201x300.jpg 201w, https:\/\/www.pr-neu.de\/newsroom\/wordpress\/wp-content\/uploads\/2015\/02\/15-08-Garage_1_G-687x1024.jpg 687w, https:\/\/www.pr-neu.de\/newsroom\/wordpress\/wp-content\/uploads\/2015\/02\/15-08-Garage_1_G-768x1144.jpg 768w, https:\/\/www.pr-neu.de\/newsroom\/wordpress\/wp-content\/uploads\/2015\/02\/15-08-Garage_1_G-1031x1536.jpg 1031w, https:\/\/www.pr-neu.de\/newsroom\/wordpress\/wp-content\/uploads\/2015\/02\/15-08-Garage_1_G-74x110.jpg 74w, https:\/\/www.pr-neu.de\/newsroom\/wordpress\/wp-content\/uploads\/2015\/02\/15-08-Garage_1_G-282x420.jpg 282w, https:\/\/www.pr-neu.de\/newsroom\/wordpress\/wp-content\/uploads\/2015\/02\/15-08-Garage_1_G-289x430.jpg 289w, https:\/\/www.pr-neu.de\/newsroom\/wordpress\/wp-content\/uploads\/2015\/02\/15-08-Garage_1_G.jpg 1205w\" sizes=\"auto, (max-width: 201px) 100vw, 201px\" \/><\/a><\/td>\n<td>So sieht ein sch\u00f6nes Garagentor aus. Nicht zu sehen ist, dass moderne Garagentore auch Schutz bieten \u2013 vor Einbruch, vor Hitze und K\u00e4lte.<\/p>\n<p>Bild: Teckentrup<\/td>\n<\/tr>\n<tr>\n<td valign=\"top\" width=\"380\"><a href=\"http:\/\/www.pr-neu.de\/newsroom\/wordpress\/wp-content\/uploads\/2015\/02\/15-08-Garage_2_G.jpg\"><img loading=\"lazy\" decoding=\"async\" class=\"aligncenter size-medium wp-image-12785\" src=\"http:\/\/www.pr-neu.de\/newsroom\/wordpress\/wp-content\/uploads\/2015\/02\/15-08-Garage_2_G-300x197.jpg\" alt=\"\" width=\"300\" height=\"197\" srcset=\"https:\/\/www.pr-neu.de\/newsroom\/wordpress\/wp-content\/uploads\/2015\/02\/15-08-Garage_2_G-300x197.jpg 300w, https:\/\/www.pr-neu.de\/newsroom\/wordpress\/wp-content\/uploads\/2015\/02\/15-08-Garage_2_G-1024x671.jpg 1024w, https:\/\/www.pr-neu.de\/newsroom\/wordpress\/wp-content\/uploads\/2015\/02\/15-08-Garage_2_G-768x504.jpg 768w, https:\/\/www.pr-neu.de\/newsroom\/wordpress\/wp-content\/uploads\/2015\/02\/15-08-Garage_2_G-1536x1007.jpg 1536w, https:\/\/www.pr-neu.de\/newsroom\/wordpress\/wp-content\/uploads\/2015\/02\/15-08-Garage_2_G-110x72.jpg 110w, https:\/\/www.pr-neu.de\/newsroom\/wordpress\/wp-content\/uploads\/2015\/02\/15-08-Garage_2_G-420x275.jpg 420w, https:\/\/www.pr-neu.de\/newsroom\/wordpress\/wp-content\/uploads\/2015\/02\/15-08-Garage_2_G-656x430.jpg 656w, https:\/\/www.pr-neu.de\/newsroom\/wordpress\/wp-content\/uploads\/2015\/02\/15-08-Garage_2_G.jpg 1772w\" sizes=\"auto, (max-width: 300px) 100vw, 300px\" \/><\/a><\/td>\n<td>So sieht ein sch\u00f6nes Garagentor aus. Nicht zu sehen ist, dass moderne Garagentore auch Schutz bieten \u2013 vor Einbruch, vor Hitze und K\u00e4lte.<\/p>\n<p>Bild: Teckentrup<\/td>\n<\/tr>\n<\/tbody>\n<\/table>\n<hr noshade=\"noshade\" size=\"1\" \/>\n<p>Abdruck honorarfrei, Belegexemplar erbeten<\/p>\n<p>R\u00fcckfragen beantwortet gern:<\/p>\n<p><strong>Teckentrup<\/strong> GmbH &amp; Co. KG<br \/>\nThomas Moldrickx<br \/>\nTel.: 05246 \/ 5 04-350 \/ Fax: -173<br \/>\nE-Mail: <a href=\"m&#97;&#105;&#x6c;&#x74;&#x6f;&#x3a;t&#104;&#111;&#109;&#x61;&#x73;&#x2e;mo&#108;&#100;&#x72;&#x69;&#x63;kx&#64;&#116;&#x65;&#x63;&#x6b;en&#116;&#114;&#x75;&#x70;&#x2e;bi&#122;\">&#x74;&#x68;&#111;m&#x61;&#x73;&#46;mo&#x6c;&#x64;&#114;i&#x63;&#x6b;&#120;&#64;t&#x65;&#x63;&#107;e&#x6e;&#x74;&#114;&#117;p&#x2e;&#x62;&#105;z<\/a><\/td>\n<\/tr>\n<\/tbody>\n<\/table>\n<table border=\"0\" width=\"500\">\n<tbody>\n<tr>\n<td><!-- AddThis Button BEGIN --><\/td>\n<\/tr>\n<\/tbody>\n<\/table>\n","protected":false},"excerpt":{"rendered":"<p>Garagentore werden immer attraktiver und sicherer Mit Extras kommt Komfort zum Tor Erst durch ausgereifte Details werden Produkte exzellent \u2013 erst recht, wenn sie lange und zuverl\u00e4ssig funktionieren m\u00fcssen. Das Beispiel der CarTeck-Garagentore (Teckentrup) zeigt, wie mit den passenden Extras Mehrwert entsteht: Antriebe steigern die Einbruchsicherheit (T\u00dcV gepr\u00fcft), spezielle Renovierungsblenden vereinfachen die Sanierung. Durch das [&hellip;]<\/p>\n","protected":false},"author":6,"featured_media":0,"comment_status":"closed","ping_status":"open","sticky":false,"template":"","format":"standard","meta":{"footnotes":""},"categories":[3,18],"tags":[],"class_list":["post-3246","post","type-post","status-publish","format-standard","hentry","category-kundenmeldungen","category-teckentrup"],"_links":{"self":[{"href":"https:\/\/www.pr-neu.de\/newsroom\/wp-json\/wp\/v2\/posts\/3246","targetHints":{"allow":["GET"]}}],"collection":[{"href":"https:\/\/www.pr-neu.de\/newsroom\/wp-json\/wp\/v2\/posts"}],"about":[{"href":"https:\/\/www.pr-neu.de\/newsroom\/wp-json\/wp\/v2\/types\/post"}],"author":[{"embeddable":true,"href":"https:\/\/www.pr-neu.de\/newsroom\/wp-json\/wp\/v2\/users\/6"}],"replies":[{"embeddable":true,"href":"https:\/\/www.pr-neu.de\/newsroom\/wp-json\/wp\/v2\/comments?post=3246"}],"version-history":[{"count":3,"href":"https:\/\/www.pr-neu.de\/newsroom\/wp-json\/wp\/v2\/posts\/3246\/revisions"}],"predecessor-version":[{"id":12786,"href":"https:\/\/www.pr-neu.de\/newsroom\/wp-json\/wp\/v2\/posts\/3246\/revisions\/12786"}],"wp:attachment":[{"href":"https:\/\/www.pr-neu.de\/newsroom\/wp-json\/wp\/v2\/media?parent=3246"}],"wp:term":[{"taxonomy":"category","embeddable":true,"href":"https:\/\/www.pr-neu.de\/newsroom\/wp-json\/wp\/v2\/categories?post=3246"},{"taxonomy":"post_tag","embeddable":true,"href":"https:\/\/www.pr-neu.de\/newsroom\/wp-json\/wp\/v2\/tags?post=3246"}],"curies":[{"name":"wp","href":"https:\/\/api.w.org\/{rel}","templated":true}]}}