{"id":3233,"date":"2015-02-10T14:03:37","date_gmt":"2015-02-10T14:03:37","guid":{"rendered":"http:\/\/www.pr-nord.de\/newsroom\/?p=3233"},"modified":"2020-05-28T15:24:11","modified_gmt":"2020-05-28T13:24:11","slug":"von-wegen-wetterfuehlig","status":"publish","type":"post","link":"https:\/\/www.pr-neu.de\/newsroom\/von-wegen-wetterfuehlig\/","title":{"rendered":"Von wegen wetterf\u00fchlig"},"content":{"rendered":"<table border=\"0\" width=\"520\" cellspacing=\"0\" cellpadding=\"0\">\n<tbody>\n<tr>\n<td><u> StoFentra Fensterb\u00e4nke: Sicher auch bei deutlichen Temperaturschwankungen<\/u><\/p>\n<p><strong>Von wegen wetterf\u00fchlig<\/strong><\/p>\n<p><strong>Damit Fensterb\u00e4nke aus Metall zu ged\u00e4mmten Fassaden passen, m\u00fcssen sie so eingebunden sein, dass ihre thermisch bedingten L\u00e4ngen\u00e4nderungen zuverl\u00e4ssig aufgefangen werden. Speziell f\u00fcr den Einsatz im W\u00e4rmed\u00e4mm-Verbundsystem wurde die Fensterbank-Serie StoFentra entwickelt. Die Varianten Profi, Uni und Duo sind wasserdicht und bleiben auch bei starken Temperaturschwankungen sicher im System. <\/strong><\/p>\n<p>Bei W\u00e4rme dehnen sich Stoffe, bei K\u00e4lte ziehen sie sich zusammen. Das ist keine neue Erkenntnis und gilt auch f\u00fcr Fensterb\u00e4nke \u2013 und ist an ged\u00e4mmten Fassaden recht bedeutend: Wo Bewegung herrscht, k\u00f6nnen Undichtigkeiten entstehen, durch die dann Wasser dringen kann. Speziell auf W\u00e4rmed\u00e4mm-Verbundsysteme (WDVS) abgestimmte Fensterb\u00e4nke wie die Serie StoFentra helfen, Sch\u00e4den vorzubeugen. Neben einem definierten Gef\u00e4lle und einer Tropfkante, die Wasser von der Fassade abf\u00fchrt, verf\u00fcgen die Modelle Profi, Uni und Duo \u00fcber spezielle Bordprofile mit Dehnungskeder beziehungsweise Gleitabschl\u00fcssen. Dadurch gleichen sie Dehnungen bis drei Millimeter auf jeder Seite aus.<\/p>\n<p><strong>Universelle Profi-Systeme <\/strong><\/p>\n<p>Durch die allseitige Schwei\u00dfverbindung ist StoFentra Profi wasserdicht. Aufgrund der puristischen Optik ist die Fensterbank nahezu \u00fcberall einsetzbar und ordnet sich der Architektur unter. Es gibt sie in vielen Farbt\u00f6nen und Sonderformen, zum Beispiel mit Regenrinne, Aufkantungen und Ausklinkungen. Die Montage im WDVS erfolgt vor dem Verkleben der D\u00e4mmplatten. Zum Lieferumfang der auf Ma\u00df vorkonfektionierten Fensterb\u00e4nke geh\u00f6ren die Bordprofile (mit integrierten Dehnungskedern), Fensterbankhalter und Schrauben. Optional ist ein Antidr\u00f6hnbelag zur Ger\u00e4uschminderung erh\u00e4ltlich.<\/p>\n<p>StoFentra Uni besteht aus drei Teilen: Den beiden Bordprofilen und dem Fensterbankprofil. Bei der Montage werden die seitlichen Profile einfach aufgesteckt und stellen den schlagregendichten Anschluss an das D\u00e4mmsystem her. Auch diese Bordprofile besitzen einen Dehnungskeder, der die L\u00e4ngen\u00e4nderungen der Fensterbank kompensiert. Diese Standardware ist besonders schnell lieferbar.<\/p>\n<p><strong>Nachtr\u00e4glicher Einbau: Mit zweiter Dichtebene<\/strong><\/p>\n<p>Steht ein nachtr\u00e4glicher Einbau einer Fensterbank an, erh\u00e4lt die Br\u00fcstung in der Regel eine zweite Dichtebene. Die passende Fensterbank dazu hei\u00dft StoFentra Duo. Sie besteht aus einem Fensterbankprofil mit zus\u00e4tzlichen Gleitabschl\u00fcssen. Die L\u00e4nge des Fensterbankprofils wird so berechnet, dass es sich zwischen den Gleitabschl\u00fcssen bewegen kann. Daf\u00fcr werden die Abschl\u00fcsse zun\u00e4chst am Fensterrahmen fixiert, dann das Fensterbank- und schlie\u00dflich die seitlichen Abdeckprofile montiert. Damit eignet sich das System auch f\u00fcr die \u201eKalte Sanierung\u201c, bei der lediglich der Putz- beziehungsweise der Anstrich saniert wird \u2013 immer in Verbindung mit einer zweiten Dichtebene.<\/p>\n<hr noshade=\"noshade\" size=\"1\" \/>\n<p>&nbsp;<\/p>\n<p><strong>Sonderformate geh\u00f6ren zum Gesch\u00e4ft<\/strong><\/p>\n<p>Lukas Heise, Gesch\u00e4ftsf\u00fchrer der K. Fischbach GmbH in Gelsenkirchen, realisierte vor Kurzem ein Gro\u00dfprojekt mit StoFentra \u2013 die Herausforderungen: Sonderformate, Sonderausladungen und Eloxierungen im Sonderfarbton.<\/p>\n<p><em>Welche Kriterien m\u00fcssen WDVS-Fensterb\u00e4nke erf\u00fcllen?<\/em><br \/>\nSie m\u00fcssen ma\u00dfgenau, wasserdicht, formstabil und gut zu montieren sein \u2013 und einen angemessenen Preis haben.<\/p>\n<p><em>Wie bewerten Sie StoFentra?<\/em><br \/>\nDiese Fensterb\u00e4nke erf\u00fcllen oder \u00fcbertreffen die genannten Kriterien sogar \u2013 bei einwandfreiem Einbau.<\/p>\n<p><em>Welchen Aspekt sch\u00e4tzen Sie besonders?<\/em><br \/>\nDer elastische Dehnungskeder ist ein deutliches Qualit\u00e4tszeichen.<\/p>\n<p><em>Wie lief das Gro\u00dfprojekt in Breukesbach?<\/em><br \/>\nWir mussten dort mit Sonderformaten, Sonderausladungen und Eloxierungen im Sonderfarbton arbeiten. Das stellte uns anf\u00e4nglich vor einige Herausforderungen, die wir gemeinsam mit dem Lieferanten gemeistert haben.<\/p>\n<p><em>Welche Rolle spielen Sonderanfertigungen?<\/em><br \/>\nSie sind sehr wichtig. Es gibt an Baustellen immer wieder Besonderheiten, die bestm\u00f6glich bew\u00e4ltigt werden m\u00fcssen. Hier ist dann schnelle Unterst\u00fctzung gefordert. Dabei zeigt sich, ob man sich auf seinen Partner verlassen kann oder nicht.<\/p>\n<hr noshade=\"noshade\" size=\"1\" \/>\n<table border=\"0\" width=\"520\" cellspacing=\"0\" cellpadding=\"0\">\n<tbody>\n<tr>\n<td valign=\"top\" width=\"370\" height=\"25\"><a href=\"http:\/\/www.pr-neu.de\/newsroom\/wordpress\/wp-content\/uploads\/2015\/02\/14-49-StoFentra_G.jpg\"><img loading=\"lazy\" decoding=\"async\" class=\"size-medium wp-image-12787\" src=\"http:\/\/www.pr-neu.de\/newsroom\/wordpress\/wp-content\/uploads\/2015\/02\/14-49-StoFentra_G-300x201.jpg\" alt=\"\" width=\"300\" height=\"201\" srcset=\"https:\/\/www.pr-neu.de\/newsroom\/wordpress\/wp-content\/uploads\/2015\/02\/14-49-StoFentra_G-300x201.jpg 300w, https:\/\/www.pr-neu.de\/newsroom\/wordpress\/wp-content\/uploads\/2015\/02\/14-49-StoFentra_G-1024x687.jpg 1024w, https:\/\/www.pr-neu.de\/newsroom\/wordpress\/wp-content\/uploads\/2015\/02\/14-49-StoFentra_G-768x516.jpg 768w, https:\/\/www.pr-neu.de\/newsroom\/wordpress\/wp-content\/uploads\/2015\/02\/14-49-StoFentra_G-1536x1031.jpg 1536w, https:\/\/www.pr-neu.de\/newsroom\/wordpress\/wp-content\/uploads\/2015\/02\/14-49-StoFentra_G-110x74.jpg 110w, https:\/\/www.pr-neu.de\/newsroom\/wordpress\/wp-content\/uploads\/2015\/02\/14-49-StoFentra_G-420x282.jpg 420w, https:\/\/www.pr-neu.de\/newsroom\/wordpress\/wp-content\/uploads\/2015\/02\/14-49-StoFentra_G-641x430.jpg 641w, https:\/\/www.pr-neu.de\/newsroom\/wordpress\/wp-content\/uploads\/2015\/02\/14-49-StoFentra_G.jpg 1795w\" sizes=\"auto, (max-width: 300px) 100vw, 300px\" \/><\/a><\/p>\n<p>&nbsp;<\/td>\n<td colspan=\"3\" height=\"21\">Wasserdicht und flexibel: Speziell auf W\u00e4rmed\u00e4mm-Verbundsysteme abgestimmte Fensterb\u00e4nke wie die Serie StoFentra helfen, Sch\u00e4den durch Feuchtigkeit vorzubeugen.<\/p>\n<p>Bild: Sto SE &amp; Co. KGaA<\/p>\n<p>&nbsp;<\/td>\n<\/tr>\n<tr>\n<td valign=\"top\" width=\"370\" height=\"25\"><a href=\"http:\/\/www.pr-neu.de\/newsroom\/wordpress\/wp-content\/uploads\/2015\/02\/14-49-heise_G.jpg\"><img loading=\"lazy\" decoding=\"async\" class=\"aligncenter size-medium wp-image-12788\" src=\"http:\/\/www.pr-neu.de\/newsroom\/wordpress\/wp-content\/uploads\/2015\/02\/14-49-heise_G-225x300.jpg\" alt=\"\" width=\"225\" height=\"300\" srcset=\"https:\/\/www.pr-neu.de\/newsroom\/wordpress\/wp-content\/uploads\/2015\/02\/14-49-heise_G-225x300.jpg 225w, https:\/\/www.pr-neu.de\/newsroom\/wordpress\/wp-content\/uploads\/2015\/02\/14-49-heise_G-83x110.jpg 83w, https:\/\/www.pr-neu.de\/newsroom\/wordpress\/wp-content\/uploads\/2015\/02\/14-49-heise_G-315x420.jpg 315w, https:\/\/www.pr-neu.de\/newsroom\/wordpress\/wp-content\/uploads\/2015\/02\/14-49-heise_G-323x430.jpg 323w, https:\/\/www.pr-neu.de\/newsroom\/wordpress\/wp-content\/uploads\/2015\/02\/14-49-heise_G.jpg 480w\" sizes=\"auto, (max-width: 225px) 100vw, 225px\" \/><\/a><\/p>\n<p>&nbsp;<\/td>\n<td colspan=\"3\" height=\"21\">Bauunternehmer Lukas Heise aus Gelsenkirchen: \u201eSonderanfertigungen sind sehr wichtig. Es gibt an Baustellen immer wieder Besonderheiten, die bestm\u00f6glich bew\u00e4ltigt werden m\u00fcssen.\u201c<\/p>\n<p>Bild: Sto SE &amp; Co. KGaA<\/p>\n<p>&nbsp;<\/td>\n<\/tr>\n<\/tbody>\n<\/table>\n<hr noshade=\"noshade\" size=\"1\" \/>\n<p>Abdruck honorarfrei, Belegexemplar erbeten<\/p>\n<p>&nbsp;<\/td>\n<\/tr>\n<tr>\n<td><\/td>\n<\/tr>\n<\/tbody>\n<\/table>\n","protected":false},"excerpt":{"rendered":"<p>StoFentra Fensterb\u00e4nke: Sicher auch bei deutlichen Temperaturschwankungen Von wegen wetterf\u00fchlig Damit Fensterb\u00e4nke aus Metall zu ged\u00e4mmten Fassaden passen, m\u00fcssen sie so eingebunden sein, dass ihre thermisch bedingten L\u00e4ngen\u00e4nderungen zuverl\u00e4ssig aufgefangen werden. Speziell f\u00fcr den Einsatz im W\u00e4rmed\u00e4mm-Verbundsystem wurde die Fensterbank-Serie StoFentra entwickelt. Die Varianten Profi, Uni und Duo sind wasserdicht und bleiben auch bei starken [&hellip;]<\/p>\n","protected":false},"author":6,"featured_media":0,"comment_status":"closed","ping_status":"open","sticky":false,"template":"","format":"standard","meta":{"footnotes":""},"categories":[3,15],"tags":[],"class_list":["post-3233","post","type-post","status-publish","format-standard","hentry","category-kundenmeldungen","category-sto"],"_links":{"self":[{"href":"https:\/\/www.pr-neu.de\/newsroom\/wp-json\/wp\/v2\/posts\/3233","targetHints":{"allow":["GET"]}}],"collection":[{"href":"https:\/\/www.pr-neu.de\/newsroom\/wp-json\/wp\/v2\/posts"}],"about":[{"href":"https:\/\/www.pr-neu.de\/newsroom\/wp-json\/wp\/v2\/types\/post"}],"author":[{"embeddable":true,"href":"https:\/\/www.pr-neu.de\/newsroom\/wp-json\/wp\/v2\/users\/6"}],"replies":[{"embeddable":true,"href":"https:\/\/www.pr-neu.de\/newsroom\/wp-json\/wp\/v2\/comments?post=3233"}],"version-history":[{"count":4,"href":"https:\/\/www.pr-neu.de\/newsroom\/wp-json\/wp\/v2\/posts\/3233\/revisions"}],"predecessor-version":[{"id":12790,"href":"https:\/\/www.pr-neu.de\/newsroom\/wp-json\/wp\/v2\/posts\/3233\/revisions\/12790"}],"wp:attachment":[{"href":"https:\/\/www.pr-neu.de\/newsroom\/wp-json\/wp\/v2\/media?parent=3233"}],"wp:term":[{"taxonomy":"category","embeddable":true,"href":"https:\/\/www.pr-neu.de\/newsroom\/wp-json\/wp\/v2\/categories?post=3233"},{"taxonomy":"post_tag","embeddable":true,"href":"https:\/\/www.pr-neu.de\/newsroom\/wp-json\/wp\/v2\/tags?post=3233"}],"curies":[{"name":"wp","href":"https:\/\/api.w.org\/{rel}","templated":true}]}}