{"id":323,"date":"2010-11-01T14:15:34","date_gmt":"2010-11-01T13:15:34","guid":{"rendered":"http:\/\/www.pr-nord.de\/newsroom\/?p=323"},"modified":"2020-05-28T16:20:37","modified_gmt":"2020-05-28T14:20:37","slug":"industrietore-fur-jeden-bedarf","status":"publish","type":"post","link":"https:\/\/www.pr-neu.de\/newsroom\/industrietore-fur-jeden-bedarf\/","title":{"rendered":"Industrietore f\u00fcr jeden Bedarf"},"content":{"rendered":"<p>Teckentrup komplettiert mit neuen Produkttypen das Angebot an Industrietoren und erweitert durch neue Zulassungen das Einsatzspektrum beispielsweise im Feuerschutz. \u201eVom Rollgitter bis zum Multifunktionstor liefern wir f\u00fcr jeden Einsatzzweck das passende Element\u201c, sagt Teckentrup-Gesch\u00e4ftsf\u00fchrer Meinolf Funkenmeier. Auch f\u00fcr komplexe Bauvorhaben mit unterschiedlichen Anforderungen umfasst die Produktpalette L\u00f6sungen aus einer Hand.<\/p>\n","protected":false},"excerpt":{"rendered":"<p>Teckentrup komplettiert mit neuen Produkttypen das Angebot an Industrietoren und erweitert durch neue Zulassungen das Einsatzspektrum beispielsweise im Feuerschutz. \u201eVom Rollgitter bis zum Multifunktionstor liefern wir f\u00fcr jeden Einsatzzweck das passende Element\u201c, sagt Teckentrup-Gesch\u00e4ftsf\u00fchrer Meinolf Funkenmeier. Auch f\u00fcr komplexe Bauvorhaben mit unterschiedlichen Anforderungen umfasst die Produktpalette L\u00f6sungen aus einer Hand.<\/p>\n","protected":false},"author":6,"featured_media":0,"comment_status":"closed","ping_status":"open","sticky":false,"template":"","format":"standard","meta":{"footnotes":""},"categories":[3,18],"tags":[199,278,565,577,589,590],"class_list":["post-323","post","type-post","status-publish","format-standard","hentry","category-kundenmeldungen","category-teckentrup","tag-feuerschutz","tag-industrietor","tag-teckentrup","tag-tor","tag-tur","tag-tur-tor"],"_links":{"self":[{"href":"https:\/\/www.pr-neu.de\/newsroom\/wp-json\/wp\/v2\/posts\/323","targetHints":{"allow":["GET"]}}],"collection":[{"href":"https:\/\/www.pr-neu.de\/newsroom\/wp-json\/wp\/v2\/posts"}],"about":[{"href":"https:\/\/www.pr-neu.de\/newsroom\/wp-json\/wp\/v2\/types\/post"}],"author":[{"embeddable":true,"href":"https:\/\/www.pr-neu.de\/newsroom\/wp-json\/wp\/v2\/users\/6"}],"replies":[{"embeddable":true,"href":"https:\/\/www.pr-neu.de\/newsroom\/wp-json\/wp\/v2\/comments?post=323"}],"version-history":[{"count":3,"href":"https:\/\/www.pr-neu.de\/newsroom\/wp-json\/wp\/v2\/posts\/323\/revisions"}],"predecessor-version":[{"id":13053,"href":"https:\/\/www.pr-neu.de\/newsroom\/wp-json\/wp\/v2\/posts\/323\/revisions\/13053"}],"wp:attachment":[{"href":"https:\/\/www.pr-neu.de\/newsroom\/wp-json\/wp\/v2\/media?parent=323"}],"wp:term":[{"taxonomy":"category","embeddable":true,"href":"https:\/\/www.pr-neu.de\/newsroom\/wp-json\/wp\/v2\/categories?post=323"},{"taxonomy":"post_tag","embeddable":true,"href":"https:\/\/www.pr-neu.de\/newsroom\/wp-json\/wp\/v2\/tags?post=323"}],"curies":[{"name":"wp","href":"https:\/\/api.w.org\/{rel}","templated":true}]}}