{"id":3218,"date":"2015-01-28T15:25:29","date_gmt":"2015-01-28T15:25:29","guid":{"rendered":"http:\/\/www.pr-nord.de\/newsroom\/?p=3218"},"modified":"2020-05-28T15:28:01","modified_gmt":"2020-05-28T13:28:01","slug":"teckentrup-eroeffnet-niederlassung-in-grossbritannien","status":"publish","type":"post","link":"https:\/\/www.pr-neu.de\/newsroom\/teckentrup-eroeffnet-niederlassung-in-grossbritannien\/","title":{"rendered":"Teckentrup er\u00f6ffnet Niederlassung in Gro\u00dfbritannien"},"content":{"rendered":"<table border=\"0\" width=\"520\" cellspacing=\"0\" cellpadding=\"0\">\n<tbody>\n<tr>\n<td><strong>Teckentrup er\u00f6ffnet<br \/>\nNiederlassung in Gro\u00dfbritannien<\/strong>Seit diesem Jahr ist Teckentrup (Verl) mit einer Niederlassung in Gro\u00dfbritannien vertreten: In Warrington (bei Manchester) hat der T\u00fcren- und Torhersteller seinen elfte internationalen Standort gegr\u00fcndet. Das neunk\u00f6pfige Team um Niederlassungsleiter Jim Rodger betreut alle Anfragen sowie den Verkauf von CarTeck Garagentoren, Industrietoren und T\u00fcren. \u201eMit unseren englischen Kollegen sind wir jetzt n\u00e4her am Markt im UK \u2013 so bauen wir unsere Position im europ\u00e4ischen Wettbewerb weiter aus\u201c, sagt Teckentrup-Gesch\u00e4ftsf\u00fchrer Kai Teckentrup. Weitere Informationen: <a href=\"http:\/\/www.teckentrup.co.uk\">www.teckentrup.co.uk<\/a>.<\/p>\n<hr noshade=\"noshade\" size=\"1\" \/>\n<p>Abdruck honorarfrei, Belegexemplar erbeten<\/p>\n<p>R\u00fcckfragen beantwortet gern:<\/p>\n<p><strong>Teckentrup<\/strong> GmbH &amp; Co. KG<br \/>\nThomas Moldrickx<br \/>\nTel.: 05246 \/ 5 04-350 \/ Fax: -173<br \/>\nE-Mail: <a href=\"m&#97;&#105;&#108;&#x74;&#x6f;&#x3a;th&#111;&#109;&#x61;&#x73;&#x2e;&#x6d;ol&#100;&#114;&#x69;&#x63;&#x6b;&#x78;&#64;&#116;&#101;&#99;&#x6b;&#x65;&#x6e;tr&#117;&#112;&#46;&#x62;&#x69;&#x7a;\">&#116;&#x68;o&#x6d;&#x61;&#115;&#x2e;m&#111;&#x6c;&#100;&#x72;i&#99;&#x6b;x&#x40;t&#101;&#x63;k&#x65;&#x6e;&#116;&#x72;u&#112;&#x2e;&#98;&#x69;z<\/a><\/td>\n<\/tr>\n<\/tbody>\n<\/table>\n<table border=\"0\" width=\"500\">\n<tbody>\n<tr>\n<td><!-- AddThis Button BEGIN --><\/td>\n<\/tr>\n<\/tbody>\n<\/table>\n","protected":false},"excerpt":{"rendered":"<p>Teckentrup er\u00f6ffnet Niederlassung in Gro\u00dfbritannienSeit diesem Jahr ist Teckentrup (Verl) mit einer Niederlassung in Gro\u00dfbritannien vertreten: In Warrington (bei Manchester) hat der T\u00fcren- und Torhersteller seinen elfte internationalen Standort gegr\u00fcndet. Das neunk\u00f6pfige Team um Niederlassungsleiter Jim Rodger betreut alle Anfragen sowie den Verkauf von CarTeck Garagentoren, Industrietoren und T\u00fcren. \u201eMit unseren englischen Kollegen sind wir [&hellip;]<\/p>\n","protected":false},"author":6,"featured_media":0,"comment_status":"closed","ping_status":"open","sticky":false,"template":"","format":"standard","meta":{"footnotes":""},"categories":[3,18],"tags":[],"class_list":["post-3218","post","type-post","status-publish","format-standard","hentry","category-kundenmeldungen","category-teckentrup"],"_links":{"self":[{"href":"https:\/\/www.pr-neu.de\/newsroom\/wp-json\/wp\/v2\/posts\/3218","targetHints":{"allow":["GET"]}}],"collection":[{"href":"https:\/\/www.pr-neu.de\/newsroom\/wp-json\/wp\/v2\/posts"}],"about":[{"href":"https:\/\/www.pr-neu.de\/newsroom\/wp-json\/wp\/v2\/types\/post"}],"author":[{"embeddable":true,"href":"https:\/\/www.pr-neu.de\/newsroom\/wp-json\/wp\/v2\/users\/6"}],"replies":[{"embeddable":true,"href":"https:\/\/www.pr-neu.de\/newsroom\/wp-json\/wp\/v2\/comments?post=3218"}],"version-history":[{"count":3,"href":"https:\/\/www.pr-neu.de\/newsroom\/wp-json\/wp\/v2\/posts\/3218\/revisions"}],"predecessor-version":[{"id":12803,"href":"https:\/\/www.pr-neu.de\/newsroom\/wp-json\/wp\/v2\/posts\/3218\/revisions\/12803"}],"wp:attachment":[{"href":"https:\/\/www.pr-neu.de\/newsroom\/wp-json\/wp\/v2\/media?parent=3218"}],"wp:term":[{"taxonomy":"category","embeddable":true,"href":"https:\/\/www.pr-neu.de\/newsroom\/wp-json\/wp\/v2\/categories?post=3218"},{"taxonomy":"post_tag","embeddable":true,"href":"https:\/\/www.pr-neu.de\/newsroom\/wp-json\/wp\/v2\/tags?post=3218"}],"curies":[{"name":"wp","href":"https:\/\/api.w.org\/{rel}","templated":true}]}}